{"id":164099,"date":"2022-11-28T11:59:44","date_gmt":"2022-11-28T08:59:44","guid":{"rendered":"https:\/\/www.enerjigazetesi.ist\/?p=164099"},"modified":"2022-11-28T11:59:44","modified_gmt":"2022-11-28T08:59:44","slug":"yedasa-mukemmellikte-5-yildiz-odulu","status":"publish","type":"post","link":"https:\/\/www.enerjigazetesi.ist\/en\/yedasa-mukemmellikte-5-yildiz-odulu\/","title":{"rendered":"(Turkish) YEDA\u015e\u2019a M\u00fckemmellikte 5 Y\u0131ld\u0131z \u00d6d\u00fcl\u00fc"},"content":{"rendered":"<p class=\"qtranxs-available-languages-message qtranxs-available-languages-message-en\">Sorry, this entry is only available in <a href=\"https:\/\/www.enerjigazetesi.ist\/tr\/wp-json\/wp\/v2\/posts\/164099\" class=\"qtranxs-available-language-link qtranxs-available-language-link-tr\" title=\"Turkish\">Turkish<\/a>. For the sake of viewer convenience, the content is shown below in the alternative language. You may click the link to switch the active language.<\/p><p><\/p>\n<h2>Kalite yolculu\u011funda m\u00fckemmelli\u011fi hedefleyen Ye\u015fil\u0131rmak Elektrik Da\u011f\u0131t\u0131m A.\u015e. (YEDA\u015e), Avrupa Kalite Y\u00f6netim Vakf\u0131 (EFQM)\u00a0 M\u00fckemmellikte Yetkinlik 5 Y\u0131ld\u0131z \u00f6d\u00fcl\u00fcn\u00fc alarak b\u00fcy\u00fck bir ba\u015far\u0131ya daha imza atm\u0131\u015f oldu.<\/h2>\n<p><em>Samsun, Ordu, \u00c7orum, Amasya ve Sinop illerinin<\/em> elektrik Da\u011f\u0131t\u0131m i\u015fini \u00fcstlenen <strong>YEDA\u015e<\/strong>, hedef olarak belirledi\u011fi<strong> \u201cEFQM Avrupa Kalite \u00d6d\u00fcll\u00fc Da\u011f\u0131t\u0131m \u015eirketi\u201d<\/strong> olma yolunda adeta ba\u015far\u0131ya doymuyor. <strong>Kurumsal Sosyal Sorumluluk projeleri<\/strong> ve<strong> kaliteli hizmet anlay\u0131\u015f\u0131yla<\/strong> ile bir\u00e7ok \u00f6d\u00fcle lay\u0131k <img loading=\"lazy\" class=\"alignright wp-image-164102\" src=\"https:\/\/www.enerjigazetesi.ist\/wp-content\/uploads\/2022\/11\/EFQM-haber-1.jpg\" alt=\"\" width=\"320\" height=\"216\" srcset=\"https:\/\/www.enerjigazetesi.ist\/wp-content\/uploads\/2022\/11\/EFQM-haber-1.jpg 550w, https:\/\/www.enerjigazetesi.ist\/wp-content\/uploads\/2022\/11\/EFQM-haber-1-300x203.jpg 300w, https:\/\/www.enerjigazetesi.ist\/wp-content\/uploads\/2022\/11\/EFQM-haber-1-500x338.jpg 500w, https:\/\/www.enerjigazetesi.ist\/wp-content\/uploads\/2022\/11\/EFQM-haber-1-74x50.jpg 74w\" sizes=\"(max-width: 320px) 100vw, 320px\" \/>g\u00f6r\u00fclen YEDA\u015e&#8217;a, T\u00fcrkiye&#8217;nin dev \u015firketlerinin \u00fcyesi oldu\u011fu <strong>Kalite Derne\u011fi&#8217;nce de (KalDer) &#8220;M\u00fckemmellikte Yetkinlik 5 Y\u0131ld\u0131z \u00f6d\u00fcl\u00fc\u201d<\/strong> verildi.<\/p>\n<p>T\u00fcrkiye Kalite Derne\u011fi KalDer ile T\u00fcrk Sanayici ve \u0130\u015fadamlar\u0131 Derne\u011fi T\u00dcS\u0130AD taraf\u0131ndan<strong> \u201cRiskin \u00d6tesi: Bilim, Sekt\u00f6r ve Toplumda Adalet.\u201d<\/strong> temas\u0131yla d\u00fczenlenen <strong>31. Kalite Kongresi Belge ve \u00d6d\u00fcl t\u00f6reni<\/strong>, Kocaeli Kongre Merkezi&#8217;nde ger\u00e7ekle\u015ftirildi. \u015eirketin kurulu\u015fundan itibaren kaliteli hizmet yolculu\u011funu ba\u015flatan ve <strong>KalDer<\/strong>&#8216;e \u00fcye olan YEDA\u015e&#8217;\u0131n adeta gurur gecesine d\u00f6nd\u00fc. YEDA\u015e, KaLDeR taraf\u0131ndan yap\u0131lan de\u011ferlendirmeler sonucunda 5 y\u0131ld\u0131zl\u0131 \u201cM\u00fckemmellikte Yetkinlik \u00d6d\u00fcl\u00fcne\u201dne lay\u0131k g\u00f6r\u00fcld\u00fc. \u00d6d\u00fcl\u00fc YEDA\u015e ad\u0131na Genel M\u00fcd\u00fcr Hasan Yasir Bora ald\u0131.<\/p>\n<p>M\u00fckemmellik modelini kurumsal s\u00fcre\u00e7lerin iyile\u015ftirilmesi ve geli\u015ftirilmesi i\u00e7in stratejik y\u00f6netim bi\u00e7imi olarak uygulamaya devam eden YEDA\u015e, <strong>Mart 2022<\/strong>\u2019de T\u00fcrkiye M\u00fckemmellikte yetkinlik belgesi almak i\u00e7in KalDer\u2019e ba\u015fvuruda bulundu. <strong>Haziran 2022<\/strong>\u2019de ba\u015fvuru dok\u00fcmanlar\u0131n\u0131 g\u00f6nderen YEDA\u015e, Eyl\u00fcl 2022 tarihinde <strong>KalDer ba\u011f\u0131ms\u0131z denet\u00e7ileri<\/strong> taraf\u0131ndan yap\u0131lan d\u0131\u015f de\u011ferlendirmeler sonucunda alm\u0131\u015f oldu\u011fu y\u00fcksek puan ile \u00f6d\u00fcl finalisti olan YEDA\u015e, <strong>\u201cM\u00fckemmellikte Yetkinlik 5 Y\u0131ld\u0131z \u00f6d\u00fcl\u00fc\u201d<\/strong> almaya hak kazand\u0131.<\/p>\n<h3>HEDEFLER\u0130M\u0130Z\u0130 Z\u0130RVE OLARAK BEL\u0130RLED\u0130K<\/h3>\n<p>Elektrik da\u011f\u0131t\u0131m sekt\u00f6r\u00fcnde Avrupa\u2019da \u00f6rnek bir \u015firket olmay\u0131 hedeflediklerini dile getiren YEDA\u015e Genel M\u00fcd\u00fcr\u00fc Hasan <strong>Yasir Bora<\/strong>, \u00f6d\u00fcl\u00fcn t\u00fcm payda\u015flar a\u00e7\u0131s\u0131ndan \u00f6nemli oldu\u011funu belirterek, <em>&#8221;\u015eirketimizin \u00f6zelle\u015fmesinin ard\u0131ndan ge\u00e7en s\u00fcre i\u00e7erisinde, b\u00f6lge insan\u0131na ve b\u00f6lgedeki de\u011ferlere inanarak, arkada\u015flar\u0131m\u0131zla birlikte \u00e7ok \u00f6nemli ve s\u00fcratli vizyoner ve misyoner bir bak\u0131\u015f a\u00e7\u0131s\u0131yla yolumuzda h\u0131zla ilerliyoruz.<strong> \u2018EFQM Avrupa Kalite \u00d6d\u00fcll\u00fc Da\u011f\u0131t\u0131m \u015eirketi\u2019<\/strong> olma hedefi do\u011frultusunda i\u00e7selle\u015ftirerek yapt\u0131\u011f\u0131m\u0131z t\u00fcm ba\u015far\u0131l\u0131 \u00e7al\u0131\u015fmalar b\u00fcy\u00fck \u00f6zveriyle \u00e7al\u0131\u015fan ekibimiz ile ger\u00e7ekle\u015ftirilmi\u015ftir. Daha \u00f6nce imzalad\u0131\u011f\u0131m\u0131z <strong>&#8216;Ulusal Kalite Hareketi \u0130yi Niyet Bildirgesi&#8217; ile EFQM M\u00fckemmellik Modeli<\/strong>\u2019ni uygulamaya ba\u015flad\u0131k. Aradan ge\u00e7en zamanda, bu modelin gereklerini ger\u00e7ekten<strong> me\u015fakkatli<\/strong> ve<strong> zorlu bir \u00e7al\u0131\u015fma<\/strong> sonucunda hayata ge\u00e7irmeyi ba\u015fard\u0131k. YEDA\u015e\u2019\u0131n t\u00fcm \u00e7al\u0131\u015fanlar\u0131, bu s\u00fcre\u00e7te her t\u00fcrl\u00fc takdirin \u00fczerinde bir \u00f6zveri g\u00f6sterdi. T\u00fcm tak\u0131m arkada\u015flar\u0131m\u0131 y\u00fcrekten kutluyorum. Elde etmi\u015f oldu\u011fumuz bu ba\u015far\u0131lar\u0131n s\u00fcrd\u00fcr\u00fclebilir bir \u015fekilde daha da ileriye g\u00f6t\u00fcr\u00fclmesi \u015firketimiz i\u00e7in b\u00fcy\u00fck \u00f6nem ta\u015f\u0131maktad\u0131r. Bundan sonraki s\u00fcre\u00e7te de <strong>EFQM M\u00fckemmellik Modelini<\/strong> uygulayarak i\u015f s\u00fcre\u00e7lerini ve kurumsal y\u00f6netimlerini geli\u015ftirmeye devam edeceklerini belirterek Payda\u015f ve \u00e7al\u0131\u015fanlar\u0131m\u0131zla<strong> \u00e7evreye<\/strong> ve<strong> do\u011faya<\/strong> de\u011fer katt\u0131\u011f\u0131m\u0131z iyi uygulamalar\u0131m\u0131zla sekt\u00f6re ulusal kalite konusunda \u00f6nc\u00fcl\u00fck etmekten b\u00fcy\u00fck gurur duyuyoruz&#8221;<\/em> dedi.<\/p>","protected":false},"excerpt":{"rendered":"<p>Sorry, this entry is only available in Turkish. For the sake of viewer convenience, the content is shown below in the alternative language. You may click the link to switch the active language. Kalite yolculu\u011funda m\u00fckemmelli\u011fi hedefleyen Ye\u015fil\u0131rmak Elektrik Da\u011f\u0131t\u0131m A.\u015e. (YEDA\u015e), Avrupa Kalite Y\u00f6netim Vakf\u0131 (EFQM)\u00a0 M\u00fckemmellikte Yetkinlik 5 Y\u0131ld\u0131z \u00f6d\u00fcl\u00fcn\u00fc alarak b\u00fcy\u00fck bir [&hellip;]<\/p>\n","protected":false},"author":1,"featured_media":164101,"comment_status":"open","ping_status":"open","sticky":false,"template":"","format":"standard","meta":[],"categories":[51,53],"tags":[26353,6603,37643,72107],"views":46,"_links":{"self":[{"href":"https:\/\/www.enerjigazetesi.ist\/en\/wp-json\/wp\/v2\/posts\/164099"}],"collection":[{"href":"https:\/\/www.enerjigazetesi.ist\/en\/wp-json\/wp\/v2\/posts"}],"about":[{"href":"https:\/\/www.enerjigazetesi.ist\/en\/wp-json\/wp\/v2\/types\/post"}],"author":[{"embeddable":true,"href":"https:\/\/www.enerjigazetesi.ist\/en\/wp-json\/wp\/v2\/users\/1"}],"replies":[{"embeddable":true,"href":"https:\/\/www.enerjigazetesi.ist\/en\/wp-json\/wp\/v2\/comments?post=164099"}],"version-history":[{"count":0,"href":"https:\/\/www.enerjigazetesi.ist\/en\/wp-json\/wp\/v2\/posts\/164099\/revisions"}],"wp:featuredmedia":[{"embeddable":true,"href":"https:\/\/www.enerjigazetesi.ist\/en\/wp-json\/wp\/v2\/media\/164101"}],"wp:attachment":[{"href":"https:\/\/www.enerjigazetesi.ist\/en\/wp-json\/wp\/v2\/media?parent=164099"}],"wp:term":[{"taxonomy":"category","embeddable":true,"href":"https:\/\/www.enerjigazetesi.ist\/en\/wp-json\/wp\/v2\/categories?post=164099"},{"taxonomy":"post_tag","embeddable":true,"href":"https:\/\/www.enerjigazetesi.ist\/en\/wp-json\/wp\/v2\/tags?post=164099"}],"curies":[{"name":"wp","href":"https:\/\/api.w.org\/{rel}","templated":true}]}}