{"id":164088,"date":"2022-11-28T10:59:18","date_gmt":"2022-11-28T07:59:18","guid":{"rendered":"https:\/\/www.enerjigazetesi.ist\/?p=164088"},"modified":"2022-11-28T10:59:18","modified_gmt":"2022-11-28T07:59:18","slug":"smart-gunes-teknolojileri-karbon-ayak-izini-sifirladi","status":"publish","type":"post","link":"https:\/\/www.enerjigazetesi.ist\/en\/smart-gunes-teknolojileri-karbon-ayak-izini-sifirladi\/","title":{"rendered":"(Turkish) &#8217;Smart G\u00fcne\u015f Teknolojileri&#8217; Karbon Ayak \u0130zini S\u0131f\u0131rlad\u0131"},"content":{"rendered":"<p class=\"qtranxs-available-languages-message qtranxs-available-languages-message-en\">Sorry, this entry is only available in <a href=\"https:\/\/www.enerjigazetesi.ist\/tr\/wp-json\/wp\/v2\/posts\/164088\" class=\"qtranxs-available-language-link qtranxs-available-language-link-tr\" title=\"Turkish\">Turkish<\/a>. For the sake of viewer convenience, the content is shown below in the alternative language. You may click the link to switch the active language.<\/p><p><\/p>\n<h2><strong>G\u00fcne\u015f enerjisi sekt\u00f6r\u00fcn\u00fcn geli\u015fimine \u00f6nc\u00fcl\u00fck eden Smart G\u00fcne\u015f Teknolojileri, 2021 ve 2022 y\u0131llar\u0131n\u0131n elektrik t\u00fcketiminden dolay\u0131 olu\u015fan karbon ayak izini s\u0131f\u0131rlad\u0131.<\/strong><\/h2>\n<p><em>International REC Standard Foundation taraf\u0131ndan geli\u015ftirilen bir sertifikasyon sistemi olan<\/em><strong> I-REC <img loading=\"lazy\" class=\"alignright wp-image-164090\" src=\"https:\/\/www.enerjigazetesi.ist\/wp-content\/uploads\/2022\/11\/smart-gunes-teknolojileri-karbon-ayak-izini-sifirladi-2.jpg\" alt=\"\" width=\"320\" height=\"269\" srcset=\"https:\/\/www.enerjigazetesi.ist\/wp-content\/uploads\/2022\/11\/smart-gunes-teknolojileri-karbon-ayak-izini-sifirladi-2.jpg 550w, https:\/\/www.enerjigazetesi.ist\/wp-content\/uploads\/2022\/11\/smart-gunes-teknolojileri-karbon-ayak-izini-sifirladi-2-300x252.jpg 300w, https:\/\/www.enerjigazetesi.ist\/wp-content\/uploads\/2022\/11\/smart-gunes-teknolojileri-karbon-ayak-izini-sifirladi-2-476x400.jpg 476w, https:\/\/www.enerjigazetesi.ist\/wp-content\/uploads\/2022\/11\/smart-gunes-teknolojileri-karbon-ayak-izini-sifirladi-2-60x50.jpg 60w, https:\/\/www.enerjigazetesi.ist\/wp-content\/uploads\/2022\/11\/smart-gunes-teknolojileri-karbon-ayak-izini-sifirladi-2-500x420.jpg 500w\" sizes=\"(max-width: 320px) 100vw, 320px\" \/>Sertifikas\u0131<\/strong>, \u00fcretilen enerjinin kayna\u011f\u0131n\u0131n ve \u00f6zniteli\u011finin izlenebilirli\u011fini sa\u011flayarak <strong>elektri\u011fin yenilenebilir enerji kaynaklar\u0131ndan \u00fcretildi\u011fini belgeliyor<\/strong>. Enerjinin g\u00fcne\u015ften \u00fcretiminin sa\u011flanmas\u0131, g\u00fcne\u015f enerjisinin geni\u015f kitleler taraf\u0131ndan bilinir ve kullan\u0131l\u0131r hale getirilmesi i\u00e7in \u00e7al\u0131\u015fmalar y\u00fcr\u00fcten <strong>Smart G\u00fcne\u015f Teknolojileri<\/strong>, \u00a0kurulu\u015fundan bu yana ye\u015fil dostu standartlar\u0131 hayata ge\u00e7irmeye devam ediyor. \u00a0Smart G\u00fcne\u015f Teknolojileri, 2021 ve 2022 y\u0131l\u0131na dair ald\u0131\u011f\u0131<strong> I-REC sertifikalar\u0131<\/strong> ile <strong>Gebze G\u00fcne\u015f Paneli \u00dcretim Tesisi<\/strong>\u2019nin ve<strong> Kavac\u0131k<\/strong>\u2019ta bulunan <strong>merkez ofisinin<\/strong> elektrik t\u00fcketiminden kaynakl\u0131 karbon ayak izini <strong>Tuzluca-1<\/strong> ve <strong>Tuzluca-2<\/strong> adl\u0131 g\u00fcne\u015f enerjisi santrallerinde <strong>\u00fcretilen temiz enerji<\/strong> ile s\u0131f\u0131rlad\u0131\u011f\u0131n\u0131 belgeledi.<\/p>\n<h3><strong>\u201cKarbon n\u00f6tr bir \u015firket olma yolunda emin ad\u0131mlarla ilerliyoruz\u201d<\/strong><\/h3>\n<p><em><strong>Smart G\u00fcne\u015f Teknolojileri Y\u00f6netim Kurulu Ba\u015fkan\u0131 Halil Demirda\u011f<\/strong><\/em>, konuyla ilgili \u015fu a\u00e7\u0131klamalarda bulundu:<em> \u201cDe\u011fer yaratma g\u00fcc\u00fcn\u00fcn merkezinde temiz enerjiyi tutan \u00a0bir \u015firket olarak, t\u00fcm operasyonlar\u0131m\u0131z\u0131 \u00a0s\u00fcrd\u00fcr\u00fclebilirlik alan\u0131ndaki sorumluluklar\u0131m\u0131z\u0131n bilinciyle \u015fekillendiriyoruz.\u00a0Bu anlay\u0131\u015fla Gebze\u2019de bulunan fabrikam\u0131z\u0131n ve Kavac\u0131k\u2019ta bulunan merkez ofisimizin karbon ayak izini I-REC sertifikas\u0131 alarak s\u0131f\u0131rlad\u0131k. Bu sayede hedef pazarlar\u0131m\u0131z olan<strong> ABD<\/strong> ve <strong>Avrupa \u00fclkelerinde<\/strong> iddiam\u0131z\u0131 b\u00fcy\u00fctt\u00fck. Bu \u00fclkeler geleneksel enerji \u00fcretim-t\u00fcketim anlay\u0131\u015f\u0131yla de\u011fil, <strong>daha az karbon \u00fcreten<\/strong> bir <strong>\u00fcretim-t\u00fcketim zinciri<\/strong> anlay\u0131\u015f\u0131yla al\u0131m karar\u0131 veriyorlar. <strong>D\u00fc\u015f\u00fck karbonlu bir ekonomi<\/strong> yaratabilmek i\u00e7in \u00fcretimden t\u00fcketime b\u00fct\u00fcn ya\u015famsal faaliyetler i\u00e7in gerekli enerjinin fosil yak\u0131tlardan de\u011fil de, daha <strong>temiz<\/strong> ve <strong>yenilenebilir kaynaklardan<\/strong> elde edilmesi \u00e7ok \u00f6nemli. Ge\u00e7ti\u011fimiz ay <strong>g\u00fcne\u015f enerjisi sekt\u00f6r\u00fcnde<\/strong> d\u00fc\u015f\u00fck karbonlu \u00fcretim yapmay\u0131 hedefleyen ve bu konuda fark\u0131ndal\u0131k yaratmak i\u00e7in \u00e7al\u0131\u015fan say\u0131l\u0131 global firman\u0131n yer ald\u0131\u011f\u0131<strong> Ultra Low-Carbon Solar Alliance<\/strong>\u2019a \u00fcye olmam\u0131z da bu alandaki \u00e7al\u0131\u015fmalar\u0131m\u0131z\u0131n bir sonucu olarak ger\u00e7ekle\u015fmi\u015fti. Varolu\u015f misyonumuz olan <strong>ye\u015fil bir gelecek<\/strong> hedefiyle, <strong>karbon n\u00f6tr<\/strong> bir \u015firket olma yolunda emin ad\u0131mlarla ilerliyoruz.\u201d<\/em><\/p>","protected":false},"excerpt":{"rendered":"<p>Sorry, this entry is only available in Turkish. For the sake of viewer convenience, the content is shown below in the alternative language. You may click the link to switch the active language. G\u00fcne\u015f enerjisi sekt\u00f6r\u00fcn\u00fcn geli\u015fimine \u00f6nc\u00fcl\u00fck eden Smart G\u00fcne\u015f Teknolojileri, 2021 ve 2022 y\u0131llar\u0131n\u0131n elektrik t\u00fcketiminden dolay\u0131 olu\u015fan karbon ayak izini s\u0131f\u0131rlad\u0131. International [&hellip;]<\/p>\n","protected":false},"author":1,"featured_media":164091,"comment_status":"open","ping_status":"open","sticky":false,"template":"","format":"standard","meta":[],"categories":[51,53,49],"tags":[106415,23131,84310,71392,1426,98348],"views":72,"_links":{"self":[{"href":"https:\/\/www.enerjigazetesi.ist\/en\/wp-json\/wp\/v2\/posts\/164088"}],"collection":[{"href":"https:\/\/www.enerjigazetesi.ist\/en\/wp-json\/wp\/v2\/posts"}],"about":[{"href":"https:\/\/www.enerjigazetesi.ist\/en\/wp-json\/wp\/v2\/types\/post"}],"author":[{"embeddable":true,"href":"https:\/\/www.enerjigazetesi.ist\/en\/wp-json\/wp\/v2\/users\/1"}],"replies":[{"embeddable":true,"href":"https:\/\/www.enerjigazetesi.ist\/en\/wp-json\/wp\/v2\/comments?post=164088"}],"version-history":[{"count":0,"href":"https:\/\/www.enerjigazetesi.ist\/en\/wp-json\/wp\/v2\/posts\/164088\/revisions"}],"wp:featuredmedia":[{"embeddable":true,"href":"https:\/\/www.enerjigazetesi.ist\/en\/wp-json\/wp\/v2\/media\/164091"}],"wp:attachment":[{"href":"https:\/\/www.enerjigazetesi.ist\/en\/wp-json\/wp\/v2\/media?parent=164088"}],"wp:term":[{"taxonomy":"category","embeddable":true,"href":"https:\/\/www.enerjigazetesi.ist\/en\/wp-json\/wp\/v2\/categories?post=164088"},{"taxonomy":"post_tag","embeddable":true,"href":"https:\/\/www.enerjigazetesi.ist\/en\/wp-json\/wp\/v2\/tags?post=164088"}],"curies":[{"name":"wp","href":"https:\/\/api.w.org\/{rel}","templated":true}]}}