{"id":164032,"date":"2022-11-27T15:34:19","date_gmt":"2022-11-27T12:34:19","guid":{"rendered":"https:\/\/www.enerjigazetesi.ist\/?p=164032"},"modified":"2022-11-27T15:36:12","modified_gmt":"2022-11-27T12:36:12","slug":"enerji-tasarrufunda-once-pasif-yalitim","status":"publish","type":"post","link":"https:\/\/www.enerjigazetesi.ist\/en\/enerji-tasarrufunda-once-pasif-yalitim\/","title":{"rendered":"Enerji Tasarrufunda \u00f6nce &#8216;pasif yal\u0131t\u0131m'"},"content":{"rendered":"<p class=\"qtranxs-available-languages-message qtranxs-available-languages-message-en\">Sorry, this entry is only available in <a href=\"https:\/\/www.enerjigazetesi.ist\/tr\/wp-json\/wp\/v2\/posts\/164032\" class=\"qtranxs-available-language-link qtranxs-available-language-link-tr\" title=\"Turkish\">Turkish<\/a>. For the sake of viewer convenience, the content is shown below in the alternative language. You may click the link to switch the active language.<\/p><p><\/p>\n<h2>Pandemi ve ba\u015fta Rusya-Ukrayna olmak \u00fczere b\u00f6lgesel \u00f6l\u00e7ekli sava\u015flar, enerjinin \u00f6nemini art\u0131r\u0131rken ya\u015fanan iklim krizi de \u00e7\u00f6z\u00fcm\u00fcn \u00e7evreci olmas\u0131n\u0131 zorunlu k\u0131larken enerjinin tasarrufu kapsam\u0131nda \u00f6nemli bir yeri olan cephe yal\u0131t\u0131m\u0131na y\u00f6nelik Prof. Dr. Mete Tapan a\u00e7\u0131klamalarda <img loading=\"lazy\" class=\"alignright wp-image-164038\" src=\"https:\/\/www.enerjigazetesi.ist\/wp-content\/uploads\/2022\/11\/2022-11-27_152943.jpg\" alt=\"\" width=\"300\" height=\"291\" srcset=\"https:\/\/www.enerjigazetesi.ist\/wp-content\/uploads\/2022\/11\/2022-11-27_152943.jpg 493w, https:\/\/www.enerjigazetesi.ist\/wp-content\/uploads\/2022\/11\/2022-11-27_152943-300x291.jpg 300w, https:\/\/www.enerjigazetesi.ist\/wp-content\/uploads\/2022\/11\/2022-11-27_152943-413x400.jpg 413w, https:\/\/www.enerjigazetesi.ist\/wp-content\/uploads\/2022\/11\/2022-11-27_152943-52x50.jpg 52w\" sizes=\"(max-width: 300px) 100vw, 300px\" \/>bulundu.<\/h2>\n<p>Yal\u0131t\u0131m\u0131n enerji tasarrufu konusundaki etkisinin ara\u015ft\u0131rma ve uygulamalarla kan\u0131tland\u0131\u011f\u0131n\u0131 belirten Tapan, cephelerde tasarruf konusunda <strong>pasif<\/strong> ve <strong>aktif<\/strong> olmak \u00fczere <strong>2 yakla\u015f\u0131m\u0131n<\/strong> oldu\u011funu belirtti. <strong>Pasif yakla\u015f\u0131m\u0131n<\/strong> \u00f6zel yal\u0131t\u0131m malzemesi ile de\u011fil, <strong>yap\u0131 cepheleri<\/strong>ndeki <strong>doluluk-bo\u015fluk oran\u0131n\u0131n<\/strong> do\u011fru saptanmas\u0131 ve yap\u0131n\u0131n arsa \u00fczerinde uygun ve do\u011fru y\u00f6nlendirilmesine ba\u011fl\u0131 oldu\u011funu s\u00f6yleyen Tapan, <strong>aktif yal\u0131t\u0131m\u0131n<\/strong> ise ta\u015f\u0131y\u0131c\u0131 veya ta\u015f\u0131t\u0131c\u0131 olmayan <strong>cephe konstr\u00fcksiyonlar\u0131na<\/strong> \u00f6zel<strong> yal\u0131t\u0131m malzemeleri<\/strong>nin kombine edilmesi ile yap\u0131ld\u0131\u011f\u0131n\u0131 s\u00f6yledi.<\/p>\n<h3>\u2018DO\u011eRU Y\u00d6N SAPTANMALI\u2019<\/h3>\n<p>\u201cCephelerin olu\u015fumuna do\u011fru y\u00f6n saptanmas\u0131yla ve y\u00f6renin <strong>iklim ko\u015fullar\u0131na uygun yap\u0131 malzemesi<\/strong> se\u00e7imiyle <strong>yaln\u0131z \u0131s\u0131nmada de\u011fil, ayn\u0131 zamanda serinlemede de<\/strong> enerji tasarrufu sa\u011flanabilir\u201d diyen Tapan, \u201cDolay\u0131s\u0131yla \u00f6nce<strong> pasif yal\u0131t\u0131m<\/strong> i\u00e7in \u00e7aba g\u00f6sterilmeli sonra <strong>aktif yal\u0131t\u0131mlara<\/strong> ba\u015fvurulmal\u0131d\u0131r\u201d ifadelerini kulland\u0131.<\/p>\n<p>Tapan, <strong>mantolama modeli<\/strong>nin de genelde olumlu sonu\u00e7 verdi\u011fine dikkat \u00e7ekti.<\/p>\n<p>Kaynak: <a href=\"https:\/\/www.cumhuriyet.com.tr\/turkiye\/enerji-tasarrufunda-once-pasif-yalitim-2006265\" target=\"_blank\" rel=\"noopener\">Cumhuriyet<\/a><\/p>","protected":false},"excerpt":{"rendered":"<p>Sorry, this entry is only available in Turkish. For the sake of viewer convenience, the content is shown below in the alternative language. You may click the link to switch the active language. Pandemi ve ba\u015fta Rusya-Ukrayna olmak \u00fczere b\u00f6lgesel \u00f6l\u00e7ekli sava\u015flar, enerjinin \u00f6nemini art\u0131r\u0131rken ya\u015fanan iklim krizi de \u00e7\u00f6z\u00fcm\u00fcn \u00e7evreci olmas\u0131n\u0131 zorunlu k\u0131larken enerjinin [&hellip;]<\/p>\n","protected":false},"author":1,"featured_media":164040,"comment_status":"open","ping_status":"open","sticky":false,"template":"","format":"standard","meta":[],"categories":[53,52],"tags":[53412,106404,106405,43365],"views":50,"_links":{"self":[{"href":"https:\/\/www.enerjigazetesi.ist\/en\/wp-json\/wp\/v2\/posts\/164032"}],"collection":[{"href":"https:\/\/www.enerjigazetesi.ist\/en\/wp-json\/wp\/v2\/posts"}],"about":[{"href":"https:\/\/www.enerjigazetesi.ist\/en\/wp-json\/wp\/v2\/types\/post"}],"author":[{"embeddable":true,"href":"https:\/\/www.enerjigazetesi.ist\/en\/wp-json\/wp\/v2\/users\/1"}],"replies":[{"embeddable":true,"href":"https:\/\/www.enerjigazetesi.ist\/en\/wp-json\/wp\/v2\/comments?post=164032"}],"version-history":[{"count":1,"href":"https:\/\/www.enerjigazetesi.ist\/en\/wp-json\/wp\/v2\/posts\/164032\/revisions"}],"predecessor-version":[{"id":164033,"href":"https:\/\/www.enerjigazetesi.ist\/en\/wp-json\/wp\/v2\/posts\/164032\/revisions\/164033"}],"wp:featuredmedia":[{"embeddable":true,"href":"https:\/\/www.enerjigazetesi.ist\/en\/wp-json\/wp\/v2\/media\/164040"}],"wp:attachment":[{"href":"https:\/\/www.enerjigazetesi.ist\/en\/wp-json\/wp\/v2\/media?parent=164032"}],"wp:term":[{"taxonomy":"category","embeddable":true,"href":"https:\/\/www.enerjigazetesi.ist\/en\/wp-json\/wp\/v2\/categories?post=164032"},{"taxonomy":"post_tag","embeddable":true,"href":"https:\/\/www.enerjigazetesi.ist\/en\/wp-json\/wp\/v2\/tags?post=164032"}],"curies":[{"name":"wp","href":"https:\/\/api.w.org\/{rel}","templated":true}]}}