{"id":163994,"date":"2022-11-26T17:43:59","date_gmt":"2022-11-26T14:43:59","guid":{"rendered":"https:\/\/www.enerjigazetesi.ist\/?p=163994"},"modified":"2022-11-26T17:43:59","modified_gmt":"2022-11-26T14:43:59","slug":"akkuyu-ngs-calisanlari-gelecege-nefes-etkinligi-kapsaminda-fidan-dikti","status":"publish","type":"post","link":"https:\/\/www.enerjigazetesi.ist\/en\/akkuyu-ngs-calisanlari-gelecege-nefes-etkinligi-kapsaminda-fidan-dikti\/","title":{"rendered":"(Turkish) Akkuyu NGS \u00c7al\u0131\u015fanlar\u0131 &#8216;Gelece\u011fe Nefes&#8217; Etkinli\u011fi Kapsam\u0131nda Fidan Dikti"},"content":{"rendered":"<p class=\"qtranxs-available-languages-message qtranxs-available-languages-message-en\">Sorry, this entry is only available in <a href=\"https:\/\/www.enerjigazetesi.ist\/tr\/wp-json\/wp\/v2\/posts\/163994\" class=\"qtranxs-available-language-link qtranxs-available-language-link-tr\" title=\"Turkish\">Turkish<\/a>. For the sake of viewer convenience, the content is shown below in the alternative language. You may click the link to switch the active language.<\/p><p><\/p>\n<h2>AKKUYU N\u00dcKLEER A.\u015e \u00e7al\u0131\u015fanlar\u0131 \u201cGelece\u011fe Nefes\u201d \u00e7evre kampanyas\u0131na kat\u0131larak Akkuyu N\u00fckleer G\u00fc\u00e7 Santrali (NGS) in\u015faat sahas\u0131 yak\u0131n\u0131ndaki Ayd\u0131nc\u0131k il\u00e7esinde ve Silifke Ye\u015filovac\u0131k\u2019ta \u00e7am fidanlar\u0131 dikti. Tar\u0131m ve Orman Bakanl\u0131\u011f\u0131 taraf\u0131ndan d\u00fczenlenen etkinlik, T\u00fcrkiye&#8217;nin t\u00fcm b\u00f6lgelerinde ger\u00e7ekle\u015ftirildi.<\/h2>\n<p>AKKUYU N\u00dcKLEER A.\u015e Genel M\u00fcd\u00fcr\u00fc <strong>Anastasia Zoteeva<\/strong> etkinlikle ilgili <span style=\"text-decoration: underline;\">\u015funlar\u0131 s\u00f6yledi:<\/span> <em>\u201c\u015eirketimizin ana ilkelerinden biri \u00e7evreyi korumakt\u0131r. Ge\u00e7en y\u0131l ve bu yaz, AKKUYU N\u00dcKLEER itfaiyecileri orman yang\u0131nlar\u0131n\u0131n s\u00f6nd\u00fcr\u00fclmesinde Mersin itfaiye ekibine destek verdi ve bug\u00fcn <img loading=\"lazy\" class=\"alignright wp-image-163996\" src=\"https:\/\/www.enerjigazetesi.ist\/wp-content\/uploads\/2022\/11\/1669456331_0005.jpg\" alt=\"\" width=\"320\" height=\"214\" srcset=\"https:\/\/www.enerjigazetesi.ist\/wp-content\/uploads\/2022\/11\/1669456331_0005.jpg 550w, https:\/\/www.enerjigazetesi.ist\/wp-content\/uploads\/2022\/11\/1669456331_0005-300x200.jpg 300w, https:\/\/www.enerjigazetesi.ist\/wp-content\/uploads\/2022\/11\/1669456331_0005-500x334.jpg 500w, https:\/\/www.enerjigazetesi.ist\/wp-content\/uploads\/2022\/11\/1669456331_0005-75x50.jpg 75w, https:\/\/www.enerjigazetesi.ist\/wp-content\/uploads\/2022\/11\/1669456331_0005-450x300.jpg 450w\" sizes=\"(max-width: 320px) 100vw, 320px\" \/>\u00e7al\u0131\u015fanlar\u0131m\u0131z n\u00fckleer santral in\u015faat\u0131n\u0131n yak\u0131n\u0131ndaki <strong>zarar g\u00f6rm\u00fc\u015f orman alan\u0131n\u0131n<\/strong> <strong>yeniden ye\u015fillendirilmesi<\/strong>ne yard\u0131mc\u0131 oldu. Akkuyu NGS devreye al\u0131nd\u0131\u011f\u0131nda y\u0131lda <strong>yakla\u015f\u0131k 17 milyon ton CO2 sal\u0131m\u0131n\u0131<\/strong> \u00f6nleyerek daha ye\u015fil bir gelece\u011fe \u00f6nemli bir katk\u0131da bulunacakt\u0131r.\u201d<\/em><\/p>\n<p><em>Etkinli\u011fe Silifke Belediye Ba\u015fkan\u0131<\/em> <strong>Sad\u0131k Altunok<\/strong>, Silifke Kaymakam\u0131 <strong>Abdullah Aslaner<\/strong>,<strong> STK<\/strong> ve <strong>siyasi parti temsilcileri<\/strong> ile b\u00f6lgedeki <strong>okullardan \u00f6\u011frenciler<\/strong> kat\u0131ld\u0131.<\/p>\n<p>Silifke Orman \u0130\u015fletme M\u00fcd\u00fcr\u00fc <strong>Hasan Aslan<\/strong> etkinlikle ilgili olarak \u015f\u00f6yle konu\u015ftu: <em>\u201cT\u00fcrkiye Cumhuriyeti Cumhurba\u015fkan\u0131 Recep Tayyip Erdo\u011fan, 2019 Milli A\u011fa\u00e7land\u0131rma G\u00fcn\u00fc ilan etti. Art\u0131k her y\u0131l 11 Kas\u0131m&#8217;da Silifke b\u00f6lgesinde ve t\u00fcm T\u00fcrkiye&#8217;de Gelece\u011fe Nefes adl\u0131 geleneksel a\u011fa\u00e7 dikme etkinlikleri d\u00fczenleniyor. Ne yaz\u0131k ki, bu y\u0131l b\u00f6lgemiz orman yang\u0131nlar\u0131ndan \u00e7ok etkilendi ve \u015fimdi zarar g\u00f6ren orman\u0131 yeniden ye\u015fillendirmek gibi \u00f6nemli bir g\u00f6revimiz var. \u00a0Bu t\u00fcr etkinlikle bu soruna dikkat \u00e7ekilmesine yard\u0131mc\u0131 olmaktad\u0131r. Birlikte, bu y\u0131l da Akdeniz k\u0131y\u0131lar\u0131na 3 bin \u00e7am fidan\u0131 diktik. Bug\u00fcnk\u00fc etkinli\u011fimize kat\u0131lan herkese can\u0131 g\u00f6n\u00fclden te\u015fekk\u00fcr ederim!\u201d<\/em><\/p>\n<p>Ormanc\u0131l\u0131k Uzman\u0131 <strong>Sinem Do\u011fan<\/strong> da konuya ili\u015fkin olarak<em> \u201cGe\u00e7en y\u0131l \u00e7\u0131kan yang\u0131nlar\u0131n ard\u0131ndan ormanl\u0131k alan\u0131n eski haline getirilmesi \u00e7ok \u00f6nemli. <strong>Akkuyu NGS<\/strong>&#8216;nin Rus ve T\u00fcrk \u00e7al\u0131\u015fanlar\u0131n\u0131n bu anlaml\u0131 g\u00fcnde bizimle birlikte olmas\u0131 \u00e7ok g\u00fczel. Bug\u00fcn hepimiz tek bir ekip olarak \u00e7al\u0131\u015ft\u0131k! D\u00fcnyam\u0131z\u0131n ye\u015fil gelece\u011fine k\u00fc\u00e7\u00fck bir katk\u0131da bulunduk. <strong>Kat\u0131l\u0131mlar\u0131<\/strong> ve <strong>destekleri<\/strong> i\u00e7in Akkuyu NGS \u00e7al\u0131\u015fanlar\u0131na \u00e7ok te\u015fekk\u00fcr ederiz!\u201d<\/em> dedi.<\/p>\n<p><strong>AKKUYU N\u00dcKLEER A.\u015e.,<\/strong> 2016 y\u0131l\u0131ndan g\u00fcn\u00fcm\u00fcze Akkuyu NGS\u2019nin in\u015fa edildi\u011fi b\u00f6lgede d\u00fczenli olarak <strong>a\u011fa\u00e7 dikme etkinliklerine<\/strong> kat\u0131l\u0131yor. Daha \u00f6nce de <strong>Mersin&#8217;in Bo\u011fsak, Ayd\u0131nc\u0131k, B\u00fcy\u00fckeceli, Silifke ve Emirler K\u00f6y\u00fc&#8217;nde<\/strong> \u015firket \u00e7al\u0131\u015fanlar\u0131n\u0131n kat\u0131ld\u0131\u011f\u0131 benzer etkinlikler ger\u00e7ekle\u015ftirilmi\u015fti.<\/p>","protected":false},"excerpt":{"rendered":"<p>Sorry, this entry is only available in Turkish. For the sake of viewer convenience, the content is shown below in the alternative language. You may click the link to switch the active language. AKKUYU N\u00dcKLEER A.\u015e \u00e7al\u0131\u015fanlar\u0131 \u201cGelece\u011fe Nefes\u201d \u00e7evre kampanyas\u0131na kat\u0131larak Akkuyu N\u00fckleer G\u00fc\u00e7 Santrali (NGS) in\u015faat sahas\u0131 yak\u0131n\u0131ndaki Ayd\u0131nc\u0131k il\u00e7esinde ve Silifke Ye\u015filovac\u0131k\u2019ta [&hellip;]<\/p>\n","protected":false},"author":1,"featured_media":163997,"comment_status":"open","ping_status":"open","sticky":false,"template":"","format":"standard","meta":[],"categories":[53,43],"tags":[106397,3019,85090,106394,106395,23134,106396],"views":35,"_links":{"self":[{"href":"https:\/\/www.enerjigazetesi.ist\/en\/wp-json\/wp\/v2\/posts\/163994"}],"collection":[{"href":"https:\/\/www.enerjigazetesi.ist\/en\/wp-json\/wp\/v2\/posts"}],"about":[{"href":"https:\/\/www.enerjigazetesi.ist\/en\/wp-json\/wp\/v2\/types\/post"}],"author":[{"embeddable":true,"href":"https:\/\/www.enerjigazetesi.ist\/en\/wp-json\/wp\/v2\/users\/1"}],"replies":[{"embeddable":true,"href":"https:\/\/www.enerjigazetesi.ist\/en\/wp-json\/wp\/v2\/comments?post=163994"}],"version-history":[{"count":0,"href":"https:\/\/www.enerjigazetesi.ist\/en\/wp-json\/wp\/v2\/posts\/163994\/revisions"}],"wp:featuredmedia":[{"embeddable":true,"href":"https:\/\/www.enerjigazetesi.ist\/en\/wp-json\/wp\/v2\/media\/163997"}],"wp:attachment":[{"href":"https:\/\/www.enerjigazetesi.ist\/en\/wp-json\/wp\/v2\/media?parent=163994"}],"wp:term":[{"taxonomy":"category","embeddable":true,"href":"https:\/\/www.enerjigazetesi.ist\/en\/wp-json\/wp\/v2\/categories?post=163994"},{"taxonomy":"post_tag","embeddable":true,"href":"https:\/\/www.enerjigazetesi.ist\/en\/wp-json\/wp\/v2\/tags?post=163994"}],"curies":[{"name":"wp","href":"https:\/\/api.w.org\/{rel}","templated":true}]}}