{"id":163881,"date":"2022-11-24T14:47:48","date_gmt":"2022-11-24T11:47:48","guid":{"rendered":"https:\/\/www.enerjigazetesi.ist\/?p=163881"},"modified":"2022-11-24T14:57:01","modified_gmt":"2022-11-24T11:57:01","slug":"6inci-uluslararasi-kozmetik-kongresinin-ana-temasi-yesil-mutabakat","status":"publish","type":"post","link":"https:\/\/www.enerjigazetesi.ist\/en\/6inci-uluslararasi-kozmetik-kongresinin-ana-temasi-yesil-mutabakat\/","title":{"rendered":"(Turkish) 6&#8217;\u0131nc\u0131 Uluslararas\u0131 Kozmetik Kongresi&#8217;nin Ana Temas\u0131 &#8216;Ye\u015fil Mutabakat'"},"content":{"rendered":"<p class=\"qtranxs-available-languages-message qtranxs-available-languages-message-en\">Sorry, this entry is only available in <a href=\"https:\/\/www.enerjigazetesi.ist\/tr\/wp-json\/wp\/v2\/posts\/163881\" class=\"qtranxs-available-language-link qtranxs-available-language-link-tr\" title=\"Turkish\">Turkish<\/a>. For the sake of viewer convenience, the content is shown below in the alternative language. You may click the link to switch the active language.<\/p><p><\/p>\n<h2><strong>G\u00fcn\u00fcm\u00fczde kad\u0131nlar kadar erkeklerden de ra\u011fbet g\u00f6rmeye ba\u015flayan kozmetik \u00fcr\u00fcnlerinin art\u0131k i\u015flevleri kadar i\u00e7erikleri ve geri d\u00f6n\u00fc\u015f\u00fcme uygunluklar\u0131 da insanlar i\u00e7in \u00f6nem arz ediyor. Bu y\u0131l Kozmetik \u00dcreticileri ve Ara\u015ft\u0131rmac\u0131lar\u0131 Derne\u011fi (K\u00dcAD) taraf\u0131ndan 6.s\u0131 d\u00fczenlenecek olan Uluslararas\u0131 Kozmetik Kongresi, T\u00fcrkiye\u2019de bir ilk olan \u2018Tar\u0131m Miras\u0131 Sergisi\u2019 ve Upcycle Proje Yar\u0131\u015fmas\u0131\u2019yla do\u011fa dostu kozmetik uygulamalar\u0131na ve geri d\u00f6n\u00fc\u015f\u00fcme dikkat \u00e7ekecek.<\/strong><\/h2>\n<p style=\"text-align: center;\"><img loading=\"lazy\" class=\"aligncenter wp-image-163885\" src=\"https:\/\/www.enerjigazetesi.ist\/wp-content\/uploads\/2022\/11\/1668755851_1-1.jpg\" alt=\"\" width=\"500\" height=\"245\" srcset=\"https:\/\/www.enerjigazetesi.ist\/wp-content\/uploads\/2022\/11\/1668755851_1-1.jpg 550w, https:\/\/www.enerjigazetesi.ist\/wp-content\/uploads\/2022\/11\/1668755851_1-1-300x147.jpg 300w, https:\/\/www.enerjigazetesi.ist\/wp-content\/uploads\/2022\/11\/1668755851_1-1-500x245.jpg 500w, https:\/\/www.enerjigazetesi.ist\/wp-content\/uploads\/2022\/11\/1668755851_1-1-80x39.jpg 80w\" sizes=\"(max-width: 500px) 100vw, 500px\" \/><\/p>\n<p>S\u00fcrd\u00fcr\u00fclebilirli\u011fe ula\u015fma s\u00fcrecinin bir yol haritas\u0131 olarak de\u011ferlendirilen kongre 01-03 Aral\u0131k 2022 tarihleri aras\u0131nda <strong>Antalya Susesi Luxury Resort Belek\u2019te<\/strong> ger\u00e7ekle\u015fecek. Ana temas\u0131 <strong>\u2018Ye\u015fil Mutabakat\u2019<\/strong> olan kongrenin temel amac\u0131, d\u00fcnyan\u0131n gelecekteki atmosferini \u015fekillendirebilmek maksad\u0131yla <strong>do\u011fa dostu bir bilin\u00e7 olu\u015fturmak.<\/strong><\/p>\n<h3><strong>GELENEKSEL B\u0130R\u0130K\u0130M KOZMET\u0130KLE B\u0130RLE\u015e\u0130YOR<\/strong><\/h3>\n<p>Kongrede kozmeti\u011fin tarihsel s\u00fcre\u00e7leri, geli\u015fimi ve tar\u0131msal \u00fcr\u00fcnlerin bu s\u00fcre\u00e7teki rol\u00fcn\u00fcn vurgulanaca\u011f\u0131 <strong>Tar\u0131m Miras\u0131 Sergisi<\/strong> kat\u0131l\u0131mc\u0131larla bulu\u015facak. Sergi, <strong>geleneksel kozmetik uygulamalar\u0131<\/strong> ile g\u00fcn\u00fcm\u00fczde \u00fcretilen <strong>do\u011fa<\/strong> ve <strong>sa\u011fl\u0131k dostu<\/strong> kozmetik uygulamalar\u0131 aras\u0131nda ba\u011f kuracak. <em>Sergide tohumlar, tar\u0131m aletleri, kaplar, bitki ve hayvanlardan \u00fcretilen \u00fcr\u00fcnler ile ipek ve lif bitkilerden \u00fcretilen tak\u0131lar<\/em> yer alacak.<\/p>\n<h3><strong>KOZMET\u0130K ATIKLAR GER\u0130 D\u00d6N\u00dc\u015e\u00dcME KAZANDIRILIYOR<\/strong><\/h3>\n<p>Kozmetik firmalar\u0131 son zamanlarda <strong>\u00e7evresel bir bilin\u00e7<\/strong> ile <strong>at\u0131klar\u0131n\u0131 \u00e7evreye<\/strong> b\u0131rakmayarak <strong>karbon ayak izini azaltmak<\/strong> ad\u0131na harekete ge\u00e7ti. Bu bilincin bir yans\u0131mas\u0131 olarak geri d\u00f6n\u00fc\u015f\u00fcm, <strong>kozmetik sekt\u00f6r\u00fcn\u00fcn<\/strong> bir par\u00e7as\u0131 halini almaya ba\u015flad\u0131. <strong>6. Uluslararas\u0131 Kozmetik Kongresi,<\/strong> d\u00fczenledikleri <strong>Upcycle Proje Yar\u0131\u015fmas\u0131<\/strong>\u2019yla bu bilince dikkat \u00e7ekecek ve kozmetik sekt\u00f6r\u00fc <strong>at\u0131klar\u0131ndan geri d\u00f6n\u00fc\u015ft\u00fcr\u00fclen \u00fcr\u00fcnlerin<\/strong> de\u011ferlendirmesini yapacak.<\/p>","protected":false},"excerpt":{"rendered":"<p>Sorry, this entry is only available in Turkish. For the sake of viewer convenience, the content is shown below in the alternative language. You may click the link to switch the active language. G\u00fcn\u00fcm\u00fczde kad\u0131nlar kadar erkeklerden de ra\u011fbet g\u00f6rmeye ba\u015flayan kozmetik \u00fcr\u00fcnlerinin art\u0131k i\u015flevleri kadar i\u00e7erikleri ve geri d\u00f6n\u00fc\u015f\u00fcme uygunluklar\u0131 da insanlar i\u00e7in \u00f6nem [&hellip;]<\/p>\n","protected":false},"author":1,"featured_media":163886,"comment_status":"open","ping_status":"open","sticky":false,"template":"","format":"standard","meta":[],"categories":[53,52],"tags":[106366,2529,106368,106367,106365,106369],"views":64,"_links":{"self":[{"href":"https:\/\/www.enerjigazetesi.ist\/en\/wp-json\/wp\/v2\/posts\/163881"}],"collection":[{"href":"https:\/\/www.enerjigazetesi.ist\/en\/wp-json\/wp\/v2\/posts"}],"about":[{"href":"https:\/\/www.enerjigazetesi.ist\/en\/wp-json\/wp\/v2\/types\/post"}],"author":[{"embeddable":true,"href":"https:\/\/www.enerjigazetesi.ist\/en\/wp-json\/wp\/v2\/users\/1"}],"replies":[{"embeddable":true,"href":"https:\/\/www.enerjigazetesi.ist\/en\/wp-json\/wp\/v2\/comments?post=163881"}],"version-history":[{"count":0,"href":"https:\/\/www.enerjigazetesi.ist\/en\/wp-json\/wp\/v2\/posts\/163881\/revisions"}],"wp:featuredmedia":[{"embeddable":true,"href":"https:\/\/www.enerjigazetesi.ist\/en\/wp-json\/wp\/v2\/media\/163886"}],"wp:attachment":[{"href":"https:\/\/www.enerjigazetesi.ist\/en\/wp-json\/wp\/v2\/media?parent=163881"}],"wp:term":[{"taxonomy":"category","embeddable":true,"href":"https:\/\/www.enerjigazetesi.ist\/en\/wp-json\/wp\/v2\/categories?post=163881"},{"taxonomy":"post_tag","embeddable":true,"href":"https:\/\/www.enerjigazetesi.ist\/en\/wp-json\/wp\/v2\/tags?post=163881"}],"curies":[{"name":"wp","href":"https:\/\/api.w.org\/{rel}","templated":true}]}}