{"id":16387,"date":"2013-10-10T16:40:35","date_gmt":"2013-10-10T13:40:35","guid":{"rendered":"https:\/\/www.enerjigazetesi.ist\/?p=16387"},"modified":"2021-02-07T14:06:25","modified_gmt":"2021-02-07T11:06:25","slug":"kose-yazisi-turkiye-nin-gunes-enerjisi-politikasi","status":"publish","type":"post","link":"https:\/\/www.enerjigazetesi.ist\/en\/kose-yazisi-turkiye-nin-gunes-enerjisi-politikasi\/","title":{"rendered":"(Turkish) K\u00f6\u015fe Yaz\u0131s\u0131: T\u00fcrkiye\u2019nin G\u00fcne\u015f Enerjisi Politikas\u0131"},"content":{"rendered":"<p class=\"qtranxs-available-languages-message qtranxs-available-languages-message-en\">Sorry, this entry is only available in <a href=\"https:\/\/www.enerjigazetesi.ist\/tr\/wp-json\/wp\/v2\/posts\/16387\" class=\"qtranxs-available-language-link qtranxs-available-language-link-tr\" title=\"Turkish\">Turkish<\/a>. For the sake of viewer convenience, the content is shown below in the alternative language. You may click the link to switch the active language.<\/p><p><\/p>\n<h1><strong>G\u00fcn\u00fcm\u00fczde enerji kalk\u0131nman\u0131n ve geli\u015fmi\u015fli\u011fin bir g\u00f6stergesi olmakla birlikte, sahip oldu\u011fumuz medeniyetin temel ta\u015flar\u0131ndan da birisidir. Ayr\u0131ca temel insani gereksinimler aras\u0131nda yer almaktad\u0131r.<\/strong><\/h1>\n<p>T\u00fcrkiye a\u00e7\u0131s\u0131ndan bakt\u0131\u011f\u0131m\u0131zda enerji sekt\u00f6r\u00fcndeki<strong> her geli\u015fme \u00fclkemizi<\/strong> do\u011frudan etkilemektedir. Bunun temel nedeni enerji ihtiyac\u0131m\u0131z\u0131n <strong>%70<\/strong>\u2019e varan oran\u0131n\u0131 d\u0131\u015far\u0131dan sa\u011flamam\u0131zdand\u0131r. Bu nedenle enerji sekt\u00f6r\u00fcndeki herhangi bir s\u0131k\u0131nt\u0131, <strong>\u00fclke kaynaklar\u0131m\u0131z\u0131n kapasitesi, bu kapasitenin do\u011fru de\u011ferlendirilip<\/strong> de\u011ferlendirilmedi\u011fi ve zor g\u00fcnlere ne kadar haz\u0131rl\u0131kl\u0131 olundu\u011fu konular\u0131nda sorgulamalar getirir. <strong>Ekonomide<\/strong> ve <strong>n\u00fcfusta<\/strong> giderek artan bir tablonun getirece\u011fi<strong> enerji ihtiyac\u0131<\/strong> g\u00f6z <a href=\"https:\/\/www.enerjigazetesi.ist\/wp-content\/uploads\/2013\/04\/gunes-kulesi-ne-yurdisi-ndan-talep.jpg\"><img loading=\"lazy\" class=\"alignleft size-medium wp-image-9896\" title=\"gunes-enerjisi\" src=\"https:\/\/www.enerjigazetesi.ist\/wp-content\/uploads\/2013\/04\/gunes-kulesi-ne-yurdisi-ndan-talep-300x181.jpg\" alt=\"\" width=\"300\" height=\"181\" srcset=\"https:\/\/www.enerjigazetesi.ist\/wp-content\/uploads\/2013\/04\/gunes-kulesi-ne-yurdisi-ndan-talep-300x181.jpg 300w, https:\/\/www.enerjigazetesi.ist\/wp-content\/uploads\/2013\/04\/gunes-kulesi-ne-yurdisi-ndan-talep-80x48.jpg 80w, https:\/\/www.enerjigazetesi.ist\/wp-content\/uploads\/2013\/04\/gunes-kulesi-ne-yurdisi-ndan-talep.jpg 480w\" sizes=\"(max-width: 300px) 100vw, 300px\" \/><\/a>\u00f6n\u00fcne al\u0131nd\u0131\u011f\u0131nda <strong>bu sorgulamalar\u0131n ciddiyeti<\/strong> \u00f6nemli derecede artar.<\/p>\n<p>\u00d6te yandan <strong>artan t\u00fcketim<\/strong> ve bunun beraberinde getirdi\u011fi <strong>yanl\u0131\u015f enerji uygulamalar\u0131<\/strong> (fosil yak\u0131tlar) do\u011fa \u00fczerinde geri d\u00f6n\u00fclemez <strong>tahribata sebep olmakta<\/strong> ve <strong>\u00e7evre kirlili\u011fi<\/strong> meydana getirmektedir. Fosil yak\u0131tlar\u0131n kullan\u0131m\u0131ndan do\u011fan <strong>sera gazlar\u0131<\/strong> <strong>k\u00fcresel \u0131s\u0131nmay\u0131<\/strong> ve <strong>iklim de\u011fi\u015fikliklerini<\/strong> tetiklemekte, \u00fclkeler i\u00e7in <strong>\u201ckurtar\u0131c\u0131\u201d<\/strong> olarak g\u00f6sterilen, \u00fclkemizde de kurulacak olan <strong>n\u00fckleer enerji santralleri<\/strong>; <em>toplumsal, \u00e7evresel ve ekonomik<\/em> a\u00e7\u0131dan maliyetli olmas\u0131, <strong>Japonya\u2019<\/strong>daki kazadan sonra<strong> \u201crisk sorunu\u201d<\/strong>nun \u00e7\u00f6z\u00fcmlenememesi ger\u00e7e\u011fiyle, yenilenebilir kaynaklara y\u00f6nelme sa\u011flanmas\u0131 ve \u00f6z kaynaklar\u0131n\u0131 daha etkin bi\u00e7imde kullan\u0131lmas\u0131 y\u00f6n\u00fcnde \u00f6nemli bir model olmu\u015ftur.<\/p>\n<p>Tam da bu noktada \u00fclkemizin son y\u0131llardaki enerji politikas\u0131nda <strong>yenilenebilir enerji<\/strong> alan\u0131nda ciddi ad\u0131mlar at\u0131lmakta ve <strong>yenilenebilir enerji kaynaklar\u0131<\/strong>n\u0131n kullan\u0131m\u0131n\u0131 yayg\u0131nla\u015ft\u0131racak uygulamalar hayata ge\u00e7irilmektedir.<\/p>\n<p>Bu sayede <strong>yenilenebilir enerji<\/strong> kaynaklar\u0131 <strong>elektrik \u00fcretiminde<\/strong> etkin bir rol \u00fcstlenebilecek ve d\u0131\u015fa olan ba\u011f\u0131ml\u0131l\u0131\u011f\u0131n\u0131 \u00f6nemli \u00f6l\u00e7\u00fcde azaltacakt\u0131r.<\/p>\n<p>T\u00fcrkiye, \u00f6zellikle g\u00fcney b\u00f6lgelerinde d\u00fcnyan\u0131n <strong>\u201cg\u00fcne\u015flenme ku\u015fa\u011f\u0131\u201d<\/strong> ad\u0131 verilen kesimine denk gelmesinden dolay\u0131; gelece\u011finde g\u00fcne\u015f enerjisi muhtemelen \u00e7ok \u00f6nemli bir role sahip olacakt\u0131r. G\u00fcne\u015f enerjisi konusunda verilen te\u015fvikler <strong>Avrupa \u00fclkelerine<\/strong> oranla \u00e7ok d\u00fc\u015f\u00fckt\u00fcr. G\u00fcne\u015f santrallerinin halen y\u00fcksek olan <strong>yat\u0131r\u0131m maliyetleriyle<\/strong>, mevcut yasal d\u00fczenlemeler sonucu olu\u015fan s\u0131n\u0131rland\u0131rmalar yat\u0131r\u0131mc\u0131lar\u0131 te\u015fvik etmeyi zorla\u015ft\u0131ran temel sorunlard\u0131r. Bunun yan\u0131 s\u0131ra, <strong>mevcut yasa<\/strong>, <strong>izin verilen azami kurulu g\u00fc\u00e7 potansiyeli<\/strong>ne limit koymaktad\u0131r. <strong>T\u00fcrkiye<\/strong>\u2019nin <strong>g\u00fcne\u015f enerjisi potansiyeli<\/strong> yeniden de\u011ferlendirilerek mevcut hedefler art\u0131r\u0131lmal\u0131d\u0131r.<\/p>\n<p>Yazar: Engin DEN\u0130Z &#8211; Enerji Sistemleri M\u00fchendisi \/ Enerji Gazetesi<\/p>\n<p>Yay\u0131nc\u0131: <a href=\"https:\/\/www.enerjigazetesi.ist\" target=\"_blank\" rel=\"noopener\">Enerji Gazetesi<\/a><\/p>","protected":false},"excerpt":{"rendered":"<p>Sorry, this entry is only available in Turkish. For the sake of viewer convenience, the content is shown below in the alternative language. You may click the link to switch the active language. G\u00fcn\u00fcm\u00fczde enerji kalk\u0131nman\u0131n ve geli\u015fmi\u015fli\u011fin bir g\u00f6stergesi olmakla birlikte, sahip oldu\u011fumuz medeniyetin temel ta\u015flar\u0131ndan da birisidir. Ayr\u0131ca temel insani gereksinimler aras\u0131nda yer [&hellip;]<\/p>\n","protected":false},"author":1,"featured_media":9896,"comment_status":"open","ping_status":"open","sticky":false,"template":"","format":"standard","meta":[],"categories":[51,53,49],"tags":[165,52259,2326,227,13,9501,1325,53157,2325,9500,57125,54979,105],"views":2202,"_links":{"self":[{"href":"https:\/\/www.enerjigazetesi.ist\/en\/wp-json\/wp\/v2\/posts\/16387"}],"collection":[{"href":"https:\/\/www.enerjigazetesi.ist\/en\/wp-json\/wp\/v2\/posts"}],"about":[{"href":"https:\/\/www.enerjigazetesi.ist\/en\/wp-json\/wp\/v2\/types\/post"}],"author":[{"embeddable":true,"href":"https:\/\/www.enerjigazetesi.ist\/en\/wp-json\/wp\/v2\/users\/1"}],"replies":[{"embeddable":true,"href":"https:\/\/www.enerjigazetesi.ist\/en\/wp-json\/wp\/v2\/comments?post=16387"}],"version-history":[{"count":3,"href":"https:\/\/www.enerjigazetesi.ist\/en\/wp-json\/wp\/v2\/posts\/16387\/revisions"}],"predecessor-version":[{"id":16389,"href":"https:\/\/www.enerjigazetesi.ist\/en\/wp-json\/wp\/v2\/posts\/16387\/revisions\/16389"}],"wp:featuredmedia":[{"embeddable":true,"href":"https:\/\/www.enerjigazetesi.ist\/en\/wp-json\/wp\/v2\/media\/9896"}],"wp:attachment":[{"href":"https:\/\/www.enerjigazetesi.ist\/en\/wp-json\/wp\/v2\/media?parent=16387"}],"wp:term":[{"taxonomy":"category","embeddable":true,"href":"https:\/\/www.enerjigazetesi.ist\/en\/wp-json\/wp\/v2\/categories?post=16387"},{"taxonomy":"post_tag","embeddable":true,"href":"https:\/\/www.enerjigazetesi.ist\/en\/wp-json\/wp\/v2\/tags?post=16387"}],"curies":[{"name":"wp","href":"https:\/\/api.w.org\/{rel}","templated":true}]}}