{"id":163854,"date":"2022-11-24T13:09:58","date_gmt":"2022-11-24T10:09:58","guid":{"rendered":"https:\/\/www.enerjigazetesi.ist\/?p=163854"},"modified":"2022-11-24T13:19:47","modified_gmt":"2022-11-24T10:19:47","slug":"ispartaya-yapilan-yatirimlarla-yeralti-kablo-orani-yuzde-67yi-asti","status":"publish","type":"post","link":"https:\/\/www.enerjigazetesi.ist\/en\/ispartaya-yapilan-yatirimlarla-yeralti-kablo-orani-yuzde-67yi-asti\/","title":{"rendered":"(Turkish) Isparta\u2019ya Yap\u0131lan Yat\u0131r\u0131mlarla Yeralt\u0131 Kablo Oran\u0131 % 67\u2019yi A\u015ft\u0131"},"content":{"rendered":"<p class=\"qtranxs-available-languages-message qtranxs-available-languages-message-en\">Sorry, this entry is only available in <a href=\"https:\/\/www.enerjigazetesi.ist\/tr\/wp-json\/wp\/v2\/posts\/163854\" class=\"qtranxs-available-language-link qtranxs-available-language-link-tr\" title=\"Turkish\">Turkish<\/a>. For the sake of viewer convenience, the content is shown below in the alternative language. You may click the link to switch the active language.<\/p><p><\/p>\n<h2>Kamu ve \u00f6zel sekt\u00f6r ge\u00e7ti\u011fimiz g\u00fcnlerde Isparta\u2019n\u0131n \u201cenerjisi\u201d i\u00e7in bulu\u015ftu. Isparta Valisi Ayd\u0131n Baru\u015f\u2019un ev sahipli\u011finde ger\u00e7ekle\u015ftirilen toplant\u0131da Akdeniz Elektrik Da\u011f\u0131t\u0131m A.\u015e.\u2019nin (AEDA\u015e), 2022\u2019de Isparta\u2019ya yapt\u0131\u011f\u0131 yat\u0131r\u0131mlar ve 2023 y\u0131l\u0131na y\u00f6nelik projeleri ele al\u0131nd\u0131.<\/h2>\n<p>Isparta Valisi Ayd\u0131n Baru\u015f\u2019un ba\u015fkanl\u0131\u011f\u0131nda yap\u0131lan genel de\u011ferlendirme toplant\u0131s\u0131na <em>TBMM Ba\u015fkan Vekili S\u00fcreyya Sadi Bilgi\u00e7, Isparta Belediye Ba\u015fkan\u0131 \u015e\u00fckr\u00fc Ba\u015fde\u011firmen, \u0130l Genel Meclisi Ba\u015fkan\u0131 Serkan Keskin, \u0130l \u00d6zel \u0130dare Genel Sekreteri Mahmut Zadeo\u011flu, AEDA\u015e \u00fcst d\u00fczey y\u00f6neticileri<\/em> kat\u0131ld\u0131.<\/p>\n<h3><strong>\u015e<\/strong><strong>EH<\/strong><strong>\u0130<\/strong><strong>R MERKEZ<\/strong><strong>\u0130<\/strong><strong>NDEK<\/strong><strong>\u0130<\/strong><strong> KABLOLARIN % 67\u2019S<\/strong><strong>\u0130<\/strong><strong> YERALTINDA<\/strong><\/h3>\n<p><img loading=\"lazy\" class=\"alignright wp-image-163856\" src=\"https:\/\/www.enerjigazetesi.ist\/wp-content\/uploads\/2022\/11\/ispartaya-yapilan-yatirimlarla-yeralti-kablo-orani-yuzde-67yi-asti-2.jpg\" alt=\"\" width=\"320\" height=\"214\" srcset=\"https:\/\/www.enerjigazetesi.ist\/wp-content\/uploads\/2022\/11\/ispartaya-yapilan-yatirimlarla-yeralti-kablo-orani-yuzde-67yi-asti-2.jpg 550w, https:\/\/www.enerjigazetesi.ist\/wp-content\/uploads\/2022\/11\/ispartaya-yapilan-yatirimlarla-yeralti-kablo-orani-yuzde-67yi-asti-2-300x200.jpg 300w, https:\/\/www.enerjigazetesi.ist\/wp-content\/uploads\/2022\/11\/ispartaya-yapilan-yatirimlarla-yeralti-kablo-orani-yuzde-67yi-asti-2-500x334.jpg 500w, https:\/\/www.enerjigazetesi.ist\/wp-content\/uploads\/2022\/11\/ispartaya-yapilan-yatirimlarla-yeralti-kablo-orani-yuzde-67yi-asti-2-75x50.jpg 75w, https:\/\/www.enerjigazetesi.ist\/wp-content\/uploads\/2022\/11\/ispartaya-yapilan-yatirimlarla-yeralti-kablo-orani-yuzde-67yi-asti-2-450x300.jpg 450w\" sizes=\"(max-width: 320px) 100vw, 320px\" \/>AEDA\u015e \u00fcst y\u00f6netiminin 2022 y\u0131l\u0131nda Isparta iline yap\u0131lan yat\u0131r\u0131mlar hakk\u0131nda detayl\u0131 bilgiler payla\u015ft\u0131\u011f\u0131 toplant\u0131da, 2023\u2019de hayata ge\u00e7irilmesi planlanan projeler konu\u015fuldu. Toplant\u0131da AEDA\u015e yetkililerinin yapt\u0131\u011f\u0131 sunumda 2022 y\u0131l\u0131nda hayata ge\u00e7irilen yat\u0131r\u0131mlarla \u015fehir merkezine 170 km al\u00e7ak gerilim, 107 km orta gerilim yeralt\u0131 \u015febekesi ile 3 bin 260 LED ayd\u0131nlatma armat\u00fcr\u00fc tesis edildi\u011fi, \u015fehrin ayd\u0131nlatmalar\u0131n\u0131n yenilendi\u011fi bildirildi. Yap\u0131lan yat\u0131r\u0131mlarla \u015fehir merkezinde y\u00fczde yakla\u015f\u0131k 43 seviyesinde olan yeralt\u0131 kablo oran\u0131n 24 puan artarak y\u00fczde 67\u2019in \u00fczerine \u00e7\u0131karken al\u00e7ak gerilim yeralt\u0131 hat uzunlu\u011funun toplam \u015febekeye oran\u0131 y\u00fczde 25\u2019ten y\u00fczde 40\u2019a, orta gerilim yeralt\u0131 hat uzunlu\u011funun ise y\u00fczde 18\u2019den y\u00fczde 27\u2019e \u00e7\u0131kt\u0131\u011f\u0131 kaydedildi.<\/p>\n<h3>80 KM\u2019L\u0130K HATTA KAR VE BUZ Y\u00dcK\u00dcNE DAYANIKLILI\u011eI Y\u00dcKSEK KABLOLAR \u00c7EK\u0130L\u0130YOR<\/h3>\n<p>Bu arada halen devam eden \u00e7al\u0131\u015fmalar hakk\u0131nda da bilgi verilerek havai hatlarda yap\u0131lan yenileme kapsam\u0131nda, buz ve kar y\u00fck\u00fcne dayan\u0131kl\u0131l\u0131k oran\u0131 olduk\u00e7a y\u00fcksek olan alpek kablo de\u011fi\u015fimlerinin s\u00fcrd\u00fc\u011f\u00fcne i\u015faret edilerek y\u0131lsonuna kadar alpek kablo ile yenilenen hatt\u0131n uzunlu\u011funun 80 km\u2019yi bulaca\u011f\u0131 belirtildi.<\/p>","protected":false},"excerpt":{"rendered":"<p>Sorry, this entry is only available in Turkish. For the sake of viewer convenience, the content is shown below in the alternative language. You may click the link to switch the active language. Kamu ve \u00f6zel sekt\u00f6r ge\u00e7ti\u011fimiz g\u00fcnlerde Isparta\u2019n\u0131n \u201cenerjisi\u201d i\u00e7in bulu\u015ftu. Isparta Valisi Ayd\u0131n Baru\u015f\u2019un ev sahipli\u011finde ger\u00e7ekle\u015ftirilen toplant\u0131da Akdeniz Elektrik Da\u011f\u0131t\u0131m A.\u015e.\u2019nin [&hellip;]<\/p>\n","protected":false},"author":1,"featured_media":163857,"comment_status":"open","ping_status":"open","sticky":false,"template":"","format":"standard","meta":[],"categories":[51,53],"tags":[31338,101448,2873,117,14167],"views":43,"_links":{"self":[{"href":"https:\/\/www.enerjigazetesi.ist\/en\/wp-json\/wp\/v2\/posts\/163854"}],"collection":[{"href":"https:\/\/www.enerjigazetesi.ist\/en\/wp-json\/wp\/v2\/posts"}],"about":[{"href":"https:\/\/www.enerjigazetesi.ist\/en\/wp-json\/wp\/v2\/types\/post"}],"author":[{"embeddable":true,"href":"https:\/\/www.enerjigazetesi.ist\/en\/wp-json\/wp\/v2\/users\/1"}],"replies":[{"embeddable":true,"href":"https:\/\/www.enerjigazetesi.ist\/en\/wp-json\/wp\/v2\/comments?post=163854"}],"version-history":[{"count":0,"href":"https:\/\/www.enerjigazetesi.ist\/en\/wp-json\/wp\/v2\/posts\/163854\/revisions"}],"wp:featuredmedia":[{"embeddable":true,"href":"https:\/\/www.enerjigazetesi.ist\/en\/wp-json\/wp\/v2\/media\/163857"}],"wp:attachment":[{"href":"https:\/\/www.enerjigazetesi.ist\/en\/wp-json\/wp\/v2\/media?parent=163854"}],"wp:term":[{"taxonomy":"category","embeddable":true,"href":"https:\/\/www.enerjigazetesi.ist\/en\/wp-json\/wp\/v2\/categories?post=163854"},{"taxonomy":"post_tag","embeddable":true,"href":"https:\/\/www.enerjigazetesi.ist\/en\/wp-json\/wp\/v2\/tags?post=163854"}],"curies":[{"name":"wp","href":"https:\/\/api.w.org\/{rel}","templated":true}]}}