{"id":163825,"date":"2022-11-24T10:21:17","date_gmt":"2022-11-24T07:21:17","guid":{"rendered":"https:\/\/www.enerjigazetesi.ist\/?p=163825"},"modified":"2022-11-24T10:21:40","modified_gmt":"2022-11-24T07:21:40","slug":"duzce-depremi-sonrasi-sedas-seferber-oldu","status":"publish","type":"post","link":"https:\/\/www.enerjigazetesi.ist\/en\/duzce-depremi-sonrasi-sedas-seferber-oldu\/","title":{"rendered":"(Turkish) D\u00fczce Depremi Sonras\u0131 SEDA\u015e Seferber Oldu"},"content":{"rendered":"<p class=\"qtranxs-available-languages-message qtranxs-available-languages-message-en\">Sorry, this entry is only available in <a href=\"https:\/\/www.enerjigazetesi.ist\/tr\/wp-json\/wp\/v2\/posts\/163825\" class=\"qtranxs-available-language-link qtranxs-available-language-link-tr\" title=\"Turkish\">Turkish<\/a>. For the sake of viewer convenience, the content is shown below in the alternative language. You may click the link to switch the active language.<\/p><p><\/p>\n<h2><strong>D\u00fczce&#8217;de sabaha kar\u015f\u0131 04.08&#8217;de meydana gelen 5,9 \u015fiddetindeki deprem sonras\u0131 SEDA\u015e ekipleri tam kadro sahada g\u00f6rev ald\u0131. Olas\u0131 t\u00fcm zor durumlara kar\u015f\u0131 seferber olan <\/strong><strong>SEDA\u015e ekipleri, enerji s\u00fcreklili\u011fi i\u00e7in ara vermeden \u00e7al\u0131\u015fmalar\u0131na devam etti.<img loading=\"lazy\" class=\"alignright wp-image-163827\" src=\"https:\/\/www.enerjigazetesi.ist\/wp-content\/uploads\/2022\/11\/duzce-depremi-sonrasi-sedas-seferber-oldu-02.jpg\" alt=\"\" width=\"320\" height=\"326\" srcset=\"https:\/\/www.enerjigazetesi.ist\/wp-content\/uploads\/2022\/11\/duzce-depremi-sonrasi-sedas-seferber-oldu-02.jpg 368w, https:\/\/www.enerjigazetesi.ist\/wp-content\/uploads\/2022\/11\/duzce-depremi-sonrasi-sedas-seferber-oldu-02-294x300.jpg 294w, https:\/\/www.enerjigazetesi.ist\/wp-content\/uploads\/2022\/11\/duzce-depremi-sonrasi-sedas-seferber-oldu-02-49x50.jpg 49w\" sizes=\"(max-width: 320px) 100vw, 320px\" \/><\/strong><\/h2>\n<p>Merkez \u00fcss\u00fc G\u00f6lyaka il\u00e7esi olan deprem sonras\u0131 Sakarya Elektrik Da\u011f\u0131t\u0131m A.\u015e (SEDA\u015e) alarma ge\u00e7ti. D\u00fczce\u2019de sabaha kar\u015f\u0131 meydana gelen <strong>5,9<\/strong> b\u00fcy\u00fckl\u00fc\u011f\u00fcndeki <strong>deprem sonras\u0131<\/strong> <strong>D\u00fczce<\/strong> ve <strong>il\u00e7elerinde<\/strong> teyakkuzda olan saha ekipleri <strong>t\u00fcm b\u00f6lgenin enerjilendirilmesini<\/strong> sa\u011flad\u0131.<\/p>\n<p>Depremin ard\u0131ndan <strong>Bolu, Kocaeli <\/strong>ve <strong>Sakarya<\/strong> b\u00f6lgelerinden <strong>konu\u015fland\u0131r\u0131lan destek ekipleri<\/strong> ile D\u00fczce b\u00f6lgesinde \u00e7al\u0131\u015fmalara ba\u015flayan saha ekiplerine, SEDA\u015e \u00dcst Y\u00f6netim Ekibi de e\u015flik etti. Toplamda <strong>120<\/strong> \u00e7al\u0131\u015fan ve<strong> 58<\/strong> arac\u0131n aral\u0131ks\u0131z s\u00fcrd\u00fcrd\u00fc\u011f\u00fc \u00e7al\u0131\u015fmalar sonunda<strong> D\u00fczce<\/strong> ve<strong> il\u00e7elerinin<\/strong> tamam\u0131na <strong>enerji verilmesi sa\u011fland\u0131.<\/strong><\/p>\n<p><strong>SEDA\u015e \u00dcst Y\u00f6netim Ekibi<\/strong>&#8216;nin b\u00f6lgeyi mercek alt\u0131na ald\u0131\u011f\u0131 <strong>saha<\/strong> <strong>\u00e7al\u0131\u015fmalar\u0131nda<\/strong>,<strong> can<\/strong> ve <strong>mal<\/strong> <strong>g\u00fcvenli\u011fi tedbirleri<\/strong> al\u0131narak hasar g\u00f6ren <strong>\u015febekenin bak\u0131m-onar\u0131m<\/strong> ve <strong>enerjilendirilmesi<\/strong> s\u0131ras\u0131nda teknolojik ekipmanlardan ve g\u00fc\u00e7l\u00fc ara\u00e7 filosundan yararlan\u0131ld\u0131.<\/p>","protected":false},"excerpt":{"rendered":"<p>Sorry, this entry is only available in Turkish. For the sake of viewer convenience, the content is shown below in the alternative language. You may click the link to switch the active language. D\u00fczce&#8217;de sabaha kar\u015f\u0131 04.08&#8217;de meydana gelen 5,9 \u015fiddetindeki deprem sonras\u0131 SEDA\u015e ekipleri tam kadro sahada g\u00f6rev ald\u0131. Olas\u0131 t\u00fcm zor durumlara kar\u015f\u0131 [&hellip;]<\/p>\n","protected":false},"author":1,"featured_media":163828,"comment_status":"open","ping_status":"open","sticky":false,"template":"","format":"standard","meta":[],"categories":[51,53],"tags":[32265,12880,8427,26353,51294,64561],"views":57,"_links":{"self":[{"href":"https:\/\/www.enerjigazetesi.ist\/en\/wp-json\/wp\/v2\/posts\/163825"}],"collection":[{"href":"https:\/\/www.enerjigazetesi.ist\/en\/wp-json\/wp\/v2\/posts"}],"about":[{"href":"https:\/\/www.enerjigazetesi.ist\/en\/wp-json\/wp\/v2\/types\/post"}],"author":[{"embeddable":true,"href":"https:\/\/www.enerjigazetesi.ist\/en\/wp-json\/wp\/v2\/users\/1"}],"replies":[{"embeddable":true,"href":"https:\/\/www.enerjigazetesi.ist\/en\/wp-json\/wp\/v2\/comments?post=163825"}],"version-history":[{"count":0,"href":"https:\/\/www.enerjigazetesi.ist\/en\/wp-json\/wp\/v2\/posts\/163825\/revisions"}],"wp:featuredmedia":[{"embeddable":true,"href":"https:\/\/www.enerjigazetesi.ist\/en\/wp-json\/wp\/v2\/media\/163828"}],"wp:attachment":[{"href":"https:\/\/www.enerjigazetesi.ist\/en\/wp-json\/wp\/v2\/media?parent=163825"}],"wp:term":[{"taxonomy":"category","embeddable":true,"href":"https:\/\/www.enerjigazetesi.ist\/en\/wp-json\/wp\/v2\/categories?post=163825"},{"taxonomy":"post_tag","embeddable":true,"href":"https:\/\/www.enerjigazetesi.ist\/en\/wp-json\/wp\/v2\/tags?post=163825"}],"curies":[{"name":"wp","href":"https:\/\/api.w.org\/{rel}","templated":true}]}}