{"id":16376,"date":"2013-10-10T17:06:33","date_gmt":"2013-10-10T14:06:33","guid":{"rendered":"https:\/\/www.enerjigazetesi.ist\/?p=16376"},"modified":"2013-10-10T17:12:23","modified_gmt":"2013-10-10T14:12:23","slug":"gurcistan-in-enerji-sektorunde-ki-en-buyuk-yatirimi-icin-imzalar-atildi","status":"publish","type":"post","link":"https:\/\/www.enerjigazetesi.ist\/en\/gurcistan-in-enerji-sektorunde-ki-en-buyuk-yatirimi-icin-imzalar-atildi\/","title":{"rendered":"(Turkish) G\u00fcrcistan\u2019\u0131n Enerji Sekt\u00f6r\u00fcndeki En B\u00fcy\u00fck Yat\u0131r\u0131m\u0131 \u0130\u00e7in \u0130mzalar At\u0131ld\u0131&#8230;"},"content":{"rendered":"<p class=\"qtranxs-available-languages-message qtranxs-available-languages-message-en\">Sorry, this entry is only available in <a href=\"https:\/\/www.enerjigazetesi.ist\/tr\/wp-json\/wp\/v2\/posts\/16376\" class=\"qtranxs-available-language-link qtranxs-available-language-link-tr\" title=\"Turkish\">Turkish<\/a>. For the sake of viewer convenience, the content is shown below in the alternative language. You may click the link to switch the active language.<\/p><p><strong>\u00c7al\u0131k Holding i\u015ftiraklerinden \u00c7al\u0131k Enerji, G\u00fcrcistan\u2019\u0131n enerji sekt\u00f6r\u00fcnde son d\u00f6nemdeki en b\u00fcy\u00fck yat\u0131r\u0131mlar\u0131ndan biri olan Gardabani kombine elektrik \u00e7evrim santralinin yap\u0131m\u0131n\u0131 <a href=\"https:\/\/www.enerjigazetesi.ist\/wp-content\/uploads\/2013\/10\/gurcistanda-enerji-sektorunde-ki-en-buyuk-yatirim-icin-imzalar-atildi.jpg\"><img loading=\"lazy\" class=\"alignright size-medium wp-image-16377\" title=\"gurcistanda-enerji-sektorunde-ki-en-buyuk-yatirim-icin-imzalar-atildi\" src=\"https:\/\/www.enerjigazetesi.ist\/wp-content\/uploads\/2013\/10\/gurcistanda-enerji-sektorunde-ki-en-buyuk-yatirim-icin-imzalar-atildi-300x197.jpg\" alt=\"\" width=\"300\" height=\"197\" srcset=\"https:\/\/www.enerjigazetesi.ist\/wp-content\/uploads\/2013\/10\/gurcistanda-enerji-sektorunde-ki-en-buyuk-yatirim-icin-imzalar-atildi-300x197.jpg 300w, https:\/\/www.enerjigazetesi.ist\/wp-content\/uploads\/2013\/10\/gurcistanda-enerji-sektorunde-ki-en-buyuk-yatirim-icin-imzalar-atildi-500x328.jpg 500w, https:\/\/www.enerjigazetesi.ist\/wp-content\/uploads\/2013\/10\/gurcistanda-enerji-sektorunde-ki-en-buyuk-yatirim-icin-imzalar-atildi-76x50.jpg 76w, https:\/\/www.enerjigazetesi.ist\/wp-content\/uploads\/2013\/10\/gurcistanda-enerji-sektorunde-ki-en-buyuk-yatirim-icin-imzalar-atildi.jpg 540w\" sizes=\"(max-width: 300px) 100vw, 300px\" \/><\/a>\u00fcstlendi. Ger\u00e7ekle\u015ftirilen imza t\u00f6renine G\u00fcrcistan Enerji Bakan\u0131 Kaka Kaladze , JSC Partnership Fund Ba\u015fkan\u0131 Say\u0131n Irakli Kovzanadze, G\u00fcrcistan Enerji Gaz (GOGC) Genel Direkt\u00f6r\u00fc David Tvalabeishvili ve \u00c7al\u0131k Enerji \u0130\u015f Geli\u015ftirme Direkt\u00f6r\u00fc Halil Sar\u0131bay kat\u0131ld\u0131lar.<\/strong> <!--?xml:namespace prefix = \"o\" ns = \"urn:schemas-microsoft-com:office:office\" \/--><\/p>\n<p>Tiflis\u2019e 35 kilometre uzakl\u0131ktaki Gardabani kombine elektrik \u00e7evrim santrali,\u00a0 G\u00fcrcistan\u2019\u0131n enerji sekt\u00f6r\u00fcnde son y\u0131llardaki en b\u00fcy\u00fck yat\u0131r\u0131m\u0131 niteli\u011finde. 230 MW g\u00fc\u00e7teki kombine \u00e7evrim elektrik santralinde General Electric t\u00fcrbin kullan\u0131lacak ve santral 740 g\u00fcn i\u00e7erisinde elektrik \u00fcretmeye ba\u015flayacak. Bu yat\u0131r\u0131m\u0131n \u00c7al\u0131k Enerji taraf\u0131ndan ger\u00e7ekle\u015ftirilmesi, T\u00fcrkiye ve G\u00fcrcistan aras\u0131ndaki ili\u015fkilere ve ekonomik i\u015fbirli\u011fine \u00f6nemli bir katma de\u011fer sa\u011flayacak.<\/p>\n<p>\u00c7al\u0131k Enerji, 2011 y\u0131l\u0131 rakamlar\u0131na g\u00f6re yay\u0131nlanan 2012 y\u0131l\u0131 ENR listesinde d\u00fcnyan\u0131n en b\u00fcy\u00fck 129&#8217;uncu m\u00fcteahhitlik firmas\u0131 olarak yer alm\u0131\u015ft\u0131. \u015eirket, 2013 listesinde ise 111&#8217;inci s\u0131raya y\u00fckseldi.<\/p>\n<p>Yay\u0131nc\u0131: <a href=\"https:\/\/www.enerjigazetesi.ist\" target=\"_blank\">Enerji Gazetesi<\/a><\/p>","protected":false},"excerpt":{"rendered":"<p>Sorry, this entry is only available in Turkish. For the sake of viewer convenience, the content is shown below in the alternative language. You may click the link to switch the active language.\u00c7al\u0131k Holding i\u015ftiraklerinden \u00c7al\u0131k Enerji, G\u00fcrcistan\u2019\u0131n enerji sekt\u00f6r\u00fcnde son d\u00f6nemdeki en b\u00fcy\u00fck yat\u0131r\u0131mlar\u0131ndan biri olan Gardabani kombine elektrik \u00e7evrim santralinin yap\u0131m\u0131n\u0131 \u00fcstlendi. Ger\u00e7ekle\u015ftirilen [&hellip;]<\/p>\n","protected":false},"author":1,"featured_media":16377,"comment_status":"open","ping_status":"open","sticky":false,"template":"","format":"standard","meta":[],"categories":[51,53],"tags":[598,1051,9477,19,63,67,1009,165,9475,9479,9478,9476,9480],"views":828,"_links":{"self":[{"href":"https:\/\/www.enerjigazetesi.ist\/en\/wp-json\/wp\/v2\/posts\/16376"}],"collection":[{"href":"https:\/\/www.enerjigazetesi.ist\/en\/wp-json\/wp\/v2\/posts"}],"about":[{"href":"https:\/\/www.enerjigazetesi.ist\/en\/wp-json\/wp\/v2\/types\/post"}],"author":[{"embeddable":true,"href":"https:\/\/www.enerjigazetesi.ist\/en\/wp-json\/wp\/v2\/users\/1"}],"replies":[{"embeddable":true,"href":"https:\/\/www.enerjigazetesi.ist\/en\/wp-json\/wp\/v2\/comments?post=16376"}],"version-history":[{"count":3,"href":"https:\/\/www.enerjigazetesi.ist\/en\/wp-json\/wp\/v2\/posts\/16376\/revisions"}],"predecessor-version":[{"id":16379,"href":"https:\/\/www.enerjigazetesi.ist\/en\/wp-json\/wp\/v2\/posts\/16376\/revisions\/16379"}],"wp:featuredmedia":[{"embeddable":true,"href":"https:\/\/www.enerjigazetesi.ist\/en\/wp-json\/wp\/v2\/media\/16377"}],"wp:attachment":[{"href":"https:\/\/www.enerjigazetesi.ist\/en\/wp-json\/wp\/v2\/media?parent=16376"}],"wp:term":[{"taxonomy":"category","embeddable":true,"href":"https:\/\/www.enerjigazetesi.ist\/en\/wp-json\/wp\/v2\/categories?post=16376"},{"taxonomy":"post_tag","embeddable":true,"href":"https:\/\/www.enerjigazetesi.ist\/en\/wp-json\/wp\/v2\/tags?post=16376"}],"curies":[{"name":"wp","href":"https:\/\/api.w.org\/{rel}","templated":true}]}}