{"id":163683,"date":"2022-11-22T11:49:01","date_gmt":"2022-11-22T08:49:01","guid":{"rendered":"https:\/\/www.enerjigazetesi.ist\/?p=163683"},"modified":"2022-11-22T11:55:16","modified_gmt":"2022-11-22T08:55:16","slug":"avrupa-atik-azaltim-haftasi-bu-yil-atigin-modasi-gecti-temasi-ile-yapiliyor","status":"publish","type":"post","link":"https:\/\/www.enerjigazetesi.ist\/en\/avrupa-atik-azaltim-haftasi-bu-yil-atigin-modasi-gecti-temasi-ile-yapiliyor\/","title":{"rendered":"(Turkish) Avrupa At\u0131k Azalt\u0131m Haftas\u0131 Bu Y\u0131l &#8216;At\u0131\u011f\u0131n Modas\u0131 Ge\u00e7ti&#8217; Temas\u0131 ile Yap\u0131l\u0131yor"},"content":{"rendered":"<p class=\"qtranxs-available-languages-message qtranxs-available-languages-message-en\">Sorry, this entry is only available in <a href=\"https:\/\/www.enerjigazetesi.ist\/tr\/wp-json\/wp\/v2\/posts\/163683\" class=\"qtranxs-available-language-link qtranxs-available-language-link-tr\" title=\"Turkish\">Turkish<\/a>. For the sake of viewer convenience, the content is shown below in the alternative language. You may click the link to switch the active language.<\/p><p><\/p>\n<h2><strong>At\u0131k \u00f6nleme konusunda fark\u0131ndal\u0131\u011f\u0131 art\u0131rma hedefli en b\u00fcy\u00fck kampanya olan Avrupa At\u0131k Azalt\u0131m Haftas\u0131 bu y\u0131l 19-27 Kas\u0131m 2022 tarihlerinde \u201cAt\u0131\u011f\u0131n Modas\u0131 Ge\u00e7ti\u201d temas\u0131 ile ger\u00e7ekle\u015ftiriliyor<\/strong>.<\/h2>\n<p><em>\u0130stanbul Teknik \u00dcniversitesi \u00d6\u011fretim \u00dcyesi ve S\u00fcrd\u00fcr\u00fclebilir \u00dcretim ve T\u00fcketim Derne\u011fi (S\u00dcT-D) Ba\u015fkan\u0131<\/em> <strong>Prof. Dr. Filiz Karaosmano\u011flu<\/strong> <strong>tekstil<\/strong> ve<strong> giyim<\/strong> sekt\u00f6r\u00fc ba\u015fta <strong>iklim de\u011fi\u015fikli\u011fi<\/strong> olmak \u00fczere ya\u015fam d\u00f6ng\u00fcs\u00fc boyunca her a\u015famada y\u00fcksek \u00e7evresel etkiye sahip. Bu nedenle sekt\u00f6r ve yurtta\u015flar i\u00e7in s\u00fcrd\u00fcr\u00fclebilir \u00fcretim ve t\u00fcketim m\u00fchim. Ev tekstili ve giysilerimizi sat\u0131n al\u0131rken, kullan\u0131rken, faydal\u0131 kullan\u0131m \u00f6mr\u00fcn\u00fc tamamlad\u0131klar\u0131nda dikkat ve \u00f6zen g\u00f6stererek, <strong>at\u0131k giysilerimizle<\/strong> <strong>d\u00f6ng\u00fcsel ekonomide<\/strong> de\u011fer yaratma <strong>yeni modas\u0131na uyal\u0131m<\/strong>, <strong>kendi modam\u0131z\u0131 yaratal\u0131m<\/strong> \u00e7a\u011fr\u0131s\u0131 yapt\u0131.<\/p>\n<div id=\"attachment_163688\" style=\"width: 330px\" class=\"wp-caption alignright\"><img aria-describedby=\"caption-attachment-163688\" loading=\"lazy\" class=\"wp-image-163688\" src=\"https:\/\/www.enerjigazetesi.ist\/wp-content\/uploads\/2022\/11\/avrupa-atik-azaltim-haftasi-bu-yil-atigin-modasi-gecti-temasi-ile-yapiliyor-2.jpg\" alt=\"\" width=\"320\" height=\"350\" srcset=\"https:\/\/www.enerjigazetesi.ist\/wp-content\/uploads\/2022\/11\/avrupa-atik-azaltim-haftasi-bu-yil-atigin-modasi-gecti-temasi-ile-yapiliyor-2.jpg 497w, https:\/\/www.enerjigazetesi.ist\/wp-content\/uploads\/2022\/11\/avrupa-atik-azaltim-haftasi-bu-yil-atigin-modasi-gecti-temasi-ile-yapiliyor-2-275x300.jpg 275w, https:\/\/www.enerjigazetesi.ist\/wp-content\/uploads\/2022\/11\/avrupa-atik-azaltim-haftasi-bu-yil-atigin-modasi-gecti-temasi-ile-yapiliyor-2-366x400.jpg 366w, https:\/\/www.enerjigazetesi.ist\/wp-content\/uploads\/2022\/11\/avrupa-atik-azaltim-haftasi-bu-yil-atigin-modasi-gecti-temasi-ile-yapiliyor-2-46x50.jpg 46w\" sizes=\"(max-width: 320px) 100vw, 320px\" \/><p id=\"caption-attachment-163688\" class=\"wp-caption-text\">\u0130stanbul Teknik \u00dcniversitesi \u00d6\u011fretim \u00dcyesi ve S\u00fcrd\u00fcr\u00fclebilir \u00dcretim ve T\u00fcketim Derne\u011fi (S\u00dcT-D) Ba\u015fkan\u0131 Prof. Dr. Filiz Karaosmano\u011flu<\/p><\/div>\n<h3><strong>Tekstil ve giyim sekt\u00f6r\u00fc ile insan ve do\u011fa etkile\u015fimi<\/strong><\/h3>\n<p>Prof. Dr. Filiz Karaosmano\u011flu \u201cGiyinme temel ihtiya\u00e7, moda ki\u015finin kendini ifade ve tarz\u0131n\u0131 belirtme yollar\u0131ndan biridir. Tekstil ve giyim sekt\u00f6r\u00fc yaratt\u0131\u011f\u0131 istihdam ve katma de\u011fer ile devasa bir end\u00fcstri iken, moda sekt\u00f6r ve t\u00fcketiciyi tetikler. Ev tekstil \u00fcr\u00fcnleri, giysilerimiz, aksesuarlar\u0131m\u0131z rengarenk, \u0131\u015f\u0131lt\u0131l\u0131 bir g\u00fczelliktir. Ancak tekstil ve giyim sekt\u00f6r\u00fc ya\u015fam d\u00f6ng\u00fcs\u00fc boyunca her a\u015famada g\u00fcn\u00fcm\u00fcz\u00fcn \u00fc\u00e7 acil sorunu olan <strong>\u00e7evre kirlili\u011fi, biyo\u00e7e\u015fitlilik kayb\u0131<\/strong> ve <strong>iklim de\u011fi\u015fikli\u011fine<\/strong> etkileriyle insan ve do\u011fa sa\u011fl\u0131\u011f\u0131 i\u00e7in kritik sekt\u00f6rd\u00fcr. Bu nedenle \u00fcretici ve t\u00fcketici sorumlulu\u011fu \u00f6nemli, <strong>en iyi at\u0131k y\u00f6netimi<\/strong> ile<strong> s\u00fcrd\u00fcr\u00fclebilir<\/strong> <strong>\u00fcretim<\/strong> ve <strong>t\u00fcketim<\/strong> \u015fartt\u0131r vurgusunu yapt\u0131.<\/p>\n<h3><strong>Eskisi olmayan\u0131n yenisi olmaz<\/strong><\/h3>\n<p>Ev tekstil \u00fcr\u00fcnleri, giysilerimiz, aksesuarlar\u0131m\u0131z y\u0131rt\u0131labilir, solabilir, nitelikleri bozulabilir ya da art\u0131k bunlar benim i\u00e7in \u00f6mr\u00fcn\u00fc tamamlad\u0131, hatta modas\u0131 ge\u00e7ti diyebiliriz. \u0130\u015fte burada dikkat gerek. \u00d6nce sat\u0131n almada bilin\u00e7li olmal\u0131y\u0131z. Gerekli oldu\u011funa karar verdi\u011fimiz, uzun \u00f6m\u00fcrl\u00fc, \u00f6zellikleri iyi ve s\u00fcrd\u00fcr\u00fclebilirlik y\u00f6netimine \u00f6nem g\u00f6steren markalardan \u00fcr\u00fcn se\u00e7meliyiz. Kullan\u0131rken onarma, yenileme \u00e7ok m\u00fchim. Yaka, boy de\u011fi\u015ftirmek, b\u00fcy\u00fck \u00fcr\u00fcnden daha k\u00fc\u00e7\u00fck ya da farkl\u0131 \u00fcr\u00fcnler \u00e7\u0131karmak da m\u00fcmk\u00fcn. <strong>\u00d6rne\u011fin pala kilimi<\/strong> gibi. Evimizde yapam\u0131yorsak d\u00fczeltme terzisi, <strong>nam-\u0131 di\u011fer komandaturaya<\/strong> gitmeliyiz. Giderek <strong>\u00e7ok azalan bu meslek erbab\u0131<\/strong> yeniden \u00f6nemli olmakta. <strong>Hasarl\u0131 giysileri diki\u015f makinesi kullanmadan onaran<\/strong> meslek erbab\u0131 ise<strong> \u00f6rg\u00fcc\u00fclerdir<\/strong>. Hem i\u015fin ekonomik boyutu hem de bilin\u00e7li t\u00fcketici olma gere\u011fi ya\u015fam\u0131m\u0131zda <strong>komandatura<\/strong> ve <strong>\u00f6rg\u00fcc\u00fcn\u00fcn olmas\u0131n\u0131<\/strong> mecbur k\u0131l\u0131yor. \u00c7\u00fcnk\u00fc eskisi olmayan\u0131n yenisi olmaz diyen Dr. Karaosmano\u011flu faydal\u0131 kullan\u0131m \u00f6mr\u00fcn\u00fc tamamlad\u0131\u011f\u0131na karar verdi\u011fimiz at\u0131k tekstili ise i\u015flenmek \u00fczere d\u00f6ng\u00fcsel ekonomiye kazand\u0131rmal\u0131y\u0131z a\u00e7\u0131klamas\u0131n\u0131 yapt\u0131.<\/p>\n<h3><strong>At\u0131\u011f\u0131n modas\u0131 ge\u00e7ti, yeni modaya uyal\u0131m<\/strong><\/h3>\n<p>Prof. Karaosmano\u011flu <em>\u201c<strong>Faydal\u0131 kullan\u0131m \u00f6mr\u00fcn\u00fc tamamlam\u0131\u015f<\/strong> at\u0131k <strong>ev tekstil \u00fcr\u00fcnleri,<\/strong> <strong>giysilerimiz<\/strong>, aksesuarlar\u0131m\u0131z <strong>yeni \u00fcretimler<\/strong> i\u00e7in <strong>birer ham madde<\/strong>, di\u011fer deyi\u015fle <strong>ulusal servetimizdir.<\/strong> Hepsini yak\u0131n\u0131m\u0131zdaki <strong>at\u0131k toplama kutular\u0131na, belediyelerimizin toplama merkezlerine<\/strong>, e\u011fer <span style=\"text-decoration: underline;\">topluyorlarsa<\/span><strong> sat\u0131n ald\u0131\u011f\u0131m\u0131z yere<\/strong> teslim etmeliyiz. B\u00f6ylece at\u0131klar\u0131m\u0131z geri d\u00f6n\u00fc\u015f\u00fcm ile i\u015flenerek <strong>d\u00f6ng\u00fcsel ekonomide<\/strong> katma de\u011fer ve istihdam yarat\u0131r. En \u00f6nemlisi de d\u00fcnyam\u0131z\u0131n kaynaklar\u0131n\u0131 daha verimli t\u00fcketmi\u015f oluruz. <strong>At\u0131\u011f\u0131n modas\u0131 ge\u00e7ti. Yeni moda bu.&#8221;<\/strong><\/em><strong>bilgilerini verdi.<\/strong><\/p>\n<h3><strong>Kendi modam\u0131z\u0131 yaratal\u0131m<\/strong><\/h3>\n<p>Hepimiz at\u0131k \u00f6nceliklemesine g\u00f6re <strong>ev tekstil \u00fcr\u00fcnlerini<\/strong>, <strong>giysilerimizi<\/strong>, <strong>akessuarlar\u0131m\u0131z\u0131<\/strong> bilin\u00e7li sat\u0131n almal\u0131, <strong>uzun s\u00fcre kullanmal\u0131, gere\u011finde onararak \u00f6m\u00fcr katmal\u0131<\/strong>, m\u00fcmk\u00fcn en az at\u0131\u011fa sebep olmal\u0131, ard\u0131ndan at\u0131\u011f\u0131 yeniden kullanma se\u00e7eneklerimizi de\u011ferlendirmeli ve en sonunda da <strong>geri d\u00f6n\u00fc\u015f\u00fcme sokmal\u0131y\u0131z.<\/strong> Bu s\u00fcre\u00e7 ki\u015finin<strong> s\u00fcrd\u00fcr\u00fclebilir ya\u015fam tarz\u0131n\u0131n<\/strong> bir g\u00f6stergesi, kendi modas\u0131d\u0131r diyen <strong>Dr. Karaosmano\u011flu<\/strong> at\u0131\u011f\u0131m\u0131z\u0131 <strong>iyi y\u00f6netelim,<\/strong> <strong>kendi modam\u0131z\u0131 yaratal\u0131m \u00e7a\u011fr\u0131s\u0131 yapt\u0131.<\/strong><\/p>","protected":false},"excerpt":{"rendered":"<p>Sorry, this entry is only available in Turkish. For the sake of viewer convenience, the content is shown below in the alternative language. You may click the link to switch the active language. At\u0131k \u00f6nleme konusunda fark\u0131ndal\u0131\u011f\u0131 art\u0131rma hedefli en b\u00fcy\u00fck kampanya olan Avrupa At\u0131k Azalt\u0131m Haftas\u0131 bu y\u0131l 19-27 Kas\u0131m 2022 tarihlerinde \u201cAt\u0131\u011f\u0131n Modas\u0131 [&hellip;]<\/p>\n","protected":false},"author":1,"featured_media":163690,"comment_status":"open","ping_status":"open","sticky":false,"template":"","format":"standard","meta":[],"categories":[53],"tags":[106328,106329,106327,106326],"views":59,"_links":{"self":[{"href":"https:\/\/www.enerjigazetesi.ist\/en\/wp-json\/wp\/v2\/posts\/163683"}],"collection":[{"href":"https:\/\/www.enerjigazetesi.ist\/en\/wp-json\/wp\/v2\/posts"}],"about":[{"href":"https:\/\/www.enerjigazetesi.ist\/en\/wp-json\/wp\/v2\/types\/post"}],"author":[{"embeddable":true,"href":"https:\/\/www.enerjigazetesi.ist\/en\/wp-json\/wp\/v2\/users\/1"}],"replies":[{"embeddable":true,"href":"https:\/\/www.enerjigazetesi.ist\/en\/wp-json\/wp\/v2\/comments?post=163683"}],"version-history":[{"count":0,"href":"https:\/\/www.enerjigazetesi.ist\/en\/wp-json\/wp\/v2\/posts\/163683\/revisions"}],"wp:featuredmedia":[{"embeddable":true,"href":"https:\/\/www.enerjigazetesi.ist\/en\/wp-json\/wp\/v2\/media\/163690"}],"wp:attachment":[{"href":"https:\/\/www.enerjigazetesi.ist\/en\/wp-json\/wp\/v2\/media?parent=163683"}],"wp:term":[{"taxonomy":"category","embeddable":true,"href":"https:\/\/www.enerjigazetesi.ist\/en\/wp-json\/wp\/v2\/categories?post=163683"},{"taxonomy":"post_tag","embeddable":true,"href":"https:\/\/www.enerjigazetesi.ist\/en\/wp-json\/wp\/v2\/tags?post=163683"}],"curies":[{"name":"wp","href":"https:\/\/api.w.org\/{rel}","templated":true}]}}