{"id":163675,"date":"2022-11-22T11:12:21","date_gmt":"2022-11-22T08:12:21","guid":{"rendered":"https:\/\/www.enerjigazetesi.ist\/?p=163675"},"modified":"2022-11-22T11:14:43","modified_gmt":"2022-11-22T08:14:43","slug":"istanbul-47-ulkeyi-bulusturdu-dunyaya-cozum-icin-umut-isigi-oldu","status":"publish","type":"post","link":"https:\/\/www.enerjigazetesi.ist\/en\/istanbul-47-ulkeyi-bulusturdu-dunyaya-cozum-icin-umut-isigi-oldu\/","title":{"rendered":"(Turkish) &#8217;\u0130stanbul&#8217; 47 \u00dclkeyi Bulu\u015fturdu, D\u00fcnyaya \u00c7\u00f6z\u00fcm \u0130\u00e7in Umut I\u015f\u0131\u011f\u0131 Oldu"},"content":{"rendered":"<p class=\"qtranxs-available-languages-message qtranxs-available-languages-message-en\">Sorry, this entry is only available in <a href=\"https:\/\/www.enerjigazetesi.ist\/tr\/wp-json\/wp\/v2\/posts\/163675\" class=\"qtranxs-available-language-link qtranxs-available-language-link-tr\" title=\"Turkish\">Turkish<\/a>. For the sake of viewer convenience, the content is shown below in the alternative language. You may click the link to switch the active language.<\/p><p><\/p>\n<h2><strong>Uluslararas\u0131 \u0130\u015fbirli\u011fi Platformu (U\u0130P) taraf\u0131ndan d\u00fczenlenen 13&#8217;\u00fcnc\u00fc Bo\u011fazi\u00e7i Zirvesi, 47 \u00fclkeden gelen 1000\u2019in \u00fczerinde devlet adam\u0131, siyasi lider, y\u00fcksek seviyeli devlet g\u00f6revlisi, i\u015fadam\u0131, akademisyen ve bas\u0131n mensuplar\u0131n\u0131n kat\u0131l\u0131m\u0131 ile ger\u00e7ekle\u015ftirildi. \u201cB\u00fcy\u00fck D\u00f6n\u00fc\u015f\u00fcm: K\u00fcresel De\u011fi\u015fimin \u0130tici G\u00fc\u00e7leri\u201d temas\u0131yla yap\u0131lan ve iki g\u00fcn s\u00fcren zirveye kat\u0131l\u0131m\u0131n y\u00fcksek olmas\u0131, aralar\u0131nda Cumhuriyetin 100&#8217;\u00fcnc\u00fc kurulu\u015f y\u0131ld\u00f6n\u00fcm\u00fcn\u00fcn de bulundu\u011fu gelecek toplant\u0131lara kat\u0131l\u0131m\u0131n daha y\u00fcksek olaca\u011f\u0131 y\u00f6n\u00fcndeki beklentileri kuvvetlendirdi.<\/strong><\/h2>\n<p><strong>10-11 Kas\u0131m<\/strong> tarihlerinde \u0130stanbul Conrad Otel&#8217;de ger\u00e7ekle\u015ftirilen <strong>13&#8217;\u00fcnc\u00fc Bo\u011fazi\u00e7i Zirvesi<\/strong>, iki g\u00fcn <img loading=\"lazy\" class=\"alignright wp-image-163679\" src=\"https:\/\/www.enerjigazetesi.ist\/wp-content\/uploads\/2022\/11\/istanbul-47-ulkeyi-bulusturdu-dunyaya-cozum-icin-umut-isigi-oldu-2.jpg\" alt=\"\" width=\"320\" height=\"214\" srcset=\"https:\/\/www.enerjigazetesi.ist\/wp-content\/uploads\/2022\/11\/istanbul-47-ulkeyi-bulusturdu-dunyaya-cozum-icin-umut-isigi-oldu-2.jpg 550w, https:\/\/www.enerjigazetesi.ist\/wp-content\/uploads\/2022\/11\/istanbul-47-ulkeyi-bulusturdu-dunyaya-cozum-icin-umut-isigi-oldu-2-300x201.jpg 300w, https:\/\/www.enerjigazetesi.ist\/wp-content\/uploads\/2022\/11\/istanbul-47-ulkeyi-bulusturdu-dunyaya-cozum-icin-umut-isigi-oldu-2-500x335.jpg 500w, https:\/\/www.enerjigazetesi.ist\/wp-content\/uploads\/2022\/11\/istanbul-47-ulkeyi-bulusturdu-dunyaya-cozum-icin-umut-isigi-oldu-2-75x50.jpg 75w, https:\/\/www.enerjigazetesi.ist\/wp-content\/uploads\/2022\/11\/istanbul-47-ulkeyi-bulusturdu-dunyaya-cozum-icin-umut-isigi-oldu-2-450x300.jpg 450w\" sizes=\"(max-width: 320px) 100vw, 320px\" \/>boyunca t\u00fcm d\u00fcnyan\u0131n g\u00f6z\u00fcn\u00fcn \u0130stanbul&#8217;da olmas\u0131n\u0131 sa\u011flad\u0131. Toplant\u0131lar\u0131n Atat\u00fcrk\u2019\u00fcn <strong>84&#8217;\u00fcnc\u00fc \u00f6l\u00fcm y\u0131ld\u00f6n\u00fcm\u00fc<\/strong> olan <strong>10 Kas\u0131m&#8217;a<\/strong> tesad\u00fcf etmesi ile a\u00e7\u0131l\u0131\u015f <strong>Atat\u00fcrk\u2019e<\/strong> tahsis edilen bir oturumla ba\u015flarken, konu\u015fmac\u0131lar Atat\u00fcrk\u2019\u00fcn <strong>d\u00fcnyan\u0131n \u00e7ok uluslu imparatorluklardan<\/strong> <strong>ulus-devletler sistemine ge\u00e7i\u015finde oynad\u0131\u011f\u0131 kritik role<\/strong> dikkat \u00e7ekti. Ayr\u0131ca Atat\u00fcrk&#8217;\u00fcn Kurtulu\u015f Sava\u015f\u0131\u2019na \u00f6nderlik ettikten sonra <strong>enerjisini bar\u0131\u015f\u00e7\u0131l y\u00f6ntemlerle<\/strong> d\u00fcnya devletleri camias\u0131nda yerini alacak modern bir T\u00fcrk ulus devleti in\u015fa etmeye y\u00f6nlendirdi\u011fi vurguland\u0131.<\/p>\n<h3><strong>B\u0130RLE\u015eM\u0130\u015e M\u0130LLETLER&#8217;\u0130 SU\u00c7LAMAK DE\u011e\u0130L \u0130Y\u0130LE\u015eT\u0130RMEK GEREK\u00a0<\/strong><\/h3>\n<p>Bo\u011fazi\u00e7i Zirvesi&#8217;nin bu y\u0131l <strong>\u201cB\u00fcy\u00fck D\u00f6n\u00fc\u015f\u00fcm: K\u00fcresel De\u011fi\u015fimin \u0130tici G\u00fc\u00e7leri\u201d<\/strong> temas\u0131 ile topland\u0131\u011f\u0131n\u0131 belirten <em>Uluslararas\u0131 \u0130\u015fbirli\u011fi Platformu (U\u0130P) Kurucusu<\/em> Cengiz \u00d6zgencil, d\u00fcnyan\u0131n de\u011fi\u015fim bask\u0131s\u0131n\u0131n sanc\u0131lar\u0131n\u0131 fazlas\u0131yla hissetmeye ba\u015flad\u0131\u011f\u0131 \u015fu g\u00fcnlerde kat\u0131l\u0131mc\u0131lar\u0131n ufuk a\u00e7\u0131c\u0131 konu\u015fmalar yapt\u0131klar\u0131n\u0131 ifade etti. D\u00fcnyan\u0131n <strong>bar\u0131\u015f<\/strong> ve <strong>refaha<\/strong> meydan okuyan bir dizi geli\u015fme ile ilgilenmek durumunda oldu\u011funu s\u00f6yleyen \u00d6zgencil, <em>&#8220;<strong>K\u00fcresel y\u00f6neti\u015fim, k\u00fcresel ekonomi, k\u00fcresel g\u00fcvenlik ve iklim krizi<\/strong> ciddi anlamda \u00fczerine e\u011filmemiz gereken konular. Zirve kat\u0131l\u0131mc\u0131lar\u0131 da Birle\u015fmi\u015f Milletler&#8217;in k\u00fcresel y\u00f6neti\u015fimin ba\u015fl\u0131ca arac\u0131n\u0131 temsil etti\u011fi konusu \u00fczerinde birle\u015firken, bu sistemin bir yandan <strong>d\u00fcnyadaki g\u00fc\u00e7 da\u011f\u0131l\u0131m\u0131nda,<\/strong> di\u011fer yandan <strong>insan ihtiya\u00e7lar\u0131 hiyerar\u015fisinde<\/strong> de\u011fi\u015fmeleri yans\u0131tacak \u015fekilde reforma tabi tutulmas\u0131 gerekti\u011fi d\u00fc\u015f\u00fcncesini ortaya koydular. Birle\u015fmi\u015f Milletler\u2019i g\u00fcn\u00fcm\u00fcz\u00fcn sorunlar\u0131na \u00e7are bulamamakla su\u00e7lamak ve yeni bir <strong>k\u00fcresel y\u00f6neti\u015fim sistemi<\/strong> aramak yerine, y\u00fczy\u0131llar s\u00fcren aray\u0131\u015flar sonucu kurulabilmi\u015f bu <strong>\u00f6rg\u00fct\u00fcn iyile\u015ftirilmesine \u00e7al\u0131\u015f\u0131lmas\u0131<\/strong> ortak g\u00f6r\u00fc\u015f olarak \u00f6ne \u00e7\u0131kt\u0131&#8221;<\/em> dedi.<\/p>\n<p>K\u00fcresel ekonominin az say\u0131da <strong>toplum<\/strong> ve <strong>bireye<\/strong> b\u00fcy\u00fck refah sa\u011flarken, d\u00fcnyan\u0131n b\u00fcy\u00fck bir b\u00f6l\u00fcm\u00fcnde ya\u015fayanlar\u0131n yeterli beslenmesini, <strong>sa\u011fl\u0131k<\/strong> ve <strong>e\u011fitim hizmeti<\/strong> almalar\u0131n\u0131 sa\u011flayamamas\u0131n\u0131n herkesin malumu oldu\u011funa i\u015faret eden \u00d6zgencil, <em>&#8220;<strong>Kapitalist sistemin<\/strong> halihaz\u0131rdaki yap\u0131s\u0131n\u0131n de\u011fi\u015fmesi, iktisadi sorunlar\u0131 a\u015fmak i\u00e7in yeni yakla\u015f\u0131mlar benimsemesi ve sorumluluklar y\u00fcklenmesi gerekiyor. Zirvede de dile getirildi\u011fi \u00fczere \u015firketlerin hedeflerini yeniden belirleyerek kar maksimizasyonunun \u00f6tesine ge\u00e7meleri art\u0131k zorunlu bir hal alm\u0131\u015ft\u0131r. Nitekim baz\u0131 \u015firketlerin bu y\u00f6nde ilerlemeye ba\u015flad\u0131klar\u0131n\u0131 g\u00f6rmek de umut verici.&#8221;<\/em> diye konu\u015ftu.<\/p>\n<h3><strong>ENERJ\u0130Y\u0130 BARI\u015e \u0130\u00c7\u0130N HARCAMALIYIZ<\/strong><\/h3>\n<p>Zirvedeki oturumlarda <strong>Rusya<\/strong> ile <strong>Ukrayna<\/strong> aras\u0131ndaki sava\u015f\u0131n da konu\u015fuldu\u011funu kaydeden \u00d6zgencil, n\u00fckleer silah tehdidine kar\u015f\u0131 nas\u0131l bir<strong> k\u00fcresel g\u00fcvenlik sistemi kurulmas\u0131<\/strong> gerekti\u011fi konusunun da \u00f6nem ta\u015f\u0131d\u0131\u011f\u0131n\u0131 belirtti. \u00d6zgencil, <span style=\"text-decoration: underline;\">\u015f\u00f6yle devam etti:<\/span><\/p>\n<p><em>&#8220;\u00c7ift kutuplu sistemin \u00e7\u00f6kmesinden sonra k\u0131sa bir tek kutupluluk d\u00f6nemi ya\u015fanm\u0131\u015f ve ard\u0131ndan uzun s\u00fcren bir\u00e7ok-kutuplulu\u011fa ge\u00e7me s\u00fcrecine girilmi\u015fken, g\u00fcn\u00fcm\u00fczde yeniden iki kutuplu bir d\u00fcnyaya d\u00f6nme olas\u0131l\u0131\u011f\u0131 ortaya \u00e7\u0131kt\u0131. \u015eu s\u0131ralarda k\u00fcresel g\u00fcvenli\u011fin nas\u0131l d\u00fczenlenmesi gerekti\u011fi konusunda belirgin bir \u00e7\u00f6z\u00fcm yolu olu\u015fturulmam\u0131\u015f olmakla birlikte, <strong>entelekt\u00fcel enerjilerimizi<\/strong> bu sorun \u00fczerinde yo\u011funla\u015ft\u0131rmam\u0131z gerekiyor. T\u00fcm kat\u0131l\u0131mc\u0131lar, sava\u015f korkusu ya\u015famaktansa, en parlak zekalar\u0131m\u0131z\u0131, <strong>enerjilerimizi ve kaynaklar\u0131m\u0131z\u0131<\/strong> bu meydan okumaya seferber etmemiz gerekti\u011fi konusunda birle\u015ftiler. Bunu ba\u015faramazsak, hepimizin korktu\u011fu ve \u00f6nlemek istedi\u011fi y\u0131k\u0131mla kar\u015f\u0131 kar\u015f\u0131ya kalabiliriz. Kat\u0131lanlar, insanl\u0131\u011f\u0131n b\u00fcy\u00fck d\u00f6n\u00fc\u015f\u00fcm\u00fc <strong>bar\u0131\u015f\u00e7\u0131l y\u00f6ntemlerle<\/strong> ger\u00e7ekle\u015ftirecek kabiliyete sahip oldu\u011funa, <strong>enerjilerini<\/strong> buna tahsis edebileceklerine ve b\u00f6yle bir <strong>de\u011fi\u015fimin yarataca\u011f\u0131 k\u00fclfetleri<\/strong> payla\u015fabileceklerine inand\u0131klar\u0131n\u0131 ifade ettiler.&#8221;<\/em><\/p>\n<p>Zirveye damga vuran bir di\u011fer konunun da<strong> iklim de\u011fi\u015fikli\u011fi<\/strong> oldu\u011funa i\u015faret eden \u00d6zgencil, e\u011fer iklim de\u011fi\u015fikli\u011finin sundu\u011fu meydan okumaya \u00e7are bulunamazsa insano\u011flunun 2050 y\u0131l\u0131nda yery\u00fcz\u00fcnden silinmesi olas\u0131l\u0131\u011f\u0131 ile kar\u015f\u0131 kar\u015f\u0131ya kalaca\u011f\u0131n\u0131n toplant\u0131larda vurguland\u0131\u011f\u0131n\u0131 belirtti. \u00d6zellikle hava kirlenmesinin ba\u015f sorumlusu olan <strong>sanayile\u015fmi\u015f \u00fclkelerin<\/strong> bu problemin \u00e7\u00f6z\u00fclmesinde <strong>\u00f6nc\u00fcl\u00fc\u011f\u00fc \u00fcstlenmesinin<\/strong> \u00f6zel bir \u00f6nemi oldu\u011funu vurgulayan \u00d6zgencil, siyasi karar vericilerin bu sorunla hemen ilgilenmeleri konusunda<strong> ikna edilmeleri<\/strong> gerekti\u011fini belirtti.<\/p>\n<h3><strong>KATILIMIN DAHA DA ARTMASI BEKLEN\u0130YOR<\/strong><\/h3>\n<p>13&#8217;\u00fcnc\u00fc Bo\u011fazi\u00e7i Zirvesi&#8217;nin <strong>47 \u00fclkeden<\/strong> gelen <strong>1000\u2019in \u00fczerinde<\/strong> <em>devlet adam\u0131, siyasi lider, y\u00fcksek seviyeli devlet g\u00f6revlisi, i\u015fadam\u0131, akademisyen ve bas\u0131n mensuplar\u0131n\u0131n kat\u0131l\u0131m\u0131<\/em> ile ger\u00e7ekle\u015ftirildi\u011fine i\u015faret eden \u00d6zgencil, toplant\u0131n\u0131n <strong>Covid salg\u0131n\u0131 sonras\u0131<\/strong> yap\u0131lan ve <strong>hibrit nitelikte<\/strong> olmayan ilk toplant\u0131 oldu\u011funa dikkat \u00e7ekti. Ki\u015fisel kat\u0131l\u0131mla s\u0131n\u0131rl\u0131 bu toplant\u0131ya i\u015ftirakin y\u00fcksek olmas\u0131n\u0131n t\u00fcm d\u00fcnya i\u00e7in umut verici oldu\u011funu belirten \u00d6zgencil, bu yo\u011fun ilginin aralar\u0131nda<strong> Cumhuriyetin 100&#8217;\u00fcnc\u00fc kurulu\u015f y\u0131ld\u00f6n\u00fcm\u00fcn\u00fcn<\/strong> de bulundu\u011fu gelecek toplant\u0131lara kat\u0131l\u0131m\u0131n daha y\u00fcksek olaca\u011f\u0131 y\u00f6n\u00fcndeki beklentileri kuvvetlendirdi\u011fini kaydetti.<\/p>","protected":false},"excerpt":{"rendered":"<p>Sorry, this entry is only available in Turkish. For the sake of viewer convenience, the content is shown below in the alternative language. You may click the link to switch the active language. Uluslararas\u0131 \u0130\u015fbirli\u011fi Platformu (U\u0130P) taraf\u0131ndan d\u00fczenlenen 13&#8217;\u00fcnc\u00fc Bo\u011fazi\u00e7i Zirvesi, 47 \u00fclkeden gelen 1000\u2019in \u00fczerinde devlet adam\u0131, siyasi lider, y\u00fcksek seviyeli devlet g\u00f6revlisi, [&hellip;]<\/p>\n","protected":false},"author":1,"featured_media":163680,"comment_status":"open","ping_status":"open","sticky":false,"template":"","format":"standard","meta":[],"categories":[53],"tags":[106325,1999,61697],"views":31,"_links":{"self":[{"href":"https:\/\/www.enerjigazetesi.ist\/en\/wp-json\/wp\/v2\/posts\/163675"}],"collection":[{"href":"https:\/\/www.enerjigazetesi.ist\/en\/wp-json\/wp\/v2\/posts"}],"about":[{"href":"https:\/\/www.enerjigazetesi.ist\/en\/wp-json\/wp\/v2\/types\/post"}],"author":[{"embeddable":true,"href":"https:\/\/www.enerjigazetesi.ist\/en\/wp-json\/wp\/v2\/users\/1"}],"replies":[{"embeddable":true,"href":"https:\/\/www.enerjigazetesi.ist\/en\/wp-json\/wp\/v2\/comments?post=163675"}],"version-history":[{"count":0,"href":"https:\/\/www.enerjigazetesi.ist\/en\/wp-json\/wp\/v2\/posts\/163675\/revisions"}],"wp:featuredmedia":[{"embeddable":true,"href":"https:\/\/www.enerjigazetesi.ist\/en\/wp-json\/wp\/v2\/media\/163680"}],"wp:attachment":[{"href":"https:\/\/www.enerjigazetesi.ist\/en\/wp-json\/wp\/v2\/media?parent=163675"}],"wp:term":[{"taxonomy":"category","embeddable":true,"href":"https:\/\/www.enerjigazetesi.ist\/en\/wp-json\/wp\/v2\/categories?post=163675"},{"taxonomy":"post_tag","embeddable":true,"href":"https:\/\/www.enerjigazetesi.ist\/en\/wp-json\/wp\/v2\/tags?post=163675"}],"curies":[{"name":"wp","href":"https:\/\/api.w.org\/{rel}","templated":true}]}}