{"id":163628,"date":"2022-11-21T13:04:48","date_gmt":"2022-11-21T10:04:48","guid":{"rendered":"https:\/\/www.enerjigazetesi.ist\/?p=163628"},"modified":"2022-11-21T13:29:25","modified_gmt":"2022-11-21T10:29:25","slug":"nukleerin-yesil-olarak-taninmasi-icin-ab-taksonomi-kriterlerinin-analizi","status":"publish","type":"post","link":"https:\/\/www.enerjigazetesi.ist\/en\/nukleerin-yesil-olarak-taninmasi-icin-ab-taksonomi-kriterlerinin-analizi\/","title":{"rendered":"(Turkish) N\u00fckleer&#8217;in Ye\u015fil Tan\u0131nmas\u0131 \u0130\u00e7in AB Taksonomi Kriterlerinin Analizi Yap\u0131ld\u0131"},"content":{"rendered":"<p class=\"qtranxs-available-languages-message qtranxs-available-languages-message-en\">Sorry, this entry is only available in <a href=\"https:\/\/www.enerjigazetesi.ist\/tr\/wp-json\/wp\/v2\/posts\/163628\" class=\"qtranxs-available-language-link qtranxs-available-language-link-tr\" title=\"Turkish\">Turkish<\/a>. For the sake of viewer convenience, the content is shown below in the alternative language. You may click the link to switch the active language.<\/p><p><\/p>\n<h2>Rosatom, Temmuz 2022&#8217;de kabul edilen AB Taksonomisine Ek Delegasyon Protokol\u00fc\u2019nde belirtildi\u011fi gibi, n\u00fckleer projelerin ye\u015fil olarak tan\u0131nmas\u0131 i\u00e7in AB gerekliliklerinin ayr\u0131nt\u0131l\u0131 bir analizini yay\u0131nlad\u0131.<\/h2>\n<p>\u015eirketin\u00a0<strong><a href=\"https:\/\/rosatom.ru\/upload\/iblock\/085\/0859716deba77a61ebec61a4430b1a44.pdf\" target=\"_blank\" rel=\"noopener\">resmi web sitesinde<\/a><\/strong>\u00a0bulunan<strong> Rosatom analizinin<\/strong> yay\u0131nlanmas\u0131, di\u011fer konular\u0131n yan\u0131 s\u0131ra <strong>\u201cye\u015fil\u201d <\/strong>teknolojileri ve enerji ge\u00e7i\u015fine y\u00f6nelik yollar\u0131 ele alan BM Uluslararas\u0131 \u0130klim De\u011fi\u015fikli\u011fi Konferans\u0131 (COP27) ile ayn\u0131 zamana denk getirildi. Analiz, mevcut <strong>VVER reakt\u00f6r teknolojilerinin<\/strong> yan\u0131 s\u0131ra <strong>yak\u0131t d\u00f6ng\u00fcs\u00fcn\u00fcn kapat\u0131lmas\u0131<\/strong> alan\u0131nda mevcut ve devam etmekte olan <strong>bir dizi yenilik\u00e7i <img loading=\"lazy\" class=\"alignright wp-image-163631\" src=\"https:\/\/www.enerjigazetesi.ist\/wp-content\/uploads\/2022\/11\/nukleerin-yesil-olarak-taninmasi-icin-ab-taksonomi-kriterlerinin-analizi-2.jpg\" alt=\"\" width=\"320\" height=\"214\" srcset=\"https:\/\/www.enerjigazetesi.ist\/wp-content\/uploads\/2022\/11\/nukleerin-yesil-olarak-taninmasi-icin-ab-taksonomi-kriterlerinin-analizi-2.jpg 550w, https:\/\/www.enerjigazetesi.ist\/wp-content\/uploads\/2022\/11\/nukleerin-yesil-olarak-taninmasi-icin-ab-taksonomi-kriterlerinin-analizi-2-300x200.jpg 300w, https:\/\/www.enerjigazetesi.ist\/wp-content\/uploads\/2022\/11\/nukleerin-yesil-olarak-taninmasi-icin-ab-taksonomi-kriterlerinin-analizi-2-500x334.jpg 500w, https:\/\/www.enerjigazetesi.ist\/wp-content\/uploads\/2022\/11\/nukleerin-yesil-olarak-taninmasi-icin-ab-taksonomi-kriterlerinin-analizi-2-75x50.jpg 75w, https:\/\/www.enerjigazetesi.ist\/wp-content\/uploads\/2022\/11\/nukleerin-yesil-olarak-taninmasi-icin-ab-taksonomi-kriterlerinin-analizi-2-450x300.jpg 450w\" sizes=\"(max-width: 320px) 100vw, 320px\" \/>geli\u015fmeyle<\/strong> ilgili olarak yap\u0131l\u0131yor.<\/p>\n<p>Analiz, AB&#8217;nin kriterlerini destekleyen<strong> 4 ana ba\u015fl\u0131\u011f\u0131<\/strong> de\u011ferlendirmektedir:<\/p>\n<p>1- Minimum <strong>sera gaz\u0131 emisyonu<\/strong> seviyesinin teyit edilmesi,<\/p>\n<p>2- Bir n\u00fckleer enerji santralinin <strong>i\u015fletme a\u015famas\u0131nda g\u00fcvenlik<\/strong>,<\/p>\n<p>3- N\u00fckleer <strong>yak\u0131t d\u00f6ng\u00fcs\u00fc<\/strong>,<\/p>\n<p>4- NGS <strong>\u00f6m\u00fcr d\u00f6ng\u00fcs\u00fcn\u00fcn<\/strong> son a\u015famas\u0131.<\/p>\n<p>Genel olarak Rosatom&#8217;un n\u00fckleer enerji alan\u0131ndaki teknolojik \u00e7\u00f6z\u00fcmleri, n\u00fckleer santral g\u00fcvenlik ve g\u00fcvenilirlik gereklilikleri dahil olmak \u00fczere <strong>AB Taksonomi kriterlerini<\/strong> kar\u015f\u0131l\u0131yor. Toleransl\u0131 yak\u0131t a\u00e7\u0131s\u0131ndan kriterler ve <strong>\u00f6m\u00fcr d\u00f6ng\u00fcs\u00fcn\u00fcn son a\u015famas\u0131<\/strong> i\u00e7in gereklilikler de dikkate al\u0131n\u0131yor. Bu alanlara y\u00f6nelik <strong>AB Taksonomi kriterleri<\/strong> \u015fu ana kadar genel bir \u00e7er\u00e7evede d\u00fczenlenmi\u015ftir ve farkl\u0131 \u015fekillerde yorumlanabilir.<\/p>\n<p>AB Taksonomisi bu t\u00fcr taksonomilerin a\u00e7\u0131k ara en kapsaml\u0131s\u0131 oldu\u011fundan ve bir\u00e7ok y\u00f6nden<strong> ye\u015fil proje gereklilikleri<\/strong> i\u00e7in bir <strong>referans listesi i\u015flevi<\/strong> g\u00f6rd\u00fc\u011f\u00fcnden, Rosatom&#8217;un analizi \u00f6zellikle \u00f6nemli. Bir\u00e7ok \u00fclke, <strong>uzun vadeli kalk\u0131nma programlar\u0131<\/strong> ve <strong>enerji d\u00f6n\u00fc\u015f\u00fcm stratejileri<\/strong> olu\u015ftururken de dahil olmak \u00fczere, co\u011frafyadan ba\u011f\u0131ms\u0131z olarak buna g\u00f6re hareket ediyor. N\u00fckleer enerjinin <strong>AB Taksonomisi<\/strong>ne dahil edilmesi, <strong>n\u00fckleer end\u00fcstri<\/strong> \u00fczerinde beklenen <strong>olumlu etkisi<\/strong> ve <strong>n\u00fckleer teknolojiye<\/strong> olan ilgiyi artt\u0131rma potansiyeli dolay\u0131s\u0131yla <strong>olumlu bir geli\u015fme<\/strong> olarak de\u011ferlendirilebilir.<\/p>","protected":false},"excerpt":{"rendered":"<p>Sorry, this entry is only available in Turkish. For the sake of viewer convenience, the content is shown below in the alternative language. You may click the link to switch the active language. Rosatom, Temmuz 2022&#8217;de kabul edilen AB Taksonomisine Ek Delegasyon Protokol\u00fc\u2019nde belirtildi\u011fi gibi, n\u00fckleer projelerin ye\u015fil olarak tan\u0131nmas\u0131 i\u00e7in AB gerekliliklerinin ayr\u0131nt\u0131l\u0131 bir [&hellip;]<\/p>\n","protected":false},"author":1,"featured_media":163634,"comment_status":"open","ping_status":"open","sticky":false,"template":"","format":"standard","meta":[],"categories":[51,53,43],"tags":[106315,104007,19356,7147],"views":59,"_links":{"self":[{"href":"https:\/\/www.enerjigazetesi.ist\/en\/wp-json\/wp\/v2\/posts\/163628"}],"collection":[{"href":"https:\/\/www.enerjigazetesi.ist\/en\/wp-json\/wp\/v2\/posts"}],"about":[{"href":"https:\/\/www.enerjigazetesi.ist\/en\/wp-json\/wp\/v2\/types\/post"}],"author":[{"embeddable":true,"href":"https:\/\/www.enerjigazetesi.ist\/en\/wp-json\/wp\/v2\/users\/1"}],"replies":[{"embeddable":true,"href":"https:\/\/www.enerjigazetesi.ist\/en\/wp-json\/wp\/v2\/comments?post=163628"}],"version-history":[{"count":0,"href":"https:\/\/www.enerjigazetesi.ist\/en\/wp-json\/wp\/v2\/posts\/163628\/revisions"}],"wp:featuredmedia":[{"embeddable":true,"href":"https:\/\/www.enerjigazetesi.ist\/en\/wp-json\/wp\/v2\/media\/163634"}],"wp:attachment":[{"href":"https:\/\/www.enerjigazetesi.ist\/en\/wp-json\/wp\/v2\/media?parent=163628"}],"wp:term":[{"taxonomy":"category","embeddable":true,"href":"https:\/\/www.enerjigazetesi.ist\/en\/wp-json\/wp\/v2\/categories?post=163628"},{"taxonomy":"post_tag","embeddable":true,"href":"https:\/\/www.enerjigazetesi.ist\/en\/wp-json\/wp\/v2\/tags?post=163628"}],"curies":[{"name":"wp","href":"https:\/\/api.w.org\/{rel}","templated":true}]}}