{"id":163605,"date":"2022-11-21T10:50:17","date_gmt":"2022-11-21T07:50:17","guid":{"rendered":"https:\/\/www.enerjigazetesi.ist\/?p=163605"},"modified":"2022-11-21T10:59:58","modified_gmt":"2022-11-21T07:59:58","slug":"escevder-uyeleri-abant-golu-ile-7-golleri-inceledi","status":"publish","type":"post","link":"https:\/\/www.enerjigazetesi.ist\/en\/escevder-uyeleri-abant-golu-ile-7-golleri-inceledi\/","title":{"rendered":"(Turkish) ES\u00c7EVDER \u00dcyeleri Abant G\u00f6l\u00fc ile 7 G\u00f6lleri \u0130nceledi&#8230;"},"content":{"rendered":"<p class=\"qtranxs-available-languages-message qtranxs-available-languages-message-en\">Sorry, this entry is only available in <a href=\"https:\/\/www.enerjigazetesi.ist\/tr\/wp-json\/wp\/v2\/posts\/163605\" class=\"qtranxs-available-language-link qtranxs-available-language-link-tr\" title=\"Turkish\">Turkish<\/a>. For the sake of viewer convenience, the content is shown below in the alternative language. You may click the link to switch the active language.<\/p><p><\/p>\n<h2>Eski\u015fehir \u00c7evre Koruma ve Geli\u015ftirme Derne\u011fi ( ES\u00c7EVDER ) \u00dcyeleri ve \u00c7evre Dostlar\u0131, do\u011fal g\u00fczellikleri bozulmam\u0131\u015f ve sonbahar da gezilmesi g\u00f6r\u00fclmesi gereken yerlerin ba\u015f\u0131nda gelen Bolu da ABANT G\u00f6l\u00fc ile 7 G\u00f6lleri incelemek i\u00e7in teknik inceleme gezisi d\u00fczenlemi\u015ftir.<\/h2>\n<p style=\"text-align: center;\"><img loading=\"lazy\" class=\"aligncenter wp-image-163608\" src=\"https:\/\/www.enerjigazetesi.ist\/wp-content\/uploads\/2022\/11\/7-goller.jpg\" alt=\"\" width=\"500\" height=\"231\" srcset=\"https:\/\/www.enerjigazetesi.ist\/wp-content\/uploads\/2022\/11\/7-goller.jpg 550w, https:\/\/www.enerjigazetesi.ist\/wp-content\/uploads\/2022\/11\/7-goller-300x139.jpg 300w, https:\/\/www.enerjigazetesi.ist\/wp-content\/uploads\/2022\/11\/7-goller-500x231.jpg 500w, https:\/\/www.enerjigazetesi.ist\/wp-content\/uploads\/2022\/11\/7-goller-80x37.jpg 80w\" sizes=\"(max-width: 500px) 100vw, 500px\" \/><\/p>\n<p><strong>Eski\u015fehir \u00c7evre Derne\u011fi<\/strong> ( ES\u00c7EVDER ) <strong>19 Kas\u0131m<\/strong> saat <strong>08.00<\/strong> de Eski\u015fehir den Bolu ya hareket etmi\u015ftir.<\/p>\n<p>Bolu&#8217;nun <strong>34 kilometre g\u00fcneybat\u0131s\u0131<\/strong>nda\u00a0<strong>Abant Da\u011flar\u0131<\/strong> \u00fczerinde olu\u015fmu\u015f bir krater ve birikinti g\u00f6l\u00fcn\u00fc incelemek amac\u0131yla Abant g\u00f6l\u00fc gitmi\u015ftir. G\u00f6l\u00fcn park alan\u0131nda y\u00fckseklikleri <strong>1400<\/strong> metreden <strong>1700 metreye<\/strong> kadar bir\u00e7ok tepe bulunmaktad\u0131r.<strong>\u00a0Abant G\u00f6l\u00fc<\/strong> y\u0131l\u0131n her ay\u0131 g\u00fczel olmas\u0131na ra\u011fmen <strong>Kas\u0131m da<\/strong> ise daha<strong> b\u00fcy\u00fcleyici bir g\u00fczelli\u011fe<\/strong> sahiptir.<\/p>\n<p>Alan\u0131 <strong>127 hektar<\/strong> olan g\u00f6l\u00fcn denizden y\u00fcksekli\u011fi <strong>1328 metre<\/strong> ve yeralt\u0131 sular\u0131 ile beslenen g\u00f6l\u00fcn derinli\u011fi 18 metredir. <strong>Abant G\u00f6l\u00fc<\/strong>\u00a0ve <strong>\u00e7evresinin bitki zenginli\u011fi,<\/strong> b\u00fcy\u00fck bir a\u00e7\u0131k hava rekreasyon potansiyeline sahip olmas\u0131 nedeniyle alan\u0131n <strong>1196,5 hektarl\u0131k<\/strong> b\u00f6l\u00fcm\u00fc <strong>1988 y\u0131l\u0131<\/strong>nda <strong>\u201cTabiat Park\u0131\u201d<\/strong> olarak koruma alt\u0131na al\u0131nm\u0131\u015ft\u0131r. \u0130lk g\u00fcn <strong>Abant g\u00f6l\u00fc<\/strong> ve e\u015fsiz do\u011fal g\u00fczellikleri incelenerek Otele ge\u00e7ilmi\u015ftir. <strong>20 Kas\u0131m<\/strong> da<strong> 7 g\u00f6llere gitmek<\/strong> i\u00e7in yola \u00e7\u0131k\u0131lm\u0131\u015ft\u0131r.<\/p>\n<p style=\"text-align: center;\"><img loading=\"lazy\" class=\"aligncenter wp-image-163609\" src=\"https:\/\/www.enerjigazetesi.ist\/wp-content\/uploads\/2022\/11\/2022-11-21_104747.jpg\" alt=\"\" width=\"500\" height=\"322\" srcset=\"https:\/\/www.enerjigazetesi.ist\/wp-content\/uploads\/2022\/11\/2022-11-21_104747.jpg 550w, https:\/\/www.enerjigazetesi.ist\/wp-content\/uploads\/2022\/11\/2022-11-21_104747-300x193.jpg 300w, https:\/\/www.enerjigazetesi.ist\/wp-content\/uploads\/2022\/11\/2022-11-21_104747-500x322.jpg 500w, https:\/\/www.enerjigazetesi.ist\/wp-content\/uploads\/2022\/11\/2022-11-21_104747-78x50.jpg 78w\" sizes=\"(max-width: 500px) 100vw, 500px\" \/><\/p>\n<p><strong>1642 hektar<\/strong> b\u00fcy\u00fckl\u00fc\u011f\u00fcndeki<strong> 7 g\u00f6ller havzas\u0131<\/strong> <strong>1965 y\u0131l\u0131nda \u201c Milli Park\u201d<\/strong> olarak korumaya al\u0131nm\u0131\u015f olup, havza <strong>kayan k\u00fctlelerin vadilerin \u00f6nlerini kapatmas\u0131<\/strong> sonucu olu\u015fan <strong>y\u00fczeysel<\/strong> ve <strong>yer alt\u0131 su kaynaklar\u0131<\/strong> ile<strong> birbirini besleyen g\u00f6ller den<\/strong> olu\u015fmaktad\u0131r.<\/p>\n<p><strong>Milli park<\/strong> b\u00fcnyesinde <strong>B\u00fcy\u00fckg\u00f6l, Sering\u00f6l, Dering\u00f6l, Nazl\u0131g\u00f6l, K\u00fc\u00e7\u00fckg\u00f6l, \u0130nceg\u00f6l ve Sazl\u0131g\u00f6l<\/strong> olarak <strong>7 g\u00f6l<\/strong> olup, bu g\u00f6ller aralar\u0131nda <strong>100 m. y\u00fckselti fark\u0131<\/strong> bulunan<strong> iki plato<\/strong> \u00fczerinde ve ortalama <strong>780 m.<\/strong> y\u00fckseklikte olan platodaki g\u00f6llerin en b\u00fcy\u00fc\u011f\u00fc <strong>B\u00fcy\u00fckg\u00f6l\u2019<\/strong>d\u00fcr. En derin yeri ise<strong> 15 m.<\/strong>\u2019dir. B\u00fcy\u00fckg\u00f6l\u2019\u00fcn g\u00fcneydo\u011fusundaki Dering\u00f6l,<strong> 20 m. uzunlu\u011fundaki<\/strong> akan b\u00f6l\u00fcm\u00fc ile <strong>B\u00fcy\u00fckg\u00f6l<\/strong>\u2019e ba\u011fl\u0131 oldu\u011fu bilinmektedir.<\/p>\n<p><em>Es\u00e7evder y\u00f6netim kurulu ba\u015fkan yard\u0131mc\u0131s\u0131<\/em> <strong>Filiz Fatma \u00d6ZKO\u00c7<\/strong> \u00f6nc\u00fcl\u00fc\u011f\u00fcnde bir otob\u00fcs <strong>\u00e7evre derne\u011fi \u00fcyeleri <\/strong>ve <strong>g\u00f6n\u00fcll\u00fcleri<\/strong> ile yola koyulan <strong>ekip incelemelerini<\/strong> tamamlayarak <strong>Eski\u015fehir\u2019e<\/strong> d\u00f6nm\u00fc\u015flerdir.<\/p>\n<p><strong>Eski\u015fehir \u00c7evre Derne\u011fi\u00a0 ( ES\u00c7EVDER )<\/strong> olarak bundan \u00f6nce oldu\u011fu gibi bundan sonra da <strong>\u00e7evrenin k<\/strong><em>orunmas\u0131, sular\u0131m\u0131z\u0131n kirlenmemesi, a\u011fa\u00e7lar\u0131m\u0131z\u0131n kesilmemesi, zeytinliklerinin yok olmamas\u0131 i\u00e7in m\u00fccadelesine ve bozulmam\u0131\u015f do\u011fam\u0131z\u0131 incelemeye<\/em> bundan sonra da devam edece\u011fini ve nerede bir k\u0131y\u0131m varsa orada olmaya \u00e7al\u0131\u015faca\u011f\u0131n\u0131 bir kez daha duyurmaktad\u0131r.<\/p>","protected":false},"excerpt":{"rendered":"<p>Sorry, this entry is only available in Turkish. For the sake of viewer convenience, the content is shown below in the alternative language. You may click the link to switch the active language. Eski\u015fehir \u00c7evre Koruma ve Geli\u015ftirme Derne\u011fi ( ES\u00c7EVDER ) \u00dcyeleri ve \u00c7evre Dostlar\u0131, do\u011fal g\u00fczellikleri bozulmam\u0131\u015f ve sonbahar da gezilmesi g\u00f6r\u00fclmesi gereken [&hellip;]<\/p>\n","protected":false},"author":1,"featured_media":163610,"comment_status":"open","ping_status":"open","sticky":false,"template":"","format":"standard","meta":[],"categories":[53],"tags":[106311,106310,103234,71840,106312],"views":47,"_links":{"self":[{"href":"https:\/\/www.enerjigazetesi.ist\/en\/wp-json\/wp\/v2\/posts\/163605"}],"collection":[{"href":"https:\/\/www.enerjigazetesi.ist\/en\/wp-json\/wp\/v2\/posts"}],"about":[{"href":"https:\/\/www.enerjigazetesi.ist\/en\/wp-json\/wp\/v2\/types\/post"}],"author":[{"embeddable":true,"href":"https:\/\/www.enerjigazetesi.ist\/en\/wp-json\/wp\/v2\/users\/1"}],"replies":[{"embeddable":true,"href":"https:\/\/www.enerjigazetesi.ist\/en\/wp-json\/wp\/v2\/comments?post=163605"}],"version-history":[{"count":0,"href":"https:\/\/www.enerjigazetesi.ist\/en\/wp-json\/wp\/v2\/posts\/163605\/revisions"}],"wp:featuredmedia":[{"embeddable":true,"href":"https:\/\/www.enerjigazetesi.ist\/en\/wp-json\/wp\/v2\/media\/163610"}],"wp:attachment":[{"href":"https:\/\/www.enerjigazetesi.ist\/en\/wp-json\/wp\/v2\/media?parent=163605"}],"wp:term":[{"taxonomy":"category","embeddable":true,"href":"https:\/\/www.enerjigazetesi.ist\/en\/wp-json\/wp\/v2\/categories?post=163605"},{"taxonomy":"post_tag","embeddable":true,"href":"https:\/\/www.enerjigazetesi.ist\/en\/wp-json\/wp\/v2\/tags?post=163605"}],"curies":[{"name":"wp","href":"https:\/\/api.w.org\/{rel}","templated":true}]}}