{"id":163584,"date":"2022-11-20T20:03:07","date_gmt":"2022-11-20T17:03:07","guid":{"rendered":"https:\/\/www.enerjigazetesi.ist\/?p=163584"},"modified":"2022-11-20T20:03:25","modified_gmt":"2022-11-20T17:03:25","slug":"sektorun-oncu-isimleri-enerji-donusumu-hizi-konusunda-daha-az-iyimser","status":"publish","type":"post","link":"https:\/\/www.enerjigazetesi.ist\/en\/sektorun-oncu-isimleri-enerji-donusumu-hizi-konusunda-daha-az-iyimser\/","title":{"rendered":"(Turkish) Sekt\u00f6r\u00fcn \u00d6nc\u00fc \u0130simleri Enerji D\u00f6n\u00fc\u015f\u00fcm\u00fc H\u0131z\u0131 Konusunda Daha Az \u0130yimser"},"content":{"rendered":"<p class=\"qtranxs-available-languages-message qtranxs-available-languages-message-en\">Sorry, this entry is only available in <a href=\"https:\/\/www.enerjigazetesi.ist\/tr\/wp-json\/wp\/v2\/posts\/163584\" class=\"qtranxs-available-language-link qtranxs-available-language-link-tr\" title=\"Turkish\">Turkish<\/a>. For the sake of viewer convenience, the content is shown below in the alternative language. You may click the link to switch the active language.<\/p><p><\/p>\n<h2>D\u00fcnya Enerji Konseyi sordu, d\u00fcnyan\u0131n d\u00f6rt bir yan\u0131ndan sekt\u00f6r\u00fcn \u00f6nde gelen 600 ismi yan\u0131t verdi. Sekt\u00f6r\u00fcn \u00f6nc\u00fc isimleri enerji d\u00f6n\u00fc\u015f\u00fcm\u00fcn\u00fcn h\u0131z\u0131 konusunda art\u0131k <strong>daha az iyimser. <\/strong><strong>Ya\u015fam maliyetlerindeki<\/strong> art\u0131\u015f krizine <strong>h\u0131zl\u0131<\/strong> ve <strong>ucuz bir \u00e7\u00f6z\u00fcm<\/strong> ufukta g\u00f6r\u00fcnm\u00fcyor.<\/h2>\n<p><strong>WEC Genel Sekreteri Wilkinson,<\/strong> Toplumlar\u0131n istikrar\u0131n\u0131 bozmadan <strong>ekonomilerin acil<\/strong> olarak <strong>karbonsuzla\u015ft\u0131r\u0131lmas\u0131n\u0131n \u00f6nemi<\/strong> \u00e7ok net ortaya \u00e7\u0131kt\u0131\u011f\u0131n\u0131 belirtti.<\/p>\n<p><img loading=\"lazy\" class=\"alignright wp-image-163587\" src=\"https:\/\/www.enerjigazetesi.ist\/wp-content\/uploads\/2022\/11\/sektorun-oncu-isimleri-enerji-donusumu-hizi-konusunda-daha-az-iyimser.jpg\" alt=\"\" width=\"320\" height=\"213\" srcset=\"https:\/\/www.enerjigazetesi.ist\/wp-content\/uploads\/2022\/11\/sektorun-oncu-isimleri-enerji-donusumu-hizi-konusunda-daha-az-iyimser.jpg 612w, https:\/\/www.enerjigazetesi.ist\/wp-content\/uploads\/2022\/11\/sektorun-oncu-isimleri-enerji-donusumu-hizi-konusunda-daha-az-iyimser-300x200.jpg 300w, https:\/\/www.enerjigazetesi.ist\/wp-content\/uploads\/2022\/11\/sektorun-oncu-isimleri-enerji-donusumu-hizi-konusunda-daha-az-iyimser-500x333.jpg 500w, https:\/\/www.enerjigazetesi.ist\/wp-content\/uploads\/2022\/11\/sektorun-oncu-isimleri-enerji-donusumu-hizi-konusunda-daha-az-iyimser-75x50.jpg 75w, https:\/\/www.enerjigazetesi.ist\/wp-content\/uploads\/2022\/11\/sektorun-oncu-isimleri-enerji-donusumu-hizi-konusunda-daha-az-iyimser-450x300.jpg 450w\" sizes=\"(max-width: 320px) 100vw, 320px\" \/><\/p>\n<p><strong>D\u00fcnya Enerji Konseyi<\/strong>, d\u00fcnyan\u0131n d\u00f6rt bir yan\u0131ndan enerji sekt\u00f6r\u00fcn\u00fcn<strong> 600 ismine y\u00f6neltilen sorularla\u00a0<\/strong> haz\u0131rlad\u0131\u011f\u0131 <strong>\u201cD\u00fcnya Enerji Nabz\u0131\u201d ara\u015ft\u0131rmas\u0131<\/strong>n\u0131n <strong>A\u011fustos ay\u0131<\/strong> sonu\u00e7lar\u0131n\u0131 yay\u0131nlad\u0131.<\/p>\n<p><strong>Ankette<\/strong> \u00f6ne \u00e7\u0131kan di\u011fer <span style=\"text-decoration: underline;\">\u00f6nemli noktalar ise \u015f\u00f6yle:<\/span><\/p>\n<p>&#8211; \u00dcst \u00fcste gelen krizler, enerji sistemlerine zarar veriyor ve d\u00fcnya \u00e7ap\u0131ndaki <strong>enerji kullan\u0131c\u0131lar\u0131n\u0131<\/strong> etkiliyor. D\u00fcnyan\u0131n pek \u00e7ok b\u00f6lgesinde <strong>tedarik zincirinde bozulman\u0131n<\/strong> yan\u0131 s\u0131ra g\u0131da-su-enerji sekt\u00f6rlerinde ya\u015fanan krizler \u00f6n plana \u00e7\u0131k\u0131yor.<\/p>\n<p>&#8211; K\u00fcresel \u00f6l\u00e7ekte sorulara yan\u0131t verenlerin yakla\u015f\u0131k<strong> %40<\/strong>&#8216;\u0131, \u00f6zellikle politika yap\u0131c\u0131lar\u0131n <strong>enerji okur yazarl\u0131klar\u0131n\u0131 geli\u015ftirmeleri<\/strong> gerekti\u011fini belirtti. Bu say\u0131, <strong>Latin Amerika<\/strong> ve <strong>Karayipler<\/strong>&#8216;de <strong>y\u00fczde 28<\/strong>. Ancak Kuzey Amerika\u2019da bu rakam <strong>y\u00fczde 52<\/strong> Afrika\u2019da ise <strong>y\u00fczde 50<\/strong>.<\/p>\n<p>&#8211; Sonu\u00e7lar, <strong>k\u00fcresel enerji \u015fokunun<\/strong> tetikledi\u011fi ya\u015fam maliyeti krizine <strong>ucuz<\/strong> veya <strong>h\u0131zl\u0131 bir \u00e7\u00f6z\u00fcm\u00fcn<\/strong> m\u00fcmk\u00fcn g\u00f6r\u00fclmedi\u011fini ortaya koyuyor. Sekt\u00f6r\u00fcn \u00f6nde gelen isimlerine g\u00f6re <strong>piyasa yap\u0131s\u0131<\/strong> ve tasar\u0131m\u0131nda yap\u0131lacak bir revizyonla birlikte <strong>enerji verimlili\u011fi \u00f6nlemleri<\/strong> al\u0131nmas\u0131 ve <strong>en savunmas\u0131z durumdaki t\u00fcketicilerin s\u00fcbvanse edilmesi<\/strong> gerekiyor.<\/p>\n<p>Raporun tamam\u0131na <strong><a href=\"https:\/\/www.dunyaenerji.org.tr\/wp-content\/uploads\/2022\/09\/Worldenergypulse5september.pdf\" target=\"_blank\" rel=\"noopener\">ula\u015fmak i\u00e7in TIKLAYIN &gt;&gt;<\/a><\/strong><\/p>","protected":false},"excerpt":{"rendered":"<p>Sorry, this entry is only available in Turkish. For the sake of viewer convenience, the content is shown below in the alternative language. You may click the link to switch the active language. D\u00fcnya Enerji Konseyi sordu, d\u00fcnyan\u0131n d\u00f6rt bir yan\u0131ndan sekt\u00f6r\u00fcn \u00f6nde gelen 600 ismi yan\u0131t verdi. Sekt\u00f6r\u00fcn \u00f6nc\u00fc isimleri enerji d\u00f6n\u00fc\u015f\u00fcm\u00fcn\u00fcn h\u0131z\u0131 konusunda [&hellip;]<\/p>\n","protected":false},"author":1,"featured_media":163587,"comment_status":"open","ping_status":"open","sticky":false,"template":"","format":"standard","meta":[],"categories":[51,53,52],"tags":[936,1564,106309,106308],"views":61,"_links":{"self":[{"href":"https:\/\/www.enerjigazetesi.ist\/en\/wp-json\/wp\/v2\/posts\/163584"}],"collection":[{"href":"https:\/\/www.enerjigazetesi.ist\/en\/wp-json\/wp\/v2\/posts"}],"about":[{"href":"https:\/\/www.enerjigazetesi.ist\/en\/wp-json\/wp\/v2\/types\/post"}],"author":[{"embeddable":true,"href":"https:\/\/www.enerjigazetesi.ist\/en\/wp-json\/wp\/v2\/users\/1"}],"replies":[{"embeddable":true,"href":"https:\/\/www.enerjigazetesi.ist\/en\/wp-json\/wp\/v2\/comments?post=163584"}],"version-history":[{"count":0,"href":"https:\/\/www.enerjigazetesi.ist\/en\/wp-json\/wp\/v2\/posts\/163584\/revisions"}],"wp:featuredmedia":[{"embeddable":true,"href":"https:\/\/www.enerjigazetesi.ist\/en\/wp-json\/wp\/v2\/media\/163587"}],"wp:attachment":[{"href":"https:\/\/www.enerjigazetesi.ist\/en\/wp-json\/wp\/v2\/media?parent=163584"}],"wp:term":[{"taxonomy":"category","embeddable":true,"href":"https:\/\/www.enerjigazetesi.ist\/en\/wp-json\/wp\/v2\/categories?post=163584"},{"taxonomy":"post_tag","embeddable":true,"href":"https:\/\/www.enerjigazetesi.ist\/en\/wp-json\/wp\/v2\/tags?post=163584"}],"curies":[{"name":"wp","href":"https:\/\/api.w.org\/{rel}","templated":true}]}}