{"id":16355,"date":"2013-10-10T09:47:48","date_gmt":"2013-10-10T06:47:48","guid":{"rendered":"https:\/\/www.enerjigazetesi.ist\/?p=16355"},"modified":"2013-10-10T09:48:29","modified_gmt":"2013-10-10T06:48:29","slug":"maliyetler-artik-dusuyor-gunes-enerjisi-icin-lisanslar-verilmeye-baslanacak","status":"publish","type":"post","link":"https:\/\/www.enerjigazetesi.ist\/en\/maliyetler-artik-dusuyor-gunes-enerjisi-icin-lisanslar-verilmeye-baslanacak\/","title":{"rendered":"(Turkish) &#8221;Maliyetler Art\u0131k D\u00fc\u015f\u00fcyor, G\u00fcne\u015f Enerjisi \u0130\u00e7in Lisanslar Verilmeye Ba\u015flanacak&#8221;"},"content":{"rendered":"<p class=\"qtranxs-available-languages-message qtranxs-available-languages-message-en\">Sorry, this entry is only available in <a href=\"https:\/\/www.enerjigazetesi.ist\/tr\/wp-json\/wp\/v2\/posts\/16355\" class=\"qtranxs-available-language-link qtranxs-available-language-link-tr\" title=\"Turkish\">Turkish<\/a>. For the sake of viewer convenience, the content is shown below in the alternative language. You may click the link to switch the active language.<\/p><p><strong>Ba\u015fbakan Yard\u0131mc\u0131s\u0131 Ali Babacan, Kalk\u0131nma Bakan\u0131 Cevdet Y\u0131lmaz ve Maliye Bakan\u0131 Mehmet \u015eim\u015fek ile\u00a0 birlikte s<\/strong><strong>al\u0131 g\u00fcn\u00fc <\/strong>\u00a02014-2016 y\u0131llar\u0131n\u0131 kapsayan Orta Vadeli Program&#8217;\u0131 a\u00e7\u0131klad\u0131. D\u00fcn de G-20 toplant\u0131lar\u0131n\u0131 kat\u0131lmak i\u00e7in ABD&#8217;nin Ba\u015fkenti\u00a0 Washington&#8217;a gitmeden \u00f6nce gazetelerin ekonomi m\u00fcd\u00fcrleri i<a href=\"https:\/\/www.enerjigazetesi.ist\/wp-content\/uploads\/2013\/05\/google-solar-g\u00fcne\u015f-enerjisi.jpg\"><img loading=\"lazy\" class=\"alignright size-medium wp-image-11459\" title=\"g\u00fcne\u015f-enerjisi\" src=\"https:\/\/www.enerjigazetesi.ist\/wp-content\/uploads\/2013\/05\/google-solar-g\u00fcne\u015f-enerjisi-300x215.jpg\" alt=\"\" width=\"300\" height=\"215\" srcset=\"https:\/\/www.enerjigazetesi.ist\/wp-content\/uploads\/2013\/05\/google-solar-g\u00fcne\u015f-enerjisi-300x215.jpg 300w, https:\/\/www.enerjigazetesi.ist\/wp-content\/uploads\/2013\/05\/google-solar-g\u00fcne\u015f-enerjisi-500x359.jpg 500w, https:\/\/www.enerjigazetesi.ist\/wp-content\/uploads\/2013\/05\/google-solar-g\u00fcne\u015f-enerjisi-69x50.jpg 69w, https:\/\/www.enerjigazetesi.ist\/wp-content\/uploads\/2013\/05\/google-solar-g\u00fcne\u015f-enerjisi.jpg 505w\" sizes=\"(max-width: 300px) 100vw, 300px\" \/><\/a>le bir araya\u00a0 geldi. <strong>Ali Babacan buradaki a\u00e7\u0131klamalar\u0131nda g\u00fcne\u015f enerjisi ekipman maliyetlerinde\u00a0 g\u00f6r\u00fclen gerilemenin yat\u0131r\u0131mlar\u0131 yap\u0131labilir seviyeye \u00e7ekti\u011fini bu nedenle g\u00fcne\u015f enerjisi alan\u0131na y\u00f6nelik elektrik \u00fcretim lisanslar\u0131n\u0131n verilmeye ba\u015flanaca\u011f\u0131 bilgisini payla\u015ft\u0131.<\/strong><\/p>\n<p>Ba\u015fbakan yard\u0131mc\u0131s\u0131 Ali Babacan \u015funlar\u0131 ifade etti; \u201cPanel ba\u015fta olmak \u00fczere kullan\u0131lacak ekipmanlar\u0131n fiyatlar\u0131 \u00e7ok y\u00fcksekti. Bundan \u00f6t\u00fcr\u00fc lisans vermiyorduk. Geri d\u00f6n\u00fc\u015f\u00fc 10 y\u0131l\u0131\u00a0 ge\u00e7iyordu yat\u0131r\u0131m\u0131n. \u015eimdi fiyatlar hayli d\u00fc\u015ft\u00fc. Geri d\u00f6n\u00fc\u015f s\u00fcreleri 5-6 y\u0131l.\u00a0 Bizim i\u00e7in fizib\u0131l hale geldi. G\u00fcne\u015f enerjisi i\u00e7in lisanslar\u0131 da yava\u015f yava\u015f\u00a0 vermeye ba\u015flayaca\u011f\u0131z.\u201d<\/p>\n<p>Enerji Piyasas\u0131 D\u00fczenleme Kurumu <strong>10-14 Haziran 2013<\/strong> tarihleri aras\u0131nda g\u00fcne\u015f enerjisi santrali yat\u0131r\u0131mlar\u0131 i\u00e7in ilk lisans ba\u015fvurular\u0131n\u0131 alm\u0131\u015ft\u0131.<\/p>\n<p>Kurum taraf\u0131ndan al\u0131nan ve de\u011ferlendirme a\u015famas\u0131nda olan ba\u015fvurular konusunda\u00a0 hen\u00fcz resmi bir a\u00e7\u0131klama yap\u0131lmam\u0131\u015f iken EPDK Ba\u015fkan\u0131 Hasan K\u00f6kta\u015f bir haftal\u0131k\u00a0 s\u00fcre i\u00e7inde kuruma 496 firman\u0131n toplam kurulu g\u00fc\u00e7leri 8 bin MW&#8217;\u0131n \u00fczerinde olan\u00a0 600&#8217;e yak\u0131n proje ba\u015fvurusunda bulundu\u011funu s\u00f6ylemi\u015fti.<\/p>\n<p>Yay\u0131nc\u0131: <a href=\"https:\/\/www.enerjigazetesi.ist\" target=\"_blank\">Enerji Gazetesi<\/a><\/p>","protected":false},"excerpt":{"rendered":"<p>Sorry, this entry is only available in Turkish. For the sake of viewer convenience, the content is shown below in the alternative language. You may click the link to switch the active language.Ba\u015fbakan Yard\u0131mc\u0131s\u0131 Ali Babacan, Kalk\u0131nma Bakan\u0131 Cevdet Y\u0131lmaz ve Maliye Bakan\u0131 Mehmet \u015eim\u015fek ile\u00a0 birlikte sal\u0131 g\u00fcn\u00fc \u00a02014-2016 y\u0131llar\u0131n\u0131 kapsayan Orta Vadeli Program&#8217;\u0131 [&hellip;]<\/p>\n","protected":false},"author":1,"featured_media":11459,"comment_status":"open","ping_status":"open","sticky":false,"template":"","format":"standard","meta":[],"categories":[53,49],"tags":[1576,6361,4952,63,67,1009,165,2326,227,13,9455,9454,2569,142,4208,9453],"views":562,"_links":{"self":[{"href":"https:\/\/www.enerjigazetesi.ist\/en\/wp-json\/wp\/v2\/posts\/16355"}],"collection":[{"href":"https:\/\/www.enerjigazetesi.ist\/en\/wp-json\/wp\/v2\/posts"}],"about":[{"href":"https:\/\/www.enerjigazetesi.ist\/en\/wp-json\/wp\/v2\/types\/post"}],"author":[{"embeddable":true,"href":"https:\/\/www.enerjigazetesi.ist\/en\/wp-json\/wp\/v2\/users\/1"}],"replies":[{"embeddable":true,"href":"https:\/\/www.enerjigazetesi.ist\/en\/wp-json\/wp\/v2\/comments?post=16355"}],"version-history":[{"count":2,"href":"https:\/\/www.enerjigazetesi.ist\/en\/wp-json\/wp\/v2\/posts\/16355\/revisions"}],"predecessor-version":[{"id":16357,"href":"https:\/\/www.enerjigazetesi.ist\/en\/wp-json\/wp\/v2\/posts\/16355\/revisions\/16357"}],"wp:featuredmedia":[{"embeddable":true,"href":"https:\/\/www.enerjigazetesi.ist\/en\/wp-json\/wp\/v2\/media\/11459"}],"wp:attachment":[{"href":"https:\/\/www.enerjigazetesi.ist\/en\/wp-json\/wp\/v2\/media?parent=16355"}],"wp:term":[{"taxonomy":"category","embeddable":true,"href":"https:\/\/www.enerjigazetesi.ist\/en\/wp-json\/wp\/v2\/categories?post=16355"},{"taxonomy":"post_tag","embeddable":true,"href":"https:\/\/www.enerjigazetesi.ist\/en\/wp-json\/wp\/v2\/tags?post=16355"}],"curies":[{"name":"wp","href":"https:\/\/api.w.org\/{rel}","templated":true}]}}