{"id":163538,"date":"2022-11-19T21:27:50","date_gmt":"2022-11-19T18:27:50","guid":{"rendered":"https:\/\/www.enerjigazetesi.ist\/?p=163538"},"modified":"2022-11-19T21:28:09","modified_gmt":"2022-11-19T18:28:09","slug":"aytemiz-genel-muduru-ahmet-eke-oldu","status":"publish","type":"post","link":"https:\/\/www.enerjigazetesi.ist\/en\/aytemiz-genel-muduru-ahmet-eke-oldu\/","title":{"rendered":"(Turkish) Aytemiz Genel M\u00fcd\u00fcr\u00fc Ahmet Eke Oldu"},"content":{"rendered":"<p class=\"qtranxs-available-languages-message qtranxs-available-languages-message-en\">Sorry, this entry is only available in <a href=\"https:\/\/www.enerjigazetesi.ist\/tr\/wp-json\/wp\/v2\/posts\/163538\" class=\"qtranxs-available-language-link qtranxs-available-language-link-tr\" title=\"Turkish\">Turkish<\/a>. For the sake of viewer convenience, the content is shown below in the alternative language. You may click the link to switch the active language.<\/p><p><\/p>\n<h2><strong><img loading=\"lazy\" class=\"alignright wp-image-163542\" src=\"https:\/\/www.enerjigazetesi.ist\/wp-content\/uploads\/2022\/11\/aytemiz-genel-muduru-ahmet-eke-oldu.jpg\" alt=\"\" width=\"320\" height=\"320\" srcset=\"https:\/\/www.enerjigazetesi.ist\/wp-content\/uploads\/2022\/11\/aytemiz-genel-muduru-ahmet-eke-oldu.jpg 550w, https:\/\/www.enerjigazetesi.ist\/wp-content\/uploads\/2022\/11\/aytemiz-genel-muduru-ahmet-eke-oldu-300x300.jpg 300w, https:\/\/www.enerjigazetesi.ist\/wp-content\/uploads\/2022\/11\/aytemiz-genel-muduru-ahmet-eke-oldu-150x150.jpg 150w, https:\/\/www.enerjigazetesi.ist\/wp-content\/uploads\/2022\/11\/aytemiz-genel-muduru-ahmet-eke-oldu-400x400.jpg 400w, https:\/\/www.enerjigazetesi.ist\/wp-content\/uploads\/2022\/11\/aytemiz-genel-muduru-ahmet-eke-oldu-50x50.jpg 50w, https:\/\/www.enerjigazetesi.ist\/wp-content\/uploads\/2022\/11\/aytemiz-genel-muduru-ahmet-eke-oldu-100x100.jpg 100w, https:\/\/www.enerjigazetesi.ist\/wp-content\/uploads\/2022\/11\/aytemiz-genel-muduru-ahmet-eke-oldu-500x500.jpg 500w\" sizes=\"(max-width: 320px) 100vw, 320px\" \/>Akaryak\u0131t sekt\u00f6r\u00fcnde 22 y\u0131ll\u0131k deneyime sahip olan ve Aytemiz\u2019in kurulu\u015f a\u015famas\u0131ndan 2020 y\u0131l\u0131na kadar Genel M\u00fcd\u00fcr olarak, ard\u0131ndan y\u00f6netim kurulu \u00fcyesi olarak \u015firkette g\u00f6rev yapan Ahmet Eke, Aytemiz Akaryak\u0131t Da\u011f\u0131t\u0131m A.\u015e. Genel M\u00fcd\u00fcrl\u00fc\u011f\u00fc g\u00f6revine getirildi.<\/strong><\/h2>\n<p><strong>Akaryak\u0131t sekt\u00f6r\u00fcn\u00fcn<\/strong> \u00f6nde gelen markalar\u0131ndan Aytemiz Akaryak\u0131t Da\u011f\u0131t\u0131m A.\u015e.\u2019de yeni Genel M\u00fcd\u00fcr Ahmet Eke oldu. Akaryak\u0131t sekt\u00f6r\u00fcnde <strong>22 y\u0131ll\u0131k deneyime sahip<\/strong> olan Ahmet Eke, 2001 y\u0131l\u0131nda <strong>Aytemiz\u2019de Mali Koordinat\u00f6r<\/strong> olarak g\u00f6reve ba\u015flad\u0131. Ard\u0131ndan <strong>Genel M\u00fcd\u00fcr Yard\u0131mc\u0131s\u0131<\/strong> olan Eke,<strong> 1,5 y\u0131l Lukoil\u2019de<\/strong> \u00e7al\u0131\u015ft\u0131ktan sonra 2010 y\u0131l\u0131nda <strong>Aytemiz Genel M\u00fcd\u00fcr\u00fc<\/strong> oldu. 2020 y\u0131l\u0131ndan itibaren <strong>Y\u00f6netim Kurulu \u00fcyesi<\/strong> olarak \u015firkette g\u00f6revini s\u00fcrd\u00fcren Ahmet Eke, <strong>Aytemiz-Do\u011fan ortakl\u0131\u011f\u0131n\u0131n olu\u015fturulmas\u0131<\/strong> s\u00fcreci de dahil olmak \u00fczere \u015firketin ve markan\u0131n b\u00fcy\u00fcmesi yolundaki t\u00fcm a\u015famalarda de\u011ferli katk\u0131larda bulundu.<\/p>\n<p>Ahmet Eke, Ankara \u00dcniversitesi Siyasal Bilgiler Fak\u00fcltesi Ekonomi b\u00f6l\u00fcm\u00fc mezunudur.<\/p>","protected":false},"excerpt":{"rendered":"<p>Sorry, this entry is only available in Turkish. For the sake of viewer convenience, the content is shown below in the alternative language. You may click the link to switch the active language. Akaryak\u0131t sekt\u00f6r\u00fcnde 22 y\u0131ll\u0131k deneyime sahip olan ve Aytemiz\u2019in kurulu\u015f a\u015famas\u0131ndan 2020 y\u0131l\u0131na kadar Genel M\u00fcd\u00fcr olarak, ard\u0131ndan y\u00f6netim kurulu \u00fcyesi olarak [&hellip;]<\/p>\n","protected":false},"author":1,"featured_media":163541,"comment_status":"open","ping_status":"open","sticky":false,"template":"","format":"standard","meta":[],"categories":[53,44],"tags":[33563,6777,20431,21109,4782],"views":154,"_links":{"self":[{"href":"https:\/\/www.enerjigazetesi.ist\/en\/wp-json\/wp\/v2\/posts\/163538"}],"collection":[{"href":"https:\/\/www.enerjigazetesi.ist\/en\/wp-json\/wp\/v2\/posts"}],"about":[{"href":"https:\/\/www.enerjigazetesi.ist\/en\/wp-json\/wp\/v2\/types\/post"}],"author":[{"embeddable":true,"href":"https:\/\/www.enerjigazetesi.ist\/en\/wp-json\/wp\/v2\/users\/1"}],"replies":[{"embeddable":true,"href":"https:\/\/www.enerjigazetesi.ist\/en\/wp-json\/wp\/v2\/comments?post=163538"}],"version-history":[{"count":0,"href":"https:\/\/www.enerjigazetesi.ist\/en\/wp-json\/wp\/v2\/posts\/163538\/revisions"}],"wp:featuredmedia":[{"embeddable":true,"href":"https:\/\/www.enerjigazetesi.ist\/en\/wp-json\/wp\/v2\/media\/163541"}],"wp:attachment":[{"href":"https:\/\/www.enerjigazetesi.ist\/en\/wp-json\/wp\/v2\/media?parent=163538"}],"wp:term":[{"taxonomy":"category","embeddable":true,"href":"https:\/\/www.enerjigazetesi.ist\/en\/wp-json\/wp\/v2\/categories?post=163538"},{"taxonomy":"post_tag","embeddable":true,"href":"https:\/\/www.enerjigazetesi.ist\/en\/wp-json\/wp\/v2\/tags?post=163538"}],"curies":[{"name":"wp","href":"https:\/\/api.w.org\/{rel}","templated":true}]}}