{"id":163512,"date":"2022-11-19T11:52:20","date_gmt":"2022-11-19T08:52:20","guid":{"rendered":"https:\/\/www.enerjigazetesi.ist\/?p=163512"},"modified":"2022-11-19T12:00:21","modified_gmt":"2022-11-19T09:00:21","slug":"turkiye-kendi-gazini-sisteme-vermeye-hazirlaniyor","status":"publish","type":"post","link":"https:\/\/www.enerjigazetesi.ist\/en\/turkiye-kendi-gazini-sisteme-vermeye-hazirlaniyor\/","title":{"rendered":"(Turkish) T\u00fcrkiye Kendi Gaz\u0131n\u0131 Sisteme Vermeye Haz\u0131rlan\u0131yor"},"content":{"rendered":"<p class=\"qtranxs-available-languages-message qtranxs-available-languages-message-en\">Sorry, this entry is only available in <a href=\"https:\/\/www.enerjigazetesi.ist\/tr\/wp-json\/wp\/v2\/posts\/163512\" class=\"qtranxs-available-language-link qtranxs-available-language-link-tr\" title=\"Turkish\">Turkish<\/a>. For the sake of viewer convenience, the content is shown below in the alternative language. You may click the link to switch the active language.<\/p><p><\/p>\n<h2>21-22 Kas\u0131m tarihinde Antalya\u2019da d\u00fczenlenecek T\u00fcrkiye Enerji Zirvesi, Avrupa\u2019da ya\u015fanmas\u0131 muhtemel enerji krizi, Sakarya Gaz Sahas\u0131nda \u00fcretilecek gaz\u0131n sisteme verilmesi, T\u00fcrkiye\u2019nin do\u011fal gaz ticaret merkezi olmas\u0131 gibi son derece s\u0131cak g\u00fcndem maddelerinin de i\u00e7inde bulundu\u011fu \u00e7ok \u00f6nemli bir d\u00f6nemde d\u00fczenleniyor. T\u00fcm bu konular hakk\u0131nda kamu ve \u00f6zel sekt\u00f6rde en yetkili a\u011f\u0131zlar\u0131n konu\u015fma yapaca\u011f\u0131 Zirve, uluslararas\u0131 arenada da g\u00fcndem<img loading=\"lazy\" class=\"alignright wp-image-163515\" src=\"https:\/\/www.enerjigazetesi.ist\/wp-content\/uploads\/2022\/11\/01-5.jpg\" alt=\"\" width=\"320\" height=\"190\" srcset=\"https:\/\/www.enerjigazetesi.ist\/wp-content\/uploads\/2022\/11\/01-5.jpg 810w, https:\/\/www.enerjigazetesi.ist\/wp-content\/uploads\/2022\/11\/01-5-300x178.jpg 300w, https:\/\/www.enerjigazetesi.ist\/wp-content\/uploads\/2022\/11\/01-5-768x456.jpg 768w, https:\/\/www.enerjigazetesi.ist\/wp-content\/uploads\/2022\/11\/01-5-500x297.jpg 500w, https:\/\/www.enerjigazetesi.ist\/wp-content\/uploads\/2022\/11\/01-5-80x48.jpg 80w\" sizes=\"(max-width: 320px) 100vw, 320px\" \/> yaratacak.<\/h2>\n<p>T\u00fcrkiye Enerji Piyasas\u0131n\u0131n<strong> \u201cEn B\u00fcy\u00fck Aile Bulu\u015fmas\u0131\u201d<\/strong> olarak gelenekselle\u015fen 12. T\u00fcrkiye Enerji Zirvesi, bu y\u0131l \u2018Enerji ve Jeopolitik \u00d6zel\u2019 ana temas\u0131 ile <strong>21-22 Kas\u0131m 2022<\/strong> tarihleri aras\u0131nda <strong>Antalya Regnum Carya Otel<\/strong>\u2019de ger\u00e7ekle\u015fecek.\u00a0<em>T.C. Enerji ve Tabii Kaynaklar Bakan\u0131 <strong>Fatih D\u00f6nmez<\/strong><\/em>, Almanya Eski Ba\u015fbakan\u0131 <strong>Gerhard Schr\u00f6der<\/strong> ve <strong>enerji sekt\u00f6r\u00fcn\u00fcn \u00f6nde gelen<\/strong> liderlerinin kat\u0131laca\u011f\u0131 zirvede d\u00fcnyan\u0131n g\u00f6z\u00fc <strong>Antalya\u2019da<\/strong> olacak.<\/p>\n<p><strong>\u2018Enerji ve Jeopolitik \u00d6zel\u2019<\/strong> ana temas\u0131 ile bu y\u0131l<strong> Antalya\u2019da 12\u2019ncisi<\/strong> ger\u00e7ekle\u015fecek T\u00fcrkiye Enerji Zirvesi\u2019nde, Almanya Eski Ba\u015fbakan\u0131 <strong>Gerhard Schr\u00f6der<\/strong> de<strong> \u201cEnerji ve Jeopolitik \u00d6zel\u201d<\/strong> ba\u015fl\u0131kl\u0131 oturumunun \u00f6zel konu\u011fu olacak. Zirvede ayr\u0131ca; T\u00fcrkiye ve <strong>k\u00fcresel enerji piyasalar\u0131<\/strong>ndaki son geli\u015fmeler,<strong> Akdeniz<\/strong> ve <strong>Orta Do\u011fu&#8217;da<\/strong> ya\u015fanan ve e<strong>nerji piyasalar\u0131n\u0131 etkileyen konular<\/strong> ile <strong>Rusya-Ukrayna sava\u015f\u0131<\/strong>n\u0131n derinle\u015ftirdi\u011fi ve ba\u015fta Avrupa olmak \u00fczere d\u00fcnyay\u0131 etkileyen <strong>enerji tedarik sorunlar\u0131<\/strong> ve <strong>\u00e7\u00f6z\u00fcm \u00f6nerileri<\/strong> de g\u00fcndemde olacak.<\/p>","protected":false},"excerpt":{"rendered":"<p>Sorry, this entry is only available in Turkish. For the sake of viewer convenience, the content is shown below in the alternative language. You may click the link to switch the active language. 21-22 Kas\u0131m tarihinde Antalya\u2019da d\u00fczenlenecek T\u00fcrkiye Enerji Zirvesi, Avrupa\u2019da ya\u015fanmas\u0131 muhtemel enerji krizi, Sakarya Gaz Sahas\u0131nda \u00fcretilecek gaz\u0131n sisteme verilmesi, T\u00fcrkiye\u2019nin do\u011fal [&hellip;]<\/p>\n","protected":false},"author":1,"featured_media":163517,"comment_status":"open","ping_status":"open","sticky":false,"template":"","format":"standard","meta":[],"categories":[46,53],"tags":[81730,31755,79403,7793,78789,846],"views":95,"_links":{"self":[{"href":"https:\/\/www.enerjigazetesi.ist\/en\/wp-json\/wp\/v2\/posts\/163512"}],"collection":[{"href":"https:\/\/www.enerjigazetesi.ist\/en\/wp-json\/wp\/v2\/posts"}],"about":[{"href":"https:\/\/www.enerjigazetesi.ist\/en\/wp-json\/wp\/v2\/types\/post"}],"author":[{"embeddable":true,"href":"https:\/\/www.enerjigazetesi.ist\/en\/wp-json\/wp\/v2\/users\/1"}],"replies":[{"embeddable":true,"href":"https:\/\/www.enerjigazetesi.ist\/en\/wp-json\/wp\/v2\/comments?post=163512"}],"version-history":[{"count":0,"href":"https:\/\/www.enerjigazetesi.ist\/en\/wp-json\/wp\/v2\/posts\/163512\/revisions"}],"wp:featuredmedia":[{"embeddable":true,"href":"https:\/\/www.enerjigazetesi.ist\/en\/wp-json\/wp\/v2\/media\/163517"}],"wp:attachment":[{"href":"https:\/\/www.enerjigazetesi.ist\/en\/wp-json\/wp\/v2\/media?parent=163512"}],"wp:term":[{"taxonomy":"category","embeddable":true,"href":"https:\/\/www.enerjigazetesi.ist\/en\/wp-json\/wp\/v2\/categories?post=163512"},{"taxonomy":"post_tag","embeddable":true,"href":"https:\/\/www.enerjigazetesi.ist\/en\/wp-json\/wp\/v2\/tags?post=163512"}],"curies":[{"name":"wp","href":"https:\/\/api.w.org\/{rel}","templated":true}]}}