{"id":16349,"date":"2013-10-10T09:27:12","date_gmt":"2013-10-10T06:27:12","guid":{"rendered":"https:\/\/www.enerjigazetesi.ist\/?p=16349"},"modified":"2013-10-10T11:34:03","modified_gmt":"2013-10-10T08:34:03","slug":"enerji-verimliligi-projesi-enerji-hanim-etkinligi-istanbul-da-gerceklestirildi","status":"publish","type":"post","link":"https:\/\/www.enerjigazetesi.ist\/en\/enerji-verimliligi-projesi-enerji-hanim-etkinligi-istanbul-da-gerceklestirildi\/","title":{"rendered":"(Turkish) Enerji Verimlili\u011fi Projesi Enerji Han\u0131m Etkinli\u011fi \u0130stanbul&#8217;da Ger\u00e7ekle\u015ftirildi!"},"content":{"rendered":"<p class=\"qtranxs-available-languages-message qtranxs-available-languages-message-en\">Sorry, this entry is only available in <a href=\"https:\/\/www.enerjigazetesi.ist\/tr\/wp-json\/wp\/v2\/posts\/16349\" class=\"qtranxs-available-language-link qtranxs-available-language-link-tr\" title=\"Turkish\">Turkish<\/a>. For the sake of viewer convenience, the content is shown below in the alternative language. You may click the link to switch the active language.<\/p><p><strong>Enerji verimlili\u011finin sa\u011flanmas\u0131 ve bireylere anlat\u0131lmas\u0131n\u0131 ama\u00e7layan toplumsal proje \u201cEnerji Han\u0131m\u201d, 19. dura\u011f\u0131 olan \u0130stanbul\u2019da kad\u0131nlarla bir araya geldi.<\/strong><\/p>\n<p>Enerji ve Tabii Kaynaklar Bakanl\u0131\u011f\u0131 ile Aile ve Sosyal Politikalar Bakanl\u0131\u011f\u0131\u2019n\u0131n ortak projesi olan ve Enerji Verimlili\u011fi Derne\u011fi organizasyonu ile hayata ge\u00e7irilen Enerji Han\u0131m\u2019\u0131n \u0130stanbul program\u0131na, Ba\u015fbakan Recep Tayyip Erdo\u011fan\u2019\u0131n e\u015fi Emine Erdo\u011fan, Aile ve Sosyal Politikalar Bakan\u0131 Fatma \u015eahin, Eski Turizm ve Devlet Bakan\u0131 AK Parti Kad\u0131n kollar\u0131 ba\u015fkan\u0131 G\u00fcldal Ak\u015fit, \u0130stanbul Ticaret Odas\u0131 Ba\u015fkan\u0131 ve Enerji Verimlili\u011fi Derne\u011fi Ba\u015fkan\u0131 \u0130brahim \u00c7a\u011flar, Ba\u015fkan Vekili Adnan Ersoy Uluba\u015f ve y\u00f6netim kurulu \u00fcyesi Nihat \u00d6zdemir de kat\u0131ld\u0131.<\/p>\n<p><strong>Gereksiz lambalar\u0131 kapatarak i\u015fe ba\u015flay\u0131n<\/strong><\/p>\n<p>Hali\u00e7 Kongre ve K\u00fclt\u00fcr Merkezi\u2019nde d\u00fczenlenen ve 4 bin 500 \u00fcn \u00fczerinde kad\u0131n\u0131n kat\u0131ld\u0131\u011f\u0131 toplant\u0131n\u0131n a\u00e7\u0131l\u0131\u015f konu\u015fmas\u0131n\u0131 yapan \u0130stanbul Ticaret Odas\u0131 Ba\u015fkan\u0131 ve Enerji Verimlili\u011fi Derne\u011fi Ba\u015fkan\u0131 \u0130brahim \u00c7a\u011flar, Enerji Han\u0131m\u2019\u0131n ba\u015far\u0131l\u0131 olmas\u0131 halinde 4 milyar TL tasarruf sa\u011flanaca\u011f\u0131na dikkat \u00e7ekti. Bu tasarrufla T\u00fcrkiye\u2019de 200 \u015fehir hastanesi, 1.000 okul yap\u0131lmas\u0131n\u0131n m\u00fcmk\u00fcn oldu\u011funu belirten \u00c7a\u011flar, toplant\u0131ya kat\u0131lan kad\u0131nlara seslenerek, \u201cBu ama\u00e7 i\u00e7in, sizlerin ataca\u011f\u0131 en k\u00fc\u00e7\u00fck ad\u0131m bile \u00f6nemli. Gereksiz lamba yanmas\u0131n\u0131 \u00f6nleyerek bile bir ad\u0131m atabilirsiniz. Toplumun gelece\u011fine y\u00f6n veren bireyler, bizlerin enerji tasarrufu el\u00e7ileri sizsiniz\u201d diye konu\u015ftu.<\/p>\n<p><strong>B\u00f6lgedeki sava\u015flar enerji politikalar\u0131 kaynakl\u0131<\/strong><\/p>\n<p>Aile ve Sosyal Politikalar Bakan\u0131 Fatma<a href=\"https:\/\/www.enerjigazetesi.ist\/wp-content\/uploads\/2013\/10\/enerji-verimliligi-projesi-enerji-hanim-etkinligi-istanbul-da-gerceklestirildi.jpg\"><img loading=\"lazy\" class=\"alignleft size-medium wp-image-16350\" title=\"enerji-verimliligi-projesi-enerji-hanim-etkinligi-istanbul-da-gerceklestirildi\" src=\"https:\/\/www.enerjigazetesi.ist\/wp-content\/uploads\/2013\/10\/enerji-verimliligi-projesi-enerji-hanim-etkinligi-istanbul-da-gerceklestirildi-300x194.jpg\" alt=\"\" width=\"300\" height=\"194\" srcset=\"https:\/\/www.enerjigazetesi.ist\/wp-content\/uploads\/2013\/10\/enerji-verimliligi-projesi-enerji-hanim-etkinligi-istanbul-da-gerceklestirildi-300x194.jpg 300w, https:\/\/www.enerjigazetesi.ist\/wp-content\/uploads\/2013\/10\/enerji-verimliligi-projesi-enerji-hanim-etkinligi-istanbul-da-gerceklestirildi-77x50.jpg 77w, https:\/\/www.enerjigazetesi.ist\/wp-content\/uploads\/2013\/10\/enerji-verimliligi-projesi-enerji-hanim-etkinligi-istanbul-da-gerceklestirildi.jpg 483w\" sizes=\"(max-width: 300px) 100vw, 300px\" \/><\/a> \u015eahin ise i\u00e7inde bulundu\u011fumuz b\u00f6lgede ya\u015fanan sorunlar\u0131n, insan odakl\u0131 de\u011fil enerji politikalar\u0131 kaynakl\u0131 oldu\u011funa dikkat \u00e7ekti. Enerji verimlili\u011fin g\u00fcn\u00fcm\u00fczde b\u00fcy\u00fck \u00f6nem ta\u015f\u0131d\u0131\u011f\u0131na dikkat \u00e7eken \u015eahin, ev han\u0131mlar\u0131n\u0131n birer ekonomist oldu\u011funu belirterek, \u201cDe\u011fi\u015fimin en b\u00fcy\u00fck mimar\u0131 ve anahtar\u0131 sizsiniz. Enerji Han\u0131m\u2019da \u00f6\u011frendiklerimizi, g\u00fcnl\u00fck hayat\u0131m\u0131zda bir davran\u0131\u015f moduna d\u00f6n\u00fc\u015ft\u00fcrmemiz gerekiyor\u201d dedi.<\/p>\n<p>Fatma \u015eahin\u2019in ard\u0131ndan k\u00fcrs\u00fcye gelen Emine Erdo\u011fan ise konu\u015fmas\u0131n\u0131n ba\u015f\u0131nda d\u00fcnya genelinde sanayi ve teknoloji alan\u0131ndaki geli\u015fmelerin hayat\u0131 de\u011fi\u015ftirdi\u011fine ve kolayla\u015ft\u0131rd\u0131\u011f\u0131na dikkat \u00e7ekti. Emine Erdo\u011fan, bu geli\u015fmelere kaynak sa\u011flayan enerjinin de, hava, su ve toprak gibi hayat\u0131n vazge\u00e7ilmez bir par\u00e7as\u0131 haline geldi\u011fini s\u00f6yledi.<\/p>\n<p><strong>A\u015f\u0131r\u0131 t\u00fcketim enerji kaynaklar\u0131n\u0131 t\u00fcketiyor<\/strong><\/p>\n<p>Enerjinin olmad\u0131\u011f\u0131 bir hayat\u0131n art\u0131k hayal bile edilemeyece\u011fini belirten Emine Erdo\u011fan, bununla birlikte a\u015f\u0131r\u0131 t\u00fcketim nedeniyle her ge\u00e7en g\u00fcn enerji kaynaklar\u0131n\u0131n sonuna gelindi\u011fini vurgulad\u0131. Kaynaklar\u0131n s\u0131n\u0131rl\u0131 oldu\u011fu bir d\u00fcnyada, bencil t\u00fcketim anlay\u0131\u015f\u0131 ile ki\u015finin kendi gelece\u011fine ihanet etti\u011finin alt\u0131n\u0131 \u00e7izen Emine Erdo\u011fan, \u201cTabiat\u0131n, \u00e7evrenin insanl\u0131\u011fa emanet olarak verildi\u011fi \u015fuuru ile hareket etmek, ba\u015far\u0131y\u0131 da beraberinde getirecektir\u201d diye konu\u015ftu.<\/p>\n<p><strong>Kad\u0131nlar de\u011fi\u015firse d\u00fcnya de\u011fi\u015fir<\/strong><\/p>\n<p>Enerji Han\u0131m projesinin bu noktada b\u00fcy\u00fck \u00f6nem ta\u015f\u0131d\u0131\u011f\u0131n\u0131 anlatan Emine Erdo\u011fan, \u201cEnerji Han\u0131m, enerjiyi yanl\u0131\u015f kullanman\u0131n, gelece\u011fimize nas\u0131l y\u0131k\u0131c\u0131 bir etki yapaca\u011f\u0131 konusunu g\u00f6zler \u00f6n\u00fcne seriyor. Projenin de bizlere yol g\u00f6sterdi\u011fi gibi, ev halimizde de\u011fi\u015fiklik yapmam\u0131z gerekiyor. S\u00f6z konusu olan, aziz bildi\u011fimiz hava, su, ekmek ve can\u0131m\u0131zdan \u00e7ok de\u011fer verdi\u011fimiz \u00e7ocuklar\u0131m\u0131z\u0131n sa\u011fl\u0131kl\u0131 bir \u00e7evrede ya\u015fama hakk\u0131d\u0131r. Proje ile aile b\u00fct\u00e7esine ve \u00e7evreye \u00f6nemli \u00f6l\u00e7\u00fcde katk\u0131 sa\u011flamak m\u00fcmk\u00fcn. K\u00fc\u00e7\u00fck ad\u0131mlar\u0131n, t\u00fcketim al\u0131\u015fkanl\u0131klar\u0131n\u0131 de\u011fi\u015ftirece\u011fine dair bir ku\u015fkum yok\u201d \u015feklinde konu\u015ftu.<\/p>\n<p>Konu\u015fmas\u0131n\u0131n sonunda, Enerji Han\u0131m projesinde en b\u00fcy\u00fck takdiri, e\u011fitimlere kat\u0131lan ev han\u0131mlar\u0131n\u0131n hak etti\u011fine dikkat \u00e7eken Emine Erdo\u011fan, \u015funlar\u0131 s\u00f6yledi:<br \/>\n\u201cKad\u0131nlar de\u011fi\u015firse, d\u00fcnya de\u011fi\u015fir, gelecek de\u011fi\u015fir. Az\u0131 verimli k\u0131larak \u00e7o\u011faltabiliriz. Alaca\u011f\u0131n\u0131z e\u011fitimle, siz kad\u0131nlar\u0131m\u0131z\u0131n, aile ve toplumu d\u00f6n\u00fc\u015ft\u00fcrece\u011fimize y\u00fcrekten inan\u0131yorum. \u201d<\/p>\n<p>\u00dct\u00fcn\u00fcn fi\u015fini erken \u00e7ek, \u00e7ocuklar okula gitmek i\u00e7in 5 kilometre y\u00fcr\u00fcmesin\u201d<\/p>\n<p>T\u00fcrkiye\u2019yi ba\u015ftan ba\u015fa dola\u015farak ev han\u0131mlar\u0131na k\u00fc\u00e7\u00fck \u00f6nlemlerle y\u0131lda 4 milyar TL tasarrufun y\u00f6ntemlerini anlatan Enerji Han\u0131m ise 4 milyar lira ile bin tane okul ve 200 tam te\u015fekk\u00fcll\u00fc hastane yap\u0131labilece\u011fini hat\u0131rlatarak,\u00a0 \u201c\u00dct\u00fcn\u00fcn fi\u015fini be\u015f dakika \u00f6nce \u00e7ekin, k\u00fc\u00e7\u00fck \u00e7ocuklar\u0131n karda k\u0131\u015fta be\u015f kilometre y\u00fcr\u00fcyerek okula gitmesini \u00f6nleyin. Buzdolab\u0131n\u0131n kap\u0131s\u0131n\u0131 a\u00e7\u0131k b\u0131rakmay\u0131n, ya\u015fl\u0131 bir insan\u0131n mahallesinde kurulacak hastanede tedavi olmas\u0131n\u0131 sa\u011flay\u0131n\u201d dedi.<\/p>\n<p>Enerji han\u0131m e\u011fitim program\u0131n\u0131n ard\u0131ndan kat\u0131lan kad\u0131nlar aras\u0131nda yap\u0131lan \u00e7ekili\u015fte, \u015fansl\u0131 kad\u0131nlar enerjiyi verimli kullanan \u00e7e\u015fitli elektrikli ev aletleri kazand\u0131lar.<\/p>\n<p>Yay\u0131nc\u0131: <a href=\"https:\/\/www.enerjigazetesi.ist\" target=\"_blank\">Enerji Gazetesi<\/a><\/p>","protected":false},"excerpt":{"rendered":"<p>Sorry, this entry is only available in Turkish. For the sake of viewer convenience, the content is shown below in the alternative language. You may click the link to switch the active language.Enerji verimlili\u011finin sa\u011flanmas\u0131 ve bireylere anlat\u0131lmas\u0131n\u0131 ama\u00e7layan toplumsal proje \u201cEnerji Han\u0131m\u201d, 19. dura\u011f\u0131 olan \u0130stanbul\u2019da kad\u0131nlarla bir araya geldi. Enerji ve Tabii Kaynaklar [&hellip;]<\/p>\n","protected":false},"author":1,"featured_media":16350,"comment_status":"open","ping_status":"open","sticky":false,"template":"","format":"standard","meta":[],"categories":[53,52],"tags":[1923,9452,1531,63,67,1009,1530,1475,477,165,103,1972,12,1525,9451,9449,9450,2825,1967,2829,793],"views":630,"_links":{"self":[{"href":"https:\/\/www.enerjigazetesi.ist\/en\/wp-json\/wp\/v2\/posts\/16349"}],"collection":[{"href":"https:\/\/www.enerjigazetesi.ist\/en\/wp-json\/wp\/v2\/posts"}],"about":[{"href":"https:\/\/www.enerjigazetesi.ist\/en\/wp-json\/wp\/v2\/types\/post"}],"author":[{"embeddable":true,"href":"https:\/\/www.enerjigazetesi.ist\/en\/wp-json\/wp\/v2\/users\/1"}],"replies":[{"embeddable":true,"href":"https:\/\/www.enerjigazetesi.ist\/en\/wp-json\/wp\/v2\/comments?post=16349"}],"version-history":[{"count":5,"href":"https:\/\/www.enerjigazetesi.ist\/en\/wp-json\/wp\/v2\/posts\/16349\/revisions"}],"predecessor-version":[{"id":16354,"href":"https:\/\/www.enerjigazetesi.ist\/en\/wp-json\/wp\/v2\/posts\/16349\/revisions\/16354"}],"wp:featuredmedia":[{"embeddable":true,"href":"https:\/\/www.enerjigazetesi.ist\/en\/wp-json\/wp\/v2\/media\/16350"}],"wp:attachment":[{"href":"https:\/\/www.enerjigazetesi.ist\/en\/wp-json\/wp\/v2\/media?parent=16349"}],"wp:term":[{"taxonomy":"category","embeddable":true,"href":"https:\/\/www.enerjigazetesi.ist\/en\/wp-json\/wp\/v2\/categories?post=16349"},{"taxonomy":"post_tag","embeddable":true,"href":"https:\/\/www.enerjigazetesi.ist\/en\/wp-json\/wp\/v2\/tags?post=16349"}],"curies":[{"name":"wp","href":"https:\/\/api.w.org\/{rel}","templated":true}]}}