{"id":163405,"date":"2022-11-17T15:07:09","date_gmt":"2022-11-17T12:07:09","guid":{"rendered":"https:\/\/www.enerjigazetesi.ist\/?p=163405"},"modified":"2022-11-17T15:08:32","modified_gmt":"2022-11-17T12:08:32","slug":"epson-lazer-teknolojisini-tamamen-birakma-karari-aldi","status":"publish","type":"post","link":"https:\/\/www.enerjigazetesi.ist\/en\/epson-lazer-teknolojisini-tamamen-birakma-karari-aldi\/","title":{"rendered":"(Turkish) &#8217;Epson&#8217; Lazer Teknolojisini Tamamen B\u0131rakma Karar\u0131 Ald\u0131"},"content":{"rendered":"<p class=\"qtranxs-available-languages-message qtranxs-available-languages-message-en\">Sorry, this entry is only available in <a href=\"https:\/\/www.enerjigazetesi.ist\/tr\/wp-json\/wp\/v2\/posts\/163405\" class=\"qtranxs-available-language-link qtranxs-available-language-link-tr\" title=\"Turkish\">Turkish<\/a>. For the sake of viewer convenience, the content is shown below in the alternative language. You may click the link to switch the active language.<\/p><p><\/p>\n<h2><strong>Epson, s\u00fcrd\u00fcr\u00fclebilir bir ya\u015fam i\u00e7in b\u00fcy\u00fck bir ad\u0131m atarak lazer yaz\u0131c\u0131lar\u0131n k\u00fcresel sat\u0131\u015f\u0131n\u0131 sona erdirme karar\u0131 al\u0131rken Epson\u2019un inkjet yani m\u00fcrekkep p\u00fcsk\u00fcrtmeli Is\u0131s\u0131z Teknolojisi ile geli\u015ftirilen yeni \u00e7ok i\u015flevli yaz\u0131c\u0131 (MFP) \u00fcr\u00fcnlerini pazara sunuluyor. <\/strong><\/h2>\n<p><strong>Epson<\/strong>\u2019un <strong>Is\u0131s\u0131z Teknoloji<\/strong>\u2019ye sahip yaz\u0131c\u0131lar\u0131, \u0131s\u0131ya ihtiya\u00e7 duymad\u0131\u011f\u0131 i\u00e7in <strong>d\u00fcnyay\u0131 \u0131s\u0131tm\u0131yor<\/strong> ve <strong>daha<\/strong> <strong>az enerjiyle tasarruflu<\/strong> \u00e7al\u0131\u015f\u0131yor.<\/p>\n<p>Epson, 2026 y\u0131l\u0131na kadar lazer yaz\u0131c\u0131lar\u0131n k\u00fcresel sat\u0131\u015f ve da\u011f\u0131t\u0131m\u0131n\u0131 sona erdirece\u011fini a\u00e7\u0131klad\u0131. Epson, <img loading=\"lazy\" class=\"alignright wp-image-163409\" src=\"https:\/\/www.enerjigazetesi.ist\/wp-content\/uploads\/2022\/11\/Suat-Ozsoy_130312137.jpg\" alt=\"\" width=\"270\" height=\"378\" srcset=\"https:\/\/www.enerjigazetesi.ist\/wp-content\/uploads\/2022\/11\/Suat-Ozsoy_130312137.jpg 550w, https:\/\/www.enerjigazetesi.ist\/wp-content\/uploads\/2022\/11\/Suat-Ozsoy_130312137-215x300.jpg 215w, https:\/\/www.enerjigazetesi.ist\/wp-content\/uploads\/2022\/11\/Suat-Ozsoy_130312137-286x400.jpg 286w, https:\/\/www.enerjigazetesi.ist\/wp-content\/uploads\/2022\/11\/Suat-Ozsoy_130312137-36x50.jpg 36w, https:\/\/www.enerjigazetesi.ist\/wp-content\/uploads\/2022\/11\/Suat-Ozsoy_130312137-500x699.jpg 500w\" sizes=\"(max-width: 270px) 100vw, 270px\" \/>ofisler i\u00e7in <strong>inkjet<\/strong> yani <strong>m\u00fcrekkep p\u00fcsk\u00fcrtmeli bask\u0131 teknolojisine<\/strong> olan ba\u011fl\u0131l\u0131\u011f\u0131n\u0131 bir kez daha vurgulad\u0131. <strong>Lazer teknolojisi<\/strong> i\u015flem s\u0131ras\u0131nda <strong>y\u00fcksek \u0131s\u0131ya ihtiya\u00e7<\/strong> duyarken <strong>m\u00fcrekkep p\u00fcsk\u00fcrtme teknolojisi<\/strong> \u0131s\u0131ya ihtiya\u00e7 duymad\u0131\u011f\u0131 ve \u00e7al\u0131\u015fmak i\u00e7in <strong>daha az enerji gerektirdi\u011fi i<\/strong>\u00e7in \u00e7ok daha <strong>\u00e7evreci<\/strong> olarak biliniyor.<\/p>\n<p><strong>Epson EMEA<\/strong>&#8216;n\u0131n K\u0131demli Ba\u015fkan Yard\u0131mc\u0131s\u0131 <strong>Rob Clark<\/strong><span style=\"text-decoration: underline;\"> \u015f\u00f6yle konu\u015ftu:<\/span> <em>&#8220;Lazer pazar\u0131ndan ayr\u0131lma karar\u0131 ka\u00e7\u0131n\u0131lmaz oldu. Bir \u015firket olarak <strong>s\u00fcrd\u00fcr\u00fclebilir inovasyon<\/strong> ve<strong> eyleme<\/strong> kendimizi adad\u0131k ve lazer yaz\u0131c\u0131lar buna uymuyor. <strong>\u0130\u015f inkjetleri<\/strong> ile kar\u015f\u0131la\u015ft\u0131rd\u0131\u011f\u0131m\u0131zda <strong>daha fazla enerji t\u00fcketiyor<\/strong> ve <strong>daha fazla sarf malzemesi<\/strong> kullan\u0131yorlar. Bask\u0131 i\u015fimiz bunun yerine <strong>%100<\/strong> piezo Is\u0131s\u0131z Teknoloji\u2019ye yani <strong>inkjete odaklanacak<\/strong> ve ortaklar\u0131m\u0131z ve son kullan\u0131c\u0131lar i\u00e7in<strong> verimli, s\u00fcrd\u00fcr\u00fclebilir bask\u0131 \u00e7\u00f6z\u00fcmleri<\/strong> sunmak i\u00e7in <strong>kendi teknolojimizden yararlanacak<\/strong>.&#8221;<\/em><\/p>\n<h3><strong>% 88, enerjiyi \u00f6nemli buluyor<\/strong><\/h3>\n<p>Uluslararas\u0131 Data \u015eirketi (IDC) verilerine g\u00f6re, Bat\u0131 Avrupa&#8217;daki ticari m\u00fcrekkep p\u00fcsk\u00fcrtmeli pazar\u0131n\u0131n, lazer bask\u0131 talebindeki y\u0131ll\u0131k <strong>%-0,4<\/strong>&#8216;l\u00fck d\u00fc\u015f\u00fc\u015f\u00fcn aksine, y\u0131lda <strong>+%5,1<\/strong> oran\u0131nda b\u00fcy\u00fcmesi bekleniyor. IDC ara\u015ft\u0131rmas\u0131 ayr\u0131ca donan\u0131m karar vericilerinin <strong>%88<\/strong>&#8216;inin art\u0131k <strong>yeni bask\u0131 cihazlar\u0131n\u0131 se\u00e7erken<\/strong> <em>enerji t\u00fcketimi ve israf\u0131n\u0131n<\/em> (%87)<strong> &#8220;son derece&#8221;<\/strong> veya<strong> &#8220;\u00e7ok&#8221;<\/strong> \u00f6nemli oldu\u011funu d\u00fc\u015f\u00fcnd\u00fc\u011f\u00fcn\u00fc g\u00f6steriyor.<\/p>","protected":false},"excerpt":{"rendered":"<p>Sorry, this entry is only available in Turkish. For the sake of viewer convenience, the content is shown below in the alternative language. You may click the link to switch the active language. Epson, s\u00fcrd\u00fcr\u00fclebilir bir ya\u015fam i\u00e7in b\u00fcy\u00fck bir ad\u0131m atarak lazer yaz\u0131c\u0131lar\u0131n k\u00fcresel sat\u0131\u015f\u0131n\u0131 sona erdirme karar\u0131 al\u0131rken Epson\u2019un inkjet yani m\u00fcrekkep p\u00fcsk\u00fcrtmeli [&hellip;]<\/p>\n","protected":false},"author":1,"featured_media":163410,"comment_status":"open","ping_status":"open","sticky":false,"template":"","format":"standard","meta":[],"categories":[51,53,52],"tags":[106260,103,106258,79581,82382,106257,106259],"views":43,"_links":{"self":[{"href":"https:\/\/www.enerjigazetesi.ist\/en\/wp-json\/wp\/v2\/posts\/163405"}],"collection":[{"href":"https:\/\/www.enerjigazetesi.ist\/en\/wp-json\/wp\/v2\/posts"}],"about":[{"href":"https:\/\/www.enerjigazetesi.ist\/en\/wp-json\/wp\/v2\/types\/post"}],"author":[{"embeddable":true,"href":"https:\/\/www.enerjigazetesi.ist\/en\/wp-json\/wp\/v2\/users\/1"}],"replies":[{"embeddable":true,"href":"https:\/\/www.enerjigazetesi.ist\/en\/wp-json\/wp\/v2\/comments?post=163405"}],"version-history":[{"count":0,"href":"https:\/\/www.enerjigazetesi.ist\/en\/wp-json\/wp\/v2\/posts\/163405\/revisions"}],"wp:featuredmedia":[{"embeddable":true,"href":"https:\/\/www.enerjigazetesi.ist\/en\/wp-json\/wp\/v2\/media\/163410"}],"wp:attachment":[{"href":"https:\/\/www.enerjigazetesi.ist\/en\/wp-json\/wp\/v2\/media?parent=163405"}],"wp:term":[{"taxonomy":"category","embeddable":true,"href":"https:\/\/www.enerjigazetesi.ist\/en\/wp-json\/wp\/v2\/categories?post=163405"},{"taxonomy":"post_tag","embeddable":true,"href":"https:\/\/www.enerjigazetesi.ist\/en\/wp-json\/wp\/v2\/tags?post=163405"}],"curies":[{"name":"wp","href":"https:\/\/api.w.org\/{rel}","templated":true}]}}