{"id":163296,"date":"2022-11-16T16:10:42","date_gmt":"2022-11-16T13:10:42","guid":{"rendered":"https:\/\/www.enerjigazetesi.ist\/?p=163296"},"modified":"2022-11-16T16:10:42","modified_gmt":"2022-11-16T13:10:42","slug":"kitap-angeliki-ile-mehmet-serisinin-2inci-romani-epsilondan-cikti","status":"publish","type":"post","link":"https:\/\/www.enerjigazetesi.ist\/en\/kitap-angeliki-ile-mehmet-serisinin-2inci-romani-epsilondan-cikti\/","title":{"rendered":"(Turkish) Kitap: Angeliki ile Mehmet Serisinin 2&#8217;inci Roman\u0131 Epsilon\u2019dan \u00c7\u0131kt\u0131!"},"content":{"rendered":"<p class=\"qtranxs-available-languages-message qtranxs-available-languages-message-en\">Sorry, this entry is only available in <a href=\"https:\/\/www.enerjigazetesi.ist\/tr\/wp-json\/wp\/v2\/posts\/163296\" class=\"qtranxs-available-language-link qtranxs-available-language-link-tr\" title=\"Turkish\">Turkish<\/a>. For the sake of viewer convenience, the content is shown below in the alternative language. You may click the link to switch the active language.<\/p><p><\/p>\n<h2><strong>Yasemin \u00d6zek\u2019in s\u0131n\u0131r tan\u0131mayan bir a\u015fk\u0131 kaleme ald\u0131\u011f\u0131, Angeliki ile Mehmet serisinin 2&#8217;inci roman\u0131 <em>Bu B\u00f6yle Yar\u0131m Kalmayacak<\/em> Epsilon\u2019dan \u00e7\u0131kt\u0131. 70\u2019li y\u0131llar\u0131n Beyo\u011flu\u2019nda, bir meyhanecinin k\u0131z\u0131 olan Angeliki ile bir ci\u011fercinin o\u011flu olan Mehmet\u2019in aras\u0131ndaki a\u015fk\u0131 anlatan serinin ilk kitab\u0131 da Epsilon logolu yeni bask\u0131s\u0131yla raflarda yerini ald\u0131. Okurlar, bir yandan Angeliki ile Mehmet\u2019in \u00e7arp\u0131c\u0131 a\u015fk hik\u00e2yesine \u015fahitlik ederken di\u011fer yandan bu s\u00fcr\u00fckleyici a\u015fka e\u015flik eden \u015fark\u0131lar\u0131 kitaplar\u0131n sonundaki karekodlardan dinleyebiliyor.<\/strong><\/h2>\n<div id=\"attachment_163298\" style=\"width: 220px\" class=\"wp-caption alignright\"><img aria-describedby=\"caption-attachment-163298\" loading=\"lazy\" class=\"wp-image-163298\" src=\"https:\/\/www.enerjigazetesi.ist\/wp-content\/uploads\/2022\/11\/2022-11-16_160428.jpg\" alt=\"\" width=\"210\" height=\"264\" srcset=\"https:\/\/www.enerjigazetesi.ist\/wp-content\/uploads\/2022\/11\/2022-11-16_160428.jpg 243w, https:\/\/www.enerjigazetesi.ist\/wp-content\/uploads\/2022\/11\/2022-11-16_160428-238x300.jpg 238w, https:\/\/www.enerjigazetesi.ist\/wp-content\/uploads\/2022\/11\/2022-11-16_160428-40x50.jpg 40w\" sizes=\"(max-width: 210px) 100vw, 210px\" \/><p id=\"caption-attachment-163298\" class=\"wp-caption-text\">Yazar &#8211; Yasemin \u00d6ZEK<\/p><\/div>\n<p>Kendisi de bir m\u00fcbadil torunu olan <strong>Yasemin \u00d6zek<\/strong>\u2019in, tarihsel ger\u00e7eklerden esinlenerek tutkulu bir a\u015fk hik\u00e2yesini anlatt\u0131\u011f\u0131 iki kitapl\u0131k <strong><em>Angeliki ile Mehmet<\/em><\/strong> serisi <strong>Epsilon<\/strong>\u2019dan \u00e7\u0131kt\u0131. <strong>Epsilon<\/strong>, serinin yeni kitab\u0131 <strong><em>Bu B\u00f6yle Yar\u0131m Kalmayacak \u2013 Angeliki ile Mehmet 2<\/em><\/strong> ile birlikte, ilk kitab\u0131n\u0131 da yeniden basarak okurlarla bulu\u015fturdu.<\/p>\n<h3><strong><em>Angeliki ile Mehmet 1<\/em><\/strong><\/h3>\n<p>\u0130stanbul\u2019da, <strong>Beyo\u011flu<\/strong>\u2019nda, <strong>Bal\u0131k Pazar\u0131\u2019nda<\/strong> bir<strong> ci\u011fercinin o\u011flu<\/strong> ile <strong>bir meyhanecinin k\u0131z\u0131<\/strong> idi onlar. Kar\u015f\u0131l\u0131kl\u0131 d\u00fckk\u00e2nlarda \u00e7al\u0131\u015f\u0131yorlard\u0131, babalar\u0131 da y\u0131llard\u0131r ayn\u0131 soka\u011f\u0131n esnaf\u0131&#8230; \u0130ki <strong>gencin birbirlerini g\u00f6r\u00fcp \u00e2\u015f\u0131k olmas\u0131<\/strong>, g\u00fczel bir hik\u00e2yenin ba\u015flang\u0131c\u0131 olabilir her \u015fey mutlu mesut ilerleyebilirdi. Biri T\u00fcrk biri Rum olmasayd\u0131\u2026 Sene, 1970 olmasayd\u0131\u2026<\/p>\n<p>Zaman\u0131n ruhunun k\u0131yd\u0131\u011f\u0131 sevdalardan birine d\u00f6n\u00fc\u015fmek \u00fczereydi <strong>Angeliki<\/strong> ile <strong>Mehmet<\/strong>\u2019in a\u015fk\u0131. \u00d6nce gizlemeyi denediler, sonra \u015fark\u0131larla beslediler hasretlerini. Ama bir g\u00fcn\u2026 O b\u00fcy\u00fck yang\u0131n\u0131n k\u0131v\u0131lc\u0131m\u0131 d\u00fc\u015ft\u00fc aralar\u0131na, hayallerinin dekoru parampar\u00e7a olana dek de b\u0131rakmad\u0131 pe\u015flerini. Baz\u0131 a\u015fklar\u0131 bitirmeye \u00e7al\u0131\u015f\u0131r herkes, neden oldu\u011funu bile bilmeden, s\u0131rf \u00f6yle olmas\u0131 gerekti\u011fini \u00f6\u011frendikleri i\u00e7in\u2026 Bir tek \u00e2\u015f\u0131klar savunur bunun kar\u015f\u0131 konulamaz bir his oldu\u011funu. Sonra bir a\u011f\u0131zdan s\u00f6ylerler o \u015fark\u0131y\u0131: <em>\u201cBu b\u00f6yle yar\u0131m kalmayacak\u2026\u201d<\/em><\/p>\n<h3><strong><em>Bu B\u00f6yle Yar\u0131m Kalmayacak \u2013 Angeliki ile Mehmet 2<\/em><\/strong><\/h3>\n<p>A\u015fk bir m\u00fccadele i\u015fi; araya giren y\u0131llar\u0131n, yollar\u0131n, ellerin ve kurallar\u0131n taraf oldu\u011fu bir sava\u015fta&#8230; <em>\u201cSilemezler g\u00f6nl\u00fcmden ne a\u015fk\u0131n\u0131 ne seni\u2026\u201d<\/em> diye diye sava\u015f\u0131yor sevdal\u0131lar. Uzakl\u0131k da hasret de bir yang\u0131n, kimin ne kadar yand\u0131\u011f\u0131n\u0131 da kimse bilmiyor \u00fcstelik; di\u011feri bile\u2026 Bu bilinmezlik i\u00e7inde <em>\u201cBir ihtimal daha var\u2026\u201d <\/em>diyesi geliyor ayr\u0131lan\u0131n da; hemen araya giriyorlar etraftan, <em>\u201cTek sen misin ayr\u0131lan, \u00fcz\u00fcld\u00fc\u011f\u00fcn \u015feye bak\u2026\u201d<\/em><\/p>\n<p>Gitmenin de kalman\u0131n da zor oldu\u011fu yerde en zoru bulu\u015fmak&#8230; Tut ki inat ettin tut ki kavu\u015ftun, bakal\u0131m buldu\u011fun ki\u015fi b\u0131rakt\u0131\u011f\u0131n ki\u015fi mi? Angeliki ile Mehmet\u2019in sevdas\u0131 s\u0131n\u0131rlara inat s\u00fcr\u00fcyor\u2026 S\u00fcr\u00fcyor da kendilerinin ve a\u015fklar\u0131n\u0131n \u00f6n\u00fcne ge\u00e7ecek b\u00fcy\u00fckl\u00fckte engeller kar\u015f\u0131s\u0131nda ne kadar ayakta kalabilecek? O son \u015fark\u0131y\u0131, birlikte mi yoksa ayr\u0131 ayr\u0131 m\u0131 s\u00f6yleyecekler: <em>\u201cSeni ben unutmak istemedim ki, uzayan yollara neden inand\u0131n\u2026\u201d<\/em><strong>Yasemin \u00d6zek<\/strong>\u2019in <strong><em>Angeliki ile Mehmet <\/em><\/strong>serisinin iki roman\u0131 birden, <strong>Epsilon<\/strong> logosuyla raflarda ve internet sat\u0131\u015f sitelerinde!<\/p>","protected":false},"excerpt":{"rendered":"<p>Sorry, this entry is only available in Turkish. For the sake of viewer convenience, the content is shown below in the alternative language. You may click the link to switch the active language. Yasemin \u00d6zek\u2019in s\u0131n\u0131r tan\u0131mayan bir a\u015fk\u0131 kaleme ald\u0131\u011f\u0131, Angeliki ile Mehmet serisinin 2&#8217;inci roman\u0131 Bu B\u00f6yle Yar\u0131m Kalmayacak Epsilon\u2019dan \u00e7\u0131kt\u0131. 70\u2019li y\u0131llar\u0131n [&hellip;]<\/p>\n","protected":false},"author":1,"featured_media":163299,"comment_status":"open","ping_status":"open","sticky":false,"template":"","format":"standard","meta":[],"categories":[53,4],"tags":[106227,106228,106229],"views":76,"_links":{"self":[{"href":"https:\/\/www.enerjigazetesi.ist\/en\/wp-json\/wp\/v2\/posts\/163296"}],"collection":[{"href":"https:\/\/www.enerjigazetesi.ist\/en\/wp-json\/wp\/v2\/posts"}],"about":[{"href":"https:\/\/www.enerjigazetesi.ist\/en\/wp-json\/wp\/v2\/types\/post"}],"author":[{"embeddable":true,"href":"https:\/\/www.enerjigazetesi.ist\/en\/wp-json\/wp\/v2\/users\/1"}],"replies":[{"embeddable":true,"href":"https:\/\/www.enerjigazetesi.ist\/en\/wp-json\/wp\/v2\/comments?post=163296"}],"version-history":[{"count":0,"href":"https:\/\/www.enerjigazetesi.ist\/en\/wp-json\/wp\/v2\/posts\/163296\/revisions"}],"wp:featuredmedia":[{"embeddable":true,"href":"https:\/\/www.enerjigazetesi.ist\/en\/wp-json\/wp\/v2\/media\/163299"}],"wp:attachment":[{"href":"https:\/\/www.enerjigazetesi.ist\/en\/wp-json\/wp\/v2\/media?parent=163296"}],"wp:term":[{"taxonomy":"category","embeddable":true,"href":"https:\/\/www.enerjigazetesi.ist\/en\/wp-json\/wp\/v2\/categories?post=163296"},{"taxonomy":"post_tag","embeddable":true,"href":"https:\/\/www.enerjigazetesi.ist\/en\/wp-json\/wp\/v2\/tags?post=163296"}],"curies":[{"name":"wp","href":"https:\/\/api.w.org\/{rel}","templated":true}]}}