{"id":163282,"date":"2022-11-16T15:17:45","date_gmt":"2022-11-16T12:17:45","guid":{"rendered":"https:\/\/www.enerjigazetesi.ist\/?p=163282"},"modified":"2022-11-16T15:28:30","modified_gmt":"2022-11-16T12:28:30","slug":"4-uncu-enerji-forumu-nda-enerji-krizi-ve-cop27-konusulacak","status":"publish","type":"post","link":"https:\/\/www.enerjigazetesi.ist\/en\/4-uncu-enerji-forumu-nda-enerji-krizi-ve-cop27-konusulacak\/","title":{"rendered":"(Turkish) 4&#8217;\u00fcnc\u00fc Enerji Forumu&#8217;nda Enerji Krizi ve COP27 Konu\u015fulacak"},"content":{"rendered":"<p class=\"qtranxs-available-languages-message qtranxs-available-languages-message-en\">Sorry, this entry is only available in <a href=\"https:\/\/www.enerjigazetesi.ist\/tr\/wp-json\/wp\/v2\/posts\/163282\" class=\"qtranxs-available-language-link qtranxs-available-language-link-tr\" title=\"Turkish\">Turkish<\/a>. For the sake of viewer convenience, the content is shown below in the alternative language. You may click the link to switch the active language.<\/p><p><\/p>\n<h2>Kadir Has \u00dcniversitesi\u00a0Enerji ve S\u00fcrd\u00fcr\u00fclebilir Kalk\u0131nma <img loading=\"lazy\" class=\"alignright wp-image-163286\" src=\"https:\/\/www.enerjigazetesi.ist\/wp-content\/uploads\/2022\/11\/2022-11-16_151232.jpg\" alt=\"\" width=\"320\" height=\"282\" srcset=\"https:\/\/www.enerjigazetesi.ist\/wp-content\/uploads\/2022\/11\/2022-11-16_151232.jpg 550w, https:\/\/www.enerjigazetesi.ist\/wp-content\/uploads\/2022\/11\/2022-11-16_151232-300x264.jpg 300w, https:\/\/www.enerjigazetesi.ist\/wp-content\/uploads\/2022\/11\/2022-11-16_151232-455x400.jpg 455w, https:\/\/www.enerjigazetesi.ist\/wp-content\/uploads\/2022\/11\/2022-11-16_151232-57x50.jpg 57w, https:\/\/www.enerjigazetesi.ist\/wp-content\/uploads\/2022\/11\/2022-11-16_151232-500x440.jpg 500w\" sizes=\"(max-width: 320px) 100vw, 320px\" \/>Merkezi (CESD)\u00a0ile\u00a0Enerji ve \u0130klim De\u011fi\u015fikli\u011fi Vakf\u0131 (EN\u0130VA)\u00a0taraf\u0131ndan d\u00fczenlenen\u00a0<strong>\u201cEnerji Forumu\u201d\u00a0<\/strong>etkinli\u011finin 4&#8217;\u00fcnc\u00fcs\u00fc, <strong>22 Kas\u0131m Sal\u0131\u00a0g\u00fcn\u00fc saat 19.30<\/strong>&#8216;da online olarak d\u00fczenleniyor.<\/h2>\n<p>Kat\u0131l\u0131mc\u0131lar\u0131n s\u00f6z alarak g\u00f6r\u00fc\u015flerini ifade edebilece\u011fi etkinlikte,<strong> KHAS CESD M\u00fcd\u00fcr\u00fc<\/strong> ve <em>EN\u0130VA YK Ba\u015fkan\u0131<\/em>\u00a0<strong>Prof. Dr. Volkan \u015e. Ediger<\/strong>\u00a0moderat\u00f6rl\u00fc\u011f\u00fcnde,\u00a0konu\u011fumuz S<em>\u00fcrd\u00fcr\u00fclebilir Kentler Birli\u011fi (ICLEI) K\u00fcresel Savunma Direkt\u00f6r\u00fc<\/em>\u00a0<strong>Yunus Ar\u0131kan<\/strong>\u00a0ile\u00a0birlikte\u00a0<strong>\u201c<\/strong><strong>Enerji Krizi ve COP27\u201d<\/strong> konusu tart\u0131\u015f\u0131lacakt\u0131r.<\/p>\n<p>Etkinli\u011fe kat\u0131l\u0131m i\u00e7in\u00a0<a href=\"https:\/\/bit.ly\/3hdarBu\" target=\"_blank\" rel=\"noopener\" data-auth=\"NotApplicable\">bit.ly\/3hdarBu<\/a> linkinden\u00a0kay\u0131t yap\u0131lmas\u0131 gerekmektedir.<\/p>","protected":false},"excerpt":{"rendered":"<p>Sorry, this entry is only available in Turkish. For the sake of viewer convenience, the content is shown below in the alternative language. You may click the link to switch the active language. Kadir Has \u00dcniversitesi\u00a0Enerji ve S\u00fcrd\u00fcr\u00fclebilir Kalk\u0131nma Merkezi (CESD)\u00a0ile\u00a0Enerji ve \u0130klim De\u011fi\u015fikli\u011fi Vakf\u0131 (EN\u0130VA)\u00a0taraf\u0131ndan d\u00fczenlenen\u00a0\u201cEnerji Forumu\u201d\u00a0etkinli\u011finin 4&#8217;\u00fcnc\u00fcs\u00fc, 22 Kas\u0131m Sal\u0131\u00a0g\u00fcn\u00fc saat 19.30&#8216;da online [&hellip;]<\/p>\n","protected":false},"author":1,"featured_media":163286,"comment_status":"open","ping_status":"open","sticky":false,"template":"","format":"standard","meta":[],"categories":[51,53,52],"tags":[105701,3756,7793],"views":59,"_links":{"self":[{"href":"https:\/\/www.enerjigazetesi.ist\/en\/wp-json\/wp\/v2\/posts\/163282"}],"collection":[{"href":"https:\/\/www.enerjigazetesi.ist\/en\/wp-json\/wp\/v2\/posts"}],"about":[{"href":"https:\/\/www.enerjigazetesi.ist\/en\/wp-json\/wp\/v2\/types\/post"}],"author":[{"embeddable":true,"href":"https:\/\/www.enerjigazetesi.ist\/en\/wp-json\/wp\/v2\/users\/1"}],"replies":[{"embeddable":true,"href":"https:\/\/www.enerjigazetesi.ist\/en\/wp-json\/wp\/v2\/comments?post=163282"}],"version-history":[{"count":0,"href":"https:\/\/www.enerjigazetesi.ist\/en\/wp-json\/wp\/v2\/posts\/163282\/revisions"}],"wp:featuredmedia":[{"embeddable":true,"href":"https:\/\/www.enerjigazetesi.ist\/en\/wp-json\/wp\/v2\/media\/163286"}],"wp:attachment":[{"href":"https:\/\/www.enerjigazetesi.ist\/en\/wp-json\/wp\/v2\/media?parent=163282"}],"wp:term":[{"taxonomy":"category","embeddable":true,"href":"https:\/\/www.enerjigazetesi.ist\/en\/wp-json\/wp\/v2\/categories?post=163282"},{"taxonomy":"post_tag","embeddable":true,"href":"https:\/\/www.enerjigazetesi.ist\/en\/wp-json\/wp\/v2\/tags?post=163282"}],"curies":[{"name":"wp","href":"https:\/\/api.w.org\/{rel}","templated":true}]}}