{"id":16326,"date":"2013-10-09T16:39:20","date_gmt":"2013-10-09T13:39:20","guid":{"rendered":"https:\/\/www.enerjigazetesi.ist\/?p=16326"},"modified":"2013-10-09T16:40:11","modified_gmt":"2013-10-09T13:40:11","slug":"babacan-ovpde-turkiye-enerji-hedeflerini-acikladi","status":"publish","type":"post","link":"https:\/\/www.enerjigazetesi.ist\/en\/babacan-ovpde-turkiye-enerji-hedeflerini-acikladi\/","title":{"rendered":"(Turkish) Babacan, OVP\u2019de T\u00fcrkiye Enerji Hedeflerini A\u00e7\u0131klad\u0131&#8230;"},"content":{"rendered":"<p class=\"qtranxs-available-languages-message qtranxs-available-languages-message-en\">Sorry, this entry is only available in <a href=\"https:\/\/www.enerjigazetesi.ist\/tr\/wp-json\/wp\/v2\/posts\/16326\" class=\"qtranxs-available-language-link qtranxs-available-language-link-tr\" title=\"Turkish\">Turkish<\/a>. For the sake of viewer convenience, the content is shown below in the alternative language. You may click the link to switch the active language.<\/p><p><\/p>\n<p><strong>Ba\u015fbakan Yard\u0131mc\u0131s\u0131 Ali Babacan, \u00f6n\u00fcm\u00fczdeki d\u00f6nemde elektrik \u00fcretiminde yerli ve yenilenebilir kaynaklara a\u011f\u0131rl\u0131k vereceklerini belirterek, &#8220;Hidroelektrik, r\u00fczgar, jeotermal, g\u00fcne\u015f, bunlar\u0131n her birinde \u00f6zel sekt\u00f6r\u00fcn \u00f6n\u00fcn\u00fc alabildi\u011fince a\u00e7acak politikalar uygulayaca\u011f\u0131z&#8221; dedi.<\/strong><\/p>\n<p>Babacan, Maliye Bakan\u0131 Mehmet \u015eim\u015fek ve Kalk\u0131nma Bakan\u0131 Cevdet Y\u0131lmaz`la birlikte Ba\u015fbakanl\u0131k Yeni Bina`da d\u00fczenledi\u011fi bas\u0131n toplant\u0131s\u0131yla 2014-2016 y\u0131llar\u0131n\u0131 kapsayan Orta Vadeli Program\u0131 (OVP) a\u00e7\u0131klad\u0131. Orta Vadeli Program (2014-2016) ile Orta Vadeli Mali Plan (2014-2016) Resmi Gazete`ni m\u00fckerrer say\u0131s\u0131nda yay\u0131mland\u0131.<\/p>\n<p><strong>\u00d6ZEL SEKT\u00d6R\u00dcN \u00d6N\u00dc A\u00c7ILACAK<\/strong><br \/>\n\u00d6n\u00fcm\u00fczdeki d\u00f6nemde elektrik \u00fcretiminde yerli ve yenilenebilir kaynaklara a\u011f\u0131rl\u0131k vereceklerini ifade eden Babacan, &#8220;Hidroelektrik, r\u00fczgar, jeotarmal, biyok\u00fctle, g\u00fcne\u015f, bunlar\u0131n her birinde \u00f6zel sekt\u00f6r\u00fcn \u00f6n\u00fcn\u00fc alabildi\u011fince a\u00e7acak politikalar uygulayaca\u011f\u0131z. 2009 y\u0131l\u0131nda \u00e7\u0131kartt\u0131\u011f\u0131m\u0131z yenilenebilir enerji te\u015fvik yasas\u0131 gayet iyi i\u015flemekte. Orada da s\u00fcre<a href=\"https:\/\/www.enerjigazetesi.ist\/wp-content\/uploads\/2013\/10\/babacan-ovpde-turkiye-enerji-hedeflerini-acikladi.jpg\"><img loading=\"lazy\" class=\"alignright size-medium wp-image-16327\" title=\"babacan-ovpde-turkiye-enerji-hedeflerini-acikladi\" src=\"https:\/\/www.enerjigazetesi.ist\/wp-content\/uploads\/2013\/10\/babacan-ovpde-turkiye-enerji-hedeflerini-acikladi-300x205.jpg\" alt=\"\" width=\"300\" height=\"205\" srcset=\"https:\/\/www.enerjigazetesi.ist\/wp-content\/uploads\/2013\/10\/babacan-ovpde-turkiye-enerji-hedeflerini-acikladi-300x205.jpg 300w, https:\/\/www.enerjigazetesi.ist\/wp-content\/uploads\/2013\/10\/babacan-ovpde-turkiye-enerji-hedeflerini-acikladi-73x50.jpg 73w, https:\/\/www.enerjigazetesi.ist\/wp-content\/uploads\/2013\/10\/babacan-ovpde-turkiye-enerji-hedeflerini-acikladi.jpg 444w\" sizes=\"(max-width: 300px) 100vw, 300px\" \/><\/a>si yakla\u015fan konular\u0131m\u0131z vard\u0131, \u015fimdi onlar\u0131n da tarihlerini uzatma karar\u0131 ald\u0131k. Bu konuda \u00f6zel sekt\u00f6r\u00fcn \u00f6n\u00fcn\u00fc olabildi\u011fince a\u00e7aca\u011f\u0131z&#8221; diye konu\u015ftu.<\/p>\n<p><strong>ENERJ\u0130 VER\u0130ML\u0130L\u0130\u011e\u0130 \u0130\u00c7\u0130N EYLEM PLANI HAZIRLANDI<\/strong><br \/>\nEkonominin enerji yo\u011funlu\u011funu azaltmak \u00fczere enerji verimlili\u011fi \u00e7al\u0131\u015fmalar\u0131na a\u011f\u0131rl\u0131k vermeye devam edeceklerini belirten Babacan, bununla ilgili eylem plan\u0131 haz\u0131rlad\u0131klar\u0131n\u0131, bu \u00e7er\u00e7evede sanayide, konutlarda, kamu binalar\u0131nda ne yap\u0131laca\u011f\u0131na ili\u015fkin \u00e7al\u0131\u015fmalar\u0131n s\u00fcrd\u00fcr\u00fcld\u00fc\u011f\u00fcn\u00fc s\u00f6yledi. Bu konuda yeni te\u015fvik ve yeni tasarruf programlar\u0131 olu\u015fturacaklar\u0131n\u0131 anlatan Babacan, &#8220;Yani sanayicimiz enerji verimlili\u011fi ile ilgili bir yat\u0131r\u0131m yapt\u0131\u011f\u0131nda onun kar\u015f\u0131l\u0131\u011f\u0131n\u0131 da devletin iyi bir te\u015fvi\u011fini de beraberinde g\u00f6recek. Bununla ilgili bakanl\u0131klar\u0131m\u0131z \u015fu anda bir model \u00fczerinde \u00e7al\u0131\u015fmakta&#8221; dedi.<\/p>\n<p><strong>PETROL VE DO\u011eALGAZ ARAMA FAAL\u0130YETLER\u0130 HIZLANACAK<\/strong><br \/>\nYurti\u00e7i ve yurtd\u0131\u015f\u0131nda petrol ve do\u011fal gaz arama faaliyetlerinin h\u0131zland\u0131r\u0131laca\u011f\u0131n\u0131, linyit k\u00f6m\u00fcr\u00fc ve jeotermal gibi yerli kaynaklar\u0131n arama ve \u00fcretim faaliyetlerini azami seviyeye \u00e7\u0131karacak tedbirler ald\u0131klar\u0131n\u0131 ifade eden Babacan, &#8220;Yani petrol, do\u011falgaz ar\u0131yorsa ya da kaya gaz\u0131 ar\u0131yorsa nas\u0131l madencilik sekt\u00f6r\u00fcnde te\u015fvi\u011fimiz varsa, benzer te\u015fvikleri \u015fu anda \u00e7al\u0131\u015f\u0131yoruz. Bunu arama \u00e7al\u0131\u015fmalar\u0131nda da uygulamay\u0131 d\u00fc\u015f\u00fcn\u00fcyoruz&#8221; dedi.<\/p>\n<p><strong>OVP\u2019DE PETROL F\u0130YATLARI<\/strong><br \/>\nK\u00fcresel b\u00fcy\u00fcmedeki zay\u0131f g\u00f6r\u00fcn\u00fcm, ba\u015fta enerji ve end\u00fcstriyel metaller olmak \u00fczere emtia fiyatlar\u0131 \u00fczerinde belirleyici unsur olarak \u00f6ne \u00e7\u0131kt\u0131\u011f\u0131na i\u015faret edilen OVP`de, 2012 y\u0131l\u0131nda ortalama Brent petrol varil fiyat\u0131 112 dolar olarak ger\u00e7ekle\u015fti\u011fi belirtildi. Program`da, orta vadede petrol fiyatlar\u0131nda d\u00fc\u015f\u00fc\u015f e\u011filiminin devam edece\u011fi tahmin edilmekle birlikte jeopolitik belirsizliklerin ge\u00e7ici fiyat art\u0131\u015flar\u0131na neden olabilece\u011fi bildirildi.<\/p>\n<p>Kaynak: <a href=\"http:\/\/enerjigunlugu.net\/babacan-ovpde-turkiye-enerji-hedeflerini-acikladi_5161.html\" target=\"_blank\">Enerji G\u00fcnl\u00fc\u011f\u00fc<\/a><\/p>\n<p><\/p>","protected":false},"excerpt":{"rendered":"<p>Sorry, this entry is only available in Turkish. For the sake of viewer convenience, the content is shown below in the alternative language. You may click the link to switch the active language. Ba\u015fbakan Yard\u0131mc\u0131s\u0131 Ali Babacan, \u00f6n\u00fcm\u00fczdeki d\u00f6nemde elektrik \u00fcretiminde yerli ve yenilenebilir kaynaklara a\u011f\u0131rl\u0131k vereceklerini belirterek, &#8220;Hidroelektrik, r\u00fczgar, jeotermal, g\u00fcne\u015f, bunlar\u0131n her birinde [&hellip;]<\/p>\n","protected":false},"author":1,"featured_media":16327,"comment_status":"open","ping_status":"open","sticky":false,"template":"","format":"standard","meta":[],"categories":[53,52,49,47,48,50],"tags":[1576,19,63,67,1009,165,12,5861,227,70,58,69,9419],"views":769,"_links":{"self":[{"href":"https:\/\/www.enerjigazetesi.ist\/en\/wp-json\/wp\/v2\/posts\/16326"}],"collection":[{"href":"https:\/\/www.enerjigazetesi.ist\/en\/wp-json\/wp\/v2\/posts"}],"about":[{"href":"https:\/\/www.enerjigazetesi.ist\/en\/wp-json\/wp\/v2\/types\/post"}],"author":[{"embeddable":true,"href":"https:\/\/www.enerjigazetesi.ist\/en\/wp-json\/wp\/v2\/users\/1"}],"replies":[{"embeddable":true,"href":"https:\/\/www.enerjigazetesi.ist\/en\/wp-json\/wp\/v2\/comments?post=16326"}],"version-history":[{"count":5,"href":"https:\/\/www.enerjigazetesi.ist\/en\/wp-json\/wp\/v2\/posts\/16326\/revisions"}],"predecessor-version":[{"id":16332,"href":"https:\/\/www.enerjigazetesi.ist\/en\/wp-json\/wp\/v2\/posts\/16326\/revisions\/16332"}],"wp:featuredmedia":[{"embeddable":true,"href":"https:\/\/www.enerjigazetesi.ist\/en\/wp-json\/wp\/v2\/media\/16327"}],"wp:attachment":[{"href":"https:\/\/www.enerjigazetesi.ist\/en\/wp-json\/wp\/v2\/media?parent=16326"}],"wp:term":[{"taxonomy":"category","embeddable":true,"href":"https:\/\/www.enerjigazetesi.ist\/en\/wp-json\/wp\/v2\/categories?post=16326"},{"taxonomy":"post_tag","embeddable":true,"href":"https:\/\/www.enerjigazetesi.ist\/en\/wp-json\/wp\/v2\/tags?post=16326"}],"curies":[{"name":"wp","href":"https:\/\/api.w.org\/{rel}","templated":true}]}}