{"id":163254,"date":"2022-11-16T13:38:36","date_gmt":"2022-11-16T10:38:36","guid":{"rendered":"https:\/\/www.enerjigazetesi.ist\/?p=163254"},"modified":"2022-11-16T13:38:36","modified_gmt":"2022-11-16T10:38:36","slug":"sisecam-turkiyenin-en-hafif-maden-suyu-sisesini-uretti","status":"publish","type":"post","link":"https:\/\/www.enerjigazetesi.ist\/en\/sisecam-turkiyenin-en-hafif-maden-suyu-sisesini-uretti\/","title":{"rendered":"(Turkish) &#8217;\u015ei\u015fecam&#8217; T\u00fcrkiye\u2019nin En Hafif Maden Suyu \u015ei\u015fesini \u00dcretti"},"content":{"rendered":"<p class=\"qtranxs-available-languages-message qtranxs-available-languages-message-en\">Sorry, this entry is only available in <a href=\"https:\/\/www.enerjigazetesi.ist\/tr\/wp-json\/wp\/v2\/posts\/163254\" class=\"qtranxs-available-language-link qtranxs-available-language-link-tr\" title=\"Turkish\">Turkish<\/a>. For the sake of viewer convenience, the content is shown below in the alternative language. You may click the link to switch the active language.<\/p><p><\/p>\n<h2><strong>\u015ei\u015fecam, \u00fcretti\u011fi T\u00fcrkiye\u2019nin en hafif maden suyu \u015fi\u015fesini tan\u0131tt\u0131. \u00d6zel tasar\u0131m\u0131yla benzerlerine g\u00f6re daha hafif olan \u00e7evre dostu maden suyu \u015fi\u015fesiyle harcanan enerji ve hammadde miktar\u0131ndan tasarruf edilirken \u00fcretim ve transfere ba\u011fl\u0131 karbon dioksit emisyonunda da azalma sa\u011flan\u0131yor.<\/strong><\/h2>\n<p><img loading=\"lazy\" class=\"alignright wp-image-163256\" src=\"https:\/\/www.enerjigazetesi.ist\/wp-content\/uploads\/2022\/11\/sisecam-turkiyenin-en-hafif-maden-suyu-sisesini-uretti.jpg\" alt=\"\" width=\"320\" height=\"240\" srcset=\"https:\/\/www.enerjigazetesi.ist\/wp-content\/uploads\/2022\/11\/sisecam-turkiyenin-en-hafif-maden-suyu-sisesini-uretti.jpg 550w, https:\/\/www.enerjigazetesi.ist\/wp-content\/uploads\/2022\/11\/sisecam-turkiyenin-en-hafif-maden-suyu-sisesini-uretti-300x225.jpg 300w, https:\/\/www.enerjigazetesi.ist\/wp-content\/uploads\/2022\/11\/sisecam-turkiyenin-en-hafif-maden-suyu-sisesini-uretti-500x375.jpg 500w, https:\/\/www.enerjigazetesi.ist\/wp-content\/uploads\/2022\/11\/sisecam-turkiyenin-en-hafif-maden-suyu-sisesini-uretti-67x50.jpg 67w\" sizes=\"(max-width: 320px) 100vw, 320px\" \/>\u015ei\u015fecam\u2019\u0131n <strong>110 graml\u0131k<\/strong> <em>ultra hafif maden suyu \u015fi\u015fesi<\/em> \u00fcretim s\u00fcrecinde <strong>130 graml\u0131k<\/strong> standart bir maden suyu \u015fi\u015fesine oranla <strong>%15<\/strong> <em>daha az karbondioksit yo\u011funlu\u011fu<\/em> g\u00f6r\u00fcl\u00fcyor. <strong>\u00dcr\u00fcn sevkiyat\u0131<\/strong> s\u0131ras\u0131nda <strong>t\u0131r say\u0131s\u0131n\u0131n azalmas\u0131ndan<\/strong> elde edilen maliyetin <strong>yan\u0131 s\u0131ra kilometre ba\u015f\u0131na<\/strong> <strong>sal\u0131nan karbon emisyonu<\/strong>nda da yakla\u015f\u0131k<strong> %14<\/strong>\u2019l\u00fck bir d\u00fc\u015f\u00fc\u015f \u00f6ng\u00f6r\u00fcl\u00fcyor.<\/p>\n<p>\u015ei\u015fecam, <strong>yenilik\u00e7i cam ambalaj tasar\u0131mlar\u0131<\/strong> ve <strong>\u00fcr\u00fcn hafifletme \u00e7al\u0131\u015fmalar\u0131<\/strong> ile<strong> \u00fcretimde<\/strong> ve <strong>transferde<\/strong> daha <strong>az enerji kullan\u0131m\u0131<\/strong> ve daha <strong>az sera gaz\u0131 emisyonu<\/strong> ile gezegeni korumay\u0131 ve toplumun de\u011fi\u015fen ihtiya\u00e7lar\u0131na y\u00f6nelik <strong>s\u00fcrd\u00fcr\u00fclebilir \u00fcr\u00fcnler<\/strong> sunarak <strong>ya\u015fam\u0131 d\u00f6n\u00fc\u015ft\u00fcrmeyi ama\u00e7l\u0131yor.<\/strong><\/p>\n<p><strong>\u015ei\u015fecam Yeni\u015fehir Cam Ambalaj Fabrikas\u0131<\/strong>\u2019nda \u00fcretilen T\u00fcrkiye\u2019nin en hafif maden suyu \u015fi\u015fesi, <strong>z\u00fcmr\u00fct ye\u015fili rengiyle<\/strong> raflarda yerini al\u0131rken T\u00fcrkiye\u2019de sat\u0131\u015f\u0131 ba\u015flayan<strong> maden suyu \u015fi\u015feleri<\/strong>nin <strong>2023 y\u0131l\u0131<\/strong> itibariyle<strong> yurt d\u0131\u015f\u0131nda da sat\u0131\u015fa sunulmas\u0131<\/strong> hedefleniyor.<\/p>","protected":false},"excerpt":{"rendered":"<p>Sorry, this entry is only available in Turkish. For the sake of viewer convenience, the content is shown below in the alternative language. You may click the link to switch the active language. \u015ei\u015fecam, \u00fcretti\u011fi T\u00fcrkiye\u2019nin en hafif maden suyu \u015fi\u015fesini tan\u0131tt\u0131. \u00d6zel tasar\u0131m\u0131yla benzerlerine g\u00f6re daha hafif olan \u00e7evre dostu maden suyu \u015fi\u015fesiyle harcanan [&hellip;]<\/p>\n","protected":false},"author":1,"featured_media":163256,"comment_status":"open","ping_status":"open","sticky":false,"template":"","format":"standard","meta":[],"categories":[53,52],"tags":[106219,106221,106222,106220],"views":92,"_links":{"self":[{"href":"https:\/\/www.enerjigazetesi.ist\/en\/wp-json\/wp\/v2\/posts\/163254"}],"collection":[{"href":"https:\/\/www.enerjigazetesi.ist\/en\/wp-json\/wp\/v2\/posts"}],"about":[{"href":"https:\/\/www.enerjigazetesi.ist\/en\/wp-json\/wp\/v2\/types\/post"}],"author":[{"embeddable":true,"href":"https:\/\/www.enerjigazetesi.ist\/en\/wp-json\/wp\/v2\/users\/1"}],"replies":[{"embeddable":true,"href":"https:\/\/www.enerjigazetesi.ist\/en\/wp-json\/wp\/v2\/comments?post=163254"}],"version-history":[{"count":0,"href":"https:\/\/www.enerjigazetesi.ist\/en\/wp-json\/wp\/v2\/posts\/163254\/revisions"}],"wp:featuredmedia":[{"embeddable":true,"href":"https:\/\/www.enerjigazetesi.ist\/en\/wp-json\/wp\/v2\/media\/163256"}],"wp:attachment":[{"href":"https:\/\/www.enerjigazetesi.ist\/en\/wp-json\/wp\/v2\/media?parent=163254"}],"wp:term":[{"taxonomy":"category","embeddable":true,"href":"https:\/\/www.enerjigazetesi.ist\/en\/wp-json\/wp\/v2\/categories?post=163254"},{"taxonomy":"post_tag","embeddable":true,"href":"https:\/\/www.enerjigazetesi.ist\/en\/wp-json\/wp\/v2\/tags?post=163254"}],"curies":[{"name":"wp","href":"https:\/\/api.w.org\/{rel}","templated":true}]}}