{"id":163192,"date":"2022-11-15T16:42:41","date_gmt":"2022-11-15T13:42:41","guid":{"rendered":"https:\/\/www.enerjigazetesi.ist\/?p=163192"},"modified":"2022-11-15T17:30:25","modified_gmt":"2022-11-15T14:30:25","slug":"13-bogazici-zirvesinde-diplomatik-akademik-ve-sanat-cevresi-ile-temaslar","status":"publish","type":"post","link":"https:\/\/www.enerjigazetesi.ist\/en\/13-bogazici-zirvesinde-diplomatik-akademik-ve-sanat-cevresi-ile-temaslar\/","title":{"rendered":"(Turkish) 13. Bo\u011fazi\u00e7i Zirvesi\u2019nde Diplomatik, Akademik ve Sanat \u00c7evresi ile Temaslar.."},"content":{"rendered":"<p class=\"qtranxs-available-languages-message qtranxs-available-languages-message-en\">Sorry, this entry is only available in <a href=\"https:\/\/www.enerjigazetesi.ist\/tr\/wp-json\/wp\/v2\/posts\/163192\" class=\"qtranxs-available-language-link qtranxs-available-language-link-tr\" title=\"Turkish\">Turkish<\/a>. For the sake of viewer convenience, the content is shown below in the alternative language. You may click the link to switch the active language.<\/p><p><\/p>\n<h2><em>D\u00fcnya Gezgini, Ekonomist sanat\u00e7\u0131,<\/em> <em>Enerji Gazetesi K\u0131demli Yazar\u0131<\/em> H. \u00c7i\u011fdem YORGANCIOGLU 13. Bo\u011fazi\u00e7i Zirvesi\u2019nde <strong>Diplomatik, Akademik<\/strong> ve <strong>Sanat \u00e7evresi<\/strong> ile temaslarda bulundu.<\/h2>\n<div id=\"attachment_163193\" style=\"width: 510px\" class=\"wp-caption aligncenter\"><img aria-describedby=\"caption-attachment-163193\" loading=\"lazy\" class=\"wp-image-163193\" src=\"https:\/\/www.enerjigazetesi.ist\/wp-content\/uploads\/2022\/11\/01-2.jpg\" alt=\"\" width=\"500\" height=\"262\" srcset=\"https:\/\/www.enerjigazetesi.ist\/wp-content\/uploads\/2022\/11\/01-2.jpg 550w, https:\/\/www.enerjigazetesi.ist\/wp-content\/uploads\/2022\/11\/01-2-300x157.jpg 300w, https:\/\/www.enerjigazetesi.ist\/wp-content\/uploads\/2022\/11\/01-2-500x262.jpg 500w, https:\/\/www.enerjigazetesi.ist\/wp-content\/uploads\/2022\/11\/01-2-80x42.jpg 80w\" sizes=\"(max-width: 500px) 100vw, 500px\" \/><p id=\"caption-attachment-163193\" class=\"wp-caption-text\"><em>Fotograf: D\u00fcnya Gezgini Ekonomist sanat\u00e7\u0131 H.\u00c7i\u011fdem Yorganc\u0131o\u011flu<\/em><\/p><\/div>\n<h2><strong>D\u00fcnya Gezgini, Ekonomist Sanat\u00e7\u0131 <em>Enerji Gazetesi K\u0131demli Yazar\u0131<\/em> H.\u00c7i\u011fdem\u00a0 Yorganc\u0131o\u011flu Conrad Bosphorus Otel&#8217;de 13. Bo\u011fazi\u00e7i Zirvesi\u2019nde Liderlerle Temaslarda Bulundu.<\/strong><\/h2>\n<h3><strong>Kanaat \u00d6nderleri, Liderler, Sanat\u00e7\u0131lar 13.Bo\u011fazi\u00e7i Zirvesi\u2019nde Conrad Bosphorus Hotel\u2019de bulu\u015ftu <\/strong><\/h3>\n<p>Kapsay\u0131c\u0131 ve s\u00fcrd\u00fcr\u00fclebilir kalk\u0131nman\u0131n<strong> \u201cK\u00fcresel De\u011fi\u015fimin \u0130tici G\u00fc\u00e7leri\u201d<\/strong> ile uyumlu, istikrarl\u0131, verimli \u015fekilde hayata aktarman\u0131n\u00a0 her ge\u00e7en g\u00fcn daha da \u00f6nemli hale geldi\u011fi zamanlar\u0131 ya\u015famaktay\u0131z. Bu ba\u011flamda <strong>Uluslararas\u0131 \u0130\u015f Birli\u011fi Platformu (U\u0130P)<\/strong> taraf\u0131ndan <strong>i\u015f d\u00fcnyas\u0131, siyaset<\/strong> ve <strong>k\u00fclt\u00fcr<\/strong> alanlar\u0131ndaki <strong>kanaat \u00f6nderlerinin<\/strong> k\u00fcresel s\u0131namalar\u0131 de\u011ferlendirmelerini kolayla\u015ft\u0131ran a\u00e7\u0131k bir diyalogunun zemini olmay\u0131 ama\u00e7larken,<strong> kamu<\/strong> ve <strong>\u00f6zel kurulu\u015flar<\/strong>,<strong> i\u015f d\u00fcnyas\u0131<\/strong> ve toplumun farkl\u0131\u00a0 kesimlerinin \u00fczerinde pozitif bir etki olu\u015fturmak maksad\u0131yla <strong>Bo\u011fazi\u00e7i Zirvesi<\/strong> ad\u0131 ile ete kemi\u011fe b\u00fcr\u00fcnm\u00fc\u015f bir platform \u0130stanbul\u2019u bir kez daha <strong>k\u00fclt\u00fcr sanat, ekonomi, diplomasi<\/strong> ve <strong>akademik<\/strong> anlam\u0131nda \u00fclkenin g\u00fcndeminde<strong> \u00f6n s\u0131raya gelen bir \u015fehir haline<\/strong> getirdi. Yurti\u00e7i ve yurtd\u0131\u015f\u0131ndan liderleri, karar vericileri, akademisyenleri ve her meslekten bireyleri bir araya getirerek, olas\u0131 i\u015fbirli\u011finin \u00f6n\u00fcn\u00fc a\u00e7ma imkanlar\u0131 yarat\u0131rken ayn\u0131 zamanda motive etmeyi de gaye edinen i\u00e7inde bulundu\u011fumuz 2022 senesi <strong>13.\u00fcnc\u00fcs\u00fc<\/strong> d\u00fczenlenen <strong>10-11 Kas\u0131m<\/strong> tarihlerinde 13.Bo\u011fazi\u00e7i Zirvesi ismi ve &#8220;<strong>B\u00fcy\u00fck D\u00f6n\u00fc\u015f\u00fcm:\u00a0K\u00fcresel De\u011fi\u015fimin \u0130tici G\u00fc\u00e7leri<\/strong>\u00a0mottosuyla <strong>47<\/strong> \u00fclkeden kat\u0131l\u0131mla<strong> \u0130stanbul Conrad Hotel<\/strong> ev sahipli\u011finde<strong> 47<\/strong> \u00fclkeden kat\u0131l\u0131mla \u00a0ger\u00e7ekle\u015fti.<\/p>\n<h3><strong>13.Bo\u011fazi\u00e7i Zirvesi &#8220;B\u00fcy\u00fck D\u00f6n\u00fc\u015f\u00fcm:\u00a0K\u00fcresel De\u011fi\u015fimin \u0130tici G\u00fc\u00e7leri\u201d<\/strong><\/h3>\n<p>Siyaset ve diplomaside kanaat \u00f6nderleri ve sanat\u00e7\u0131lar\u0131 Afrika\u2019da S\u00fcrd\u00fcr\u00fclebilir Yat\u0131r\u0131m F\u0131rsatlar\u0131 (UNDP), Metaverse, Gelecek On Y\u0131lda Enerji, NATO\u2019da \u00d6nemli M\u00fcttefik: T\u00fcrkiye, K\u00f6rfez \u0130\u015fbirli\u011fi Konseyi \u2013 T\u00fcrkiye \u0130li\u015fkileri , B\u00fcy\u00fck D\u00f6n\u00fc\u015f\u00fcmde D\u00fcnyadan \u00d6rneklerle Gen\u00e7lik ve Liderlik, Uluslararas\u0131 Ticaret Yollar\u0131 (Kara, Hava ve Deniz), <strong>Ya\u015fam Bi\u00e7imi Olarak<\/strong> <strong>Sanata Evet<\/strong> gibi pek \u00e7ok konuyla \u00f6ne \u00e7\u0131kan Zirve\u2019de ekonomi,siyaset ve diplomasiden k\u00fclt\u00fcr-sanata,savunma, istihbarat, teknolojiden dijitalle\u015fmeye, enerjiden tar\u0131m ve g\u0131da g\u00fcvenli\u011fine, dijital paradan Covid-19 pandemisi sonras\u0131na kadar de\u011fi\u015fen d\u00fcnyan\u0131n yeni vizyonu ortaya konurken\u00a0 farkl\u0131 \u00a0\u00e7\u00f6z\u00fcm \u00f6nerilerinde bulunuldu.\u00a0 S\u00f6zkonusu zirvenin bir \u00f6nceki y\u0131l temas\u0131 da <strong>\u201cDaha iyi bir D\u00fcnya i\u00e7in \u00e7al\u0131\u015fmak\u201d<\/strong> idi.<\/p>\n<p style=\"text-align: center;\"><img loading=\"lazy\" class=\"aligncenter size-full wp-image-163196\" src=\"https:\/\/www.enerjigazetesi.ist\/wp-content\/uploads\/2022\/11\/02-3.jpg\" alt=\"\" width=\"501\" height=\"300\" srcset=\"https:\/\/www.enerjigazetesi.ist\/wp-content\/uploads\/2022\/11\/02-3.jpg 501w, https:\/\/www.enerjigazetesi.ist\/wp-content\/uploads\/2022\/11\/02-3-300x180.jpg 300w, https:\/\/www.enerjigazetesi.ist\/wp-content\/uploads\/2022\/11\/02-3-80x48.jpg 80w\" sizes=\"(max-width: 501px) 100vw, 501px\" \/><\/p>\n<p><em>Foto\u011fraf: Duayen Sanat\u00e7\u0131 Tamer Levent &#8211; D\u00fcnya Gezgini, Ekonomist, sanat\u00e7\u0131 H.\u00c7i\u011fdem Yorganc\u0131o\u011flu<\/em><\/p>\n<p>\u00d6ncesinde d\u00fcnyan\u0131n d\u00f6rt k\u00f6\u015fesinden cumhurba\u015fkan\u0131, ba\u015fbakan, bakan, diplomat, \u00fcst d\u00fczey \u00f6nderleri, biliminsan\u0131, sanat\u00e7\u0131lar\u0131 a\u011f\u0131rlayan, UNDP, Cevahir, al Maskari, CI Group, Canik , THY, EnerjiSA gibi pek \u00e7ok sponsor ve katk\u0131 sunan\u0131n bulundu\u011fu, bu sene aralar\u0131nda eski NATO Genel Sekreteri Lord George Robertson ve eski \u0130sve\u00e7 D\u0131\u015fi\u015fleri Bakan\u0131 Margot Wallstr\u00f6m\u2019\u00fcn bulundu\u011fu zirve \u0130stanbul\u2019un hafta sonu <strong>vizyoner etkinliklerinin<\/strong> ba\u015f\u0131na yerle\u015fti.<\/p>\n<p>Bug\u00fcne kadar d\u00fcnyan\u0131n d\u00f6rt k\u00f6\u015fesinden cumhurba\u015fkan\u0131, ba\u015fbakan, bakan, diplomat, bilim insan\u0131, sanat\u00e7\u0131lar\u0131 a\u011f\u0131rlayan ve bu sene aralar\u0131nda eski NATO Genel Sekreteri Lord George Robertson ve eski \u0130sve\u00e7 D\u0131\u015fi\u015fleri Bakan\u0131 Margot Wallstr\u00f6m, M\u0131s\u0131r eski D\u0131\u015fi\u015fleri Bakan\u0131 ve Cumhurba\u015fkan\u0131 aday\u0131 Amr Musa, \u00dcrd\u00fcn\u2019den Prens Hasan, Nijerya Maliye Bakan\u0131 Tanzanya Turizm ve Ekonomi Bakan\u0131, K\u00f6rfez \u00dclkesi 7 \u00fclkenin genel sekreteri, Birle\u015fik Arap Emirlikleri\u2019nden 7\u2019yi a\u015fk\u0131n delegenin yan\u0131s\u0131ra 100\u2019\u00fcn \u00fczerinde heyet, \u0130ngiltere\u2019den Amerika\u2019dan akademisyenler Fransa\u2019dan, Almanya\u2019dan, \u0130ngiltere\u2019den yo\u011fun\u00a0 kat\u0131l\u0131mc\u0131lar vard\u0131. Finlandiya, Pakistan, Banglade\u015f gibi pek \u00e7ok \u00fclkenin diplomatlar\u0131, Pakistan B\u00fcy\u00fckel\u00e7i yard\u0131mc\u0131s\u0131 M\u00fcste\u015far Abbas Sarwar Qureshi, T\u00fcrkiye Tar\u0131m ve Orman Bakan\u0131 Vahit Kiri\u015fci, D\u0131\u015fi\u015fleri Bakan Yard\u0131mc\u0131s\u0131 ve Avrupa Birli\u011fi Ba\u015fkan\u0131 B\u00fcy\u00fckel\u00e7i Faruk Kaymakc\u0131, akademisyen,bilim insan\u0131\u00a0\u00a0 kanaat \u00f6nderi Prof.Dr. Mesut Hakk\u0131 CA\u015eIN, KKTC D\u0131\u015f \u0130\u015fleri Bakan\u0131 Tahsin Ertu\u011frulo\u011flu yine zirvenin \u00f6ne \u00e7\u0131kan isimleri aras\u0131nda idi. H\u0131zla de\u011fi\u015fen d\u00fcnyam\u0131z\u0131n arkas\u0131ndaki itici g\u00fc\u00e7lerin her biri farkl\u0131 bak\u0131\u015f a\u00e7\u0131lar\u0131yla masaya yat\u0131r\u0131ld\u0131,konu\u015fuldu, tart\u0131\u015f\u0131ld\u0131.<\/p>\n<p>U\u0130P Onur Kurulu Ba\u015fkan\u0131 Rona Y\u0131rcal\u0131 <em>\u201c\u015eu anda d\u00fcnyada \u00f6ncesinde e\u015fi benzeri g\u00f6r\u00fclmemi\u015f bir enerji krizi ve enflasyon ya\u015fanmakta, belli b\u00f6lgelerde de g\u0131da yetersizli\u011fi s\u00f6z konusu. Bu sorunlar gelecekte de bizimle beraber olacak ve muazzam d\u00f6n\u00fc\u015f\u00fcm meseleleri \u00e7\u00f6zmemizde acaba yeterli olacak m\u0131 sorusuna dair\u00a0 \u015funa inan\u0131yorum ki \u0130nsan \u0131rk\u0131 de\u011fi\u015fim d\u00f6n\u00fc\u015f\u00fcme ayak uydurmaya y\u00f6nelecek. Bu noktada bu b\u00fcy\u00fck d\u00f6n\u00fc\u015f\u00fcm\u00fc kavrama kabiliyetine sahibiz. K\u00fcresel de\u011fi\u015fim g\u00fc\u00e7lerine hakim olma g\u00fcc\u00fcm\u00fcz de mevcut, insan tarihinde hep b\u00f6yle olmu\u015ftur. Kar\u015f\u0131la\u015ft\u0131\u011f\u0131m\u0131z sorunlar\u0131n \u00e7\u00f6z\u00fcm\u00fc entellekt\u00fcel katk\u0131lar\u0131m\u0131za ba\u011fl\u0131.\u201d<\/em> \u015feklinde konu\u015furken D\u00fcnya ticaret \u00f6rg\u00fct\u00fc isti\u015fare kurulunda oldu\u011funu ve imzalanan t\u00fcm s\u00f6zle\u015fmelerin ihlale u\u011frad\u0131\u011f\u0131n\u0131 s\u00f6yleyen <strong>U\u0130P Onursal Ba\u015fkan\u0131 Dr. Talal Abu-Ghazaleh <\/strong>ise iki s\u00fcper g\u00fc\u00e7 aras\u0131ndaki g\u00fc\u00e7 m\u00fccadelesine ve bu pastadan \u00c7in \u2018in b\u00fcy\u00fck pay kapmaya \u00e7al\u0131\u015ft\u0131\u011f\u0131na dikkat \u00e7ekti\u011fi konu\u015fmas\u0131nda \u0130klim de\u011fi\u015fikli\u011fi ile <strong>1980\u2019lerden beri<\/strong> u\u011fra\u015f\u0131ld\u0131\u011f\u0131n\u0131n alt\u0131n\u0131 \u00e7izerek b\u00fcy\u00fck tehdit olarak nitelendirdi\u011fi <strong>\u0130klim de\u011fi\u015fikli\u011fi sorunu<\/strong>nu 2050\u2019ye kadar \u00e7\u00f6zemezsek insanl\u0131\u011f\u0131n sonu gelecek \u015feklinde ifadelere yer verdi. Etkinli\u011fi Zirvenin ba\u015f mimar\u0131 UIP Ba\u015fkan\u0131 Cengiz \u00d6zgencil, \u015fu s\u00f6zlerle ifade etti. <em>&#8220;Kuruldu\u011fumuz g\u00fcnden bu yana, t\u00fcm amac\u0131m\u0131z ba\u011f\u0131ms\u0131z bir fikir kurulu\u015fu olarak \u00fclkemizin, co\u011frafyam\u0131z\u0131n ve d\u00fcnyan\u0131n refah ve bar\u0131\u015f\u0131 ad\u0131na diyalog ortamlar\u0131 yaratmak oldu. 13 y\u0131ld\u0131r 90 \u00fclkeden say\u0131s\u0131z fikir insan\u0131n\u0131n farkl\u0131 konulara dair g\u00f6r\u00fc\u015flerini Bo\u011fazi\u00e7i Zirvesi \u00e7at\u0131s\u0131 alt\u0131nda payla\u015fmalar\u0131na ve i\u015f birli\u011fi kurmalar\u0131na vesile olman\u0131n yan\u0131nda, fikirler \u00fczerine kurulan dostluklar\u0131n ne kadar de\u011ferli oldu\u011funu bu y\u0131l belki de t\u00fcm zamanlardan daha iyi anlad\u0131k.&#8221;<\/em><\/p>\n<p style=\"text-align: center;\"><img loading=\"lazy\" class=\"aligncenter size-full wp-image-163197\" src=\"https:\/\/www.enerjigazetesi.ist\/wp-content\/uploads\/2022\/11\/03-1.jpg\" alt=\"\" width=\"405\" height=\"300\" srcset=\"https:\/\/www.enerjigazetesi.ist\/wp-content\/uploads\/2022\/11\/03-1.jpg 405w, https:\/\/www.enerjigazetesi.ist\/wp-content\/uploads\/2022\/11\/03-1-300x222.jpg 300w, https:\/\/www.enerjigazetesi.ist\/wp-content\/uploads\/2022\/11\/03-1-68x50.jpg 68w\" sizes=\"(max-width: 405px) 100vw, 405px\" \/><\/p>\n<p><em>T\u00fcrkiye\u2019nin duayen sanat\u00e7\u0131s\u0131 Prof.Dr.\u00a0 Zeliha Berksoy, D\u00fcnya Gezgini Ekonomist sanat\u00e7\u0131 H.\u00c7i\u011fdem Yorganc\u0131o\u011flu<\/em><\/p>\n<p style=\"text-align: left;\">Zirve\u2019nin kat\u0131l\u0131mc\u0131lar\u0131ndan biri de \u00dclkemizin sevilen k\u0131ymetli duayen T\u00fcrk opera sanat\u00e7\u0131s\u0131, tiyatrocu ve ressam Semiha Berksoy\u2019un k\u0131z\u0131 idi.\u00a0 Naz\u0131m Hikmet&#8217;in <strong>&#8220;T\u00fcrk kad\u0131n\u0131n\u0131n sesinin p\u0131rlantas\u0131&#8221;<\/strong> ifadesini kulland\u0131\u011f\u0131, ilk T\u00fcrk kad\u0131n opera sanat\u00e7\u0131s\u0131 olan Semiha Berksoy\u2019un k\u0131z\u0131 Zeliha Berksoy\u00a0 da sanat alan\u0131nda ebeveylerinin g\u00f6lgesinde kalmayan T\u00fcrkiye\u2019nin \u00f6nemli ve k\u0131ymetli \u00a0bir de\u011feri. Ailesi sayesinde \u00e7ocuk ya\u015flarda sahneyle tan\u0131\u015fm\u0131\u015f ve kendisi de T\u00fcrkiyenin duayen sanat\u00e7\u0131s\u0131 T\u00fcrk tiyatro ve sinema oyuncusu, 1978&#8217;de \u0130stanbul Devlet Konservatuvar\u0131&#8217;n\u0131n (g\u00fcn\u00fcm\u00fczdeki Mimar Sinan G\u00fczel Sanatlar \u00dcniversitesi<img loading=\"lazy\" class=\"size-full wp-image-163198 alignright\" src=\"https:\/\/www.enerjigazetesi.ist\/wp-content\/uploads\/2022\/11\/04.jpg\" alt=\"\" width=\"196\" height=\"332\" srcset=\"https:\/\/www.enerjigazetesi.ist\/wp-content\/uploads\/2022\/11\/04.jpg 196w, https:\/\/www.enerjigazetesi.ist\/wp-content\/uploads\/2022\/11\/04-177x300.jpg 177w, https:\/\/www.enerjigazetesi.ist\/wp-content\/uploads\/2022\/11\/04-30x50.jpg 30w\" sizes=\"(max-width: 196px) 100vw, 196px\" \/> Devlet Konservatuvar\u0131) Tiyatro B\u00f6l\u00fcm\u00fcn\u00fcn kurulmas\u0131nda g\u00f6rev alm\u0131\u015f olan 1990&#8217;da Bak\u0131rk\u00f6y Belediye Tiyatrosu&#8217;nu kurucusu Prof.Dr. Zeliha Berksoy, Tamer Levent\u2019in moderat\u00f6rl\u00fc\u011f\u00fcnde ger\u00e7ekle\u015fen oturum s\u0131ras\u0131nda ve sonras\u0131nda \u00c7i\u011fdem Yorganc\u0131o\u011flu ile bir araya geldiler ve gelecekte sanat\u0131 konu\u015facaklar\u0131 mecralar \u00fczerine de k\u0131sa bir\u00a0 isti\u015farede bulundular.<\/p>\n<p><strong>T\u00fcrkiye\u2019nin akademisyen, bilim insan\u0131 kanaat \u00f6nderi Prof.Dr. <em>Mesut Hakk\u0131 CA\u015eIN ve <\/em><\/strong><strong>D\u00fcnya Gezgini ekonomist sanat\u00e7\u0131 H.\u00c7i\u011fdem Yorganc\u0131o\u011flu <em>g\u00fcn\u00fcn an\u0131s\u0131na bir kez daha farkl\u0131 bir zirvede hat\u0131ra foto\u011fraf \u00e7ektirdiler. <\/em><\/strong><\/p>\n<p>T\u00fcrkiye Prof. Dr. Mesut Hakk\u0131 Ca\u015f\u0131n, G\u00fcvenlik ve D\u0131\u015f Politikalar Kurulu \u00dcyesi, Savunma Sanayi Kurucu M\u00fcste\u015far\u0131, NATO Parlementer Asamblesi T\u00fcrk Parlementer Heyeti Eski Ba\u015fkan\u0131, Vahit Erdem\u2019in moderat\u00f6rl\u00fc\u011f\u00fcndeki END\u00dcSTR\u0130 VE ULUSAL G\u00dcVENL\u0130K oturumuna kat\u0131ld\u0131 ve sunumunu <strong>\u0130ngilizce<\/strong> olarak ger\u00e7ekle\u015ftirdi.<\/p>\n<h3><strong>D\u00fcnya Gezgini Ekonomist sanat\u00e7\u0131 H. \u00c7i\u011fdem YORGANCIOGLU Diplomatik, Akademik ve Sanat \u00e7evresi ile temaslarda&#8230;<\/strong><\/h3>\n<p>A\u015fa\u011f\u0131da bu temaslar esnas\u0131nda \u00e7ekilen foto\u011fraflardan baz\u0131lar\u0131n\u0131 bulabilirsiniz.<\/p>\n<p><em>T\u00fcrkiye\u2019nin duayen sanat\u00e7\u0131s\u0131 <\/em>Prof.Dr.\u00a0 <em>Zeliha Berksoy, <\/em><\/p>\n<p><em>yine duayen sanat\u00e7\u0131 ve \u201cSanata Evet\u201d in ba\u015f mimar\u0131 Tamer Levent\u00a0 <\/em><\/p>\n<p>T\u00fcrkiye\u2019nin akademisyen, bilim insan\u0131 kanaat \u00f6nderi Prof.Dr. <em>Mesut Hakk\u0131 CA\u015eIN<\/em><\/p>\n<p>Arnavut T\u00fcrk karde\u015fli\u011finin simgesi olan \u0130stanbul Arnavut&#8217;lar\u0131 toplulu\u011fu VATRA Ba\u015fkan\u0131 <em>Bora Zukali ile <\/em>Pakistan B\u00fcy\u00fckel\u00e7i Yard\u0131mc\u0131s\u0131 M\u00fcste\u015far\u00a0<em>Abbas Sarwar Qureshi, <\/em><em>Sanatta<\/em>\u00a0Engel Yok Derne\u011fi Ba\u015fkan\u0131 ve Ressam\u00a0<em>Yasemin<\/em>\u00a0G\u00fclderen\u00a0<em>Zanbak, <\/em>Avukat ressam Ak\u0131n Ekici, Artshop Yay\u0131nc\u0131l\u0131k Vedat Akdamar-\u015eenay Akdamar,<\/p>\n<p><strong>13.Uluslaras\u0131 Bo\u011fazi\u00e7i Zirvesi<\/strong>&#8216;nde kendi projesi olan <strong>\u00f6nce insan<\/strong> ve <strong>ya\u015fama sanat\u0131 ama\u00e7l\u0131<\/strong> <strong>SANATAEVET \/Yes To Art As a Life Style<\/strong> oturumu moderat\u00f6rl\u00fc\u011f\u00fcn\u00fc de \u00fcstlenen \u00fcnl\u00fc sanat\u00e7\u0131\u00a0 Tamer Levent Zirve\u2019nin sanat g\u00fcndemine <strong>de\u011ferli izler b\u0131rakt\u0131.<\/strong><\/p>\n<h3>TAMER LEVENT VE \u00c7\u0130\u011eDEM YORGANCIO\u011eLU B\u0130R KEZ DAHA TANGO ve SANATA EVET<\/h3>\n<p><strong>Tamer Levent<\/strong> ve <strong>\u00c7i\u011fdem Yorgancio\u011flu<\/strong> <em>Bir Kez Daha Tango ve Sanata Evet<\/em> diyerek ge\u00e7ti\u011fimiz sezon <strong>Lions kul\u00fcb\u00fcnde<\/strong> ilk<strong> tango dans\u0131n\u0131<\/strong> birlikte k\u0131sa denemelerini ger\u00e7ekle\u015ftirdikleri g\u00fcn\u00fcn de\u00a0\u00a0\u00a0 an\u0131s\u0131na bir at\u0131f olarak Zirvede bir<strong> tango dans\u0131 fig\u00fcr\u00fc pozu<\/strong> ile foto\u011fraf \u00e7ektirdiler.<\/p>\n<p>Devlet Tiyatrolar\u0131 Opera ve Balesi \u00c7al\u0131\u015fanlar\u0131 Vakf\u0131 TOBAV ile Tiyatro Oyuncular\u0131 Meslek Birli\u011fi TOMEB kurulu\u015flar\u0131nda yer alarak, bir d\u00f6nem genel ba\u015fkanl\u0131\u011f\u0131n\u0131 yapm\u0131\u015f olan y\u00f6netti\u011fi oyunlarla, Kanada, Rusya, \u0130ran, G\u00fcney Kore ve Kuzey K\u0131br\u0131s\u2019ta davet edildi\u011fi festivallerin yan\u0131s\u0131ra, K\u0131\u015f Uykusu, Simindis Kundzuli (M\u0131s\u0131r Adas\u0131) Tepenin Ard\u0131 gibi festival filmlerinde oynay\u0131p ba\u015far\u0131 hikayeleri ve \u00f6d\u00fcllerle d\u00f6nen,hali haz\u0131rda yay\u0131nlanmakta olan Camdaki K\u0131z dizisinin ba\u015frol oyuncular\u0131ndan Rafet beyi canland\u0131ran \u00c7a\u011fda\u015f Drama Derne\u011fi\u2019nin kurucular\u0131ndan usta ve sevilen Tiyatro sanat\u00e7\u0131s\u0131, sanat y\u00f6netmeni, yazar, kanaat \u00f6nderi <strong>Tamer Levent<\/strong> ve <strong>\u00c7i\u011fdem Yorganc\u0131o\u011flu<\/strong> daha \u00f6nce de <strong>Lions Derne\u011fi<\/strong> etkinli\u011finde birbirlerine kendi yazm\u0131\u015f olduklar\u0131 kitaplar\u0131 imzalam\u0131\u015f ve bir tango dans\u0131 ger\u00e7ekle\u015ftirmi\u015flerdi.<\/p>\n<p>T\u00fcrk oyuncu, y\u00f6netmen, sanat y\u00f6netmeni ve yazar duayen sanat\u00e7\u0131 ve ayn\u0131 zamanda topluma de\u011fer katarken, toplumun t\u00fcm katmanlar\u0131n\u0131 kucaklayan ve sevilip, benimsenen, Sanat\u0131n bir \u00fcr\u00fcn de\u011fil bir s\u00fcre\u00e7 oldu\u011funu bir meslekten ziyade SANAT kavram\u0131n\u0131 ise \u00e7a\u011f\u0131n ya\u015fama ve d\u00fc\u015f\u00fcnme bi\u00e7imi olarak tan\u0131mlayan <strong>&#8220;Sanata Evet&#8221; Projesinin<\/strong> yarat\u0131c\u0131s\u0131, fikir \u00f6nc\u00fcs\u00fc, program y\u00fcr\u00fct\u00fcc\u00fcs\u00fc, s\u00f6zc\u00fcs\u00fc <strong>Tamer Levent <\/strong>bir kez daha <strong>SANATA EVET<\/strong> konulu oturumun da i\u00e7inde yerald\u0131\u011f\u0131 ve moderat\u00f6rl\u00fc\u011f\u00fc \u00fcstelendi\u011fi s\u0131rada salondaki <strong>De\u011ferli sanat\u00e7\u0131 kat\u0131l\u0131mc\u0131lara da<\/strong> s\u00f6z verdi. T\u00fcrkiye oyun yazarl\u0131\u011f\u0131n\u0131n en de\u011ferli isimlerinden, Haldun Taner\u2019in k\u0131ymetli e\u015fi<strong> Demet Taner<\/strong> bu isimlerden biri idi. Bu de\u011ferli\u00a0 sanat\u00e7\u0131lardan bir di\u011feri ise T\u00fcrkiye\u2019nin k\u0131ymetlilerinden <strong>Zeliha Berksoy<\/strong> idi.<\/p>\n<p><em>Eski NATO Genel Sekreteri<\/em> <strong>Robertson<\/strong> ve <em>eski \u0130sve\u00e7 D\u0131\u015fi\u015fleri Bakan\u0131<\/em> <strong>Margot Wallstr\u00f6m<\/strong>, d\u00fcnyada liderlik ve y\u00f6neti\u015fim a\u00e7\u0131\u011f\u0131na dikkat \u00e7ekerken Eski \u0130sve\u00e7 D\u0131\u015fi\u015fleri Bakan\u0131<strong> Margot Wallstr\u00f6m<\/strong> s\u00f6z konusu zirveye online olarak kat\u0131larak pandeminin milyonlarca cana mal oldu\u011funa vurgu yaparken, <strong>iklim de\u011fi\u015fikli\u011fi<\/strong> ve <strong>demokrasi<\/strong> gibi meselelere de\u011finip K\u00fcresel \u00e7apta <strong>y\u00f6neti\u015fim a\u00e7\u0131\u011f\u0131na da<\/strong> dikkat \u00e7ekti. Wallstr\u00f6m konu\u015fmas\u0131nda <em>&#8220;Hibrit sava\u015flar ve nefret yayg\u0131nl\u0131k kazan\u0131yor. <strong>Ulusalc\u0131<\/strong> ve <strong>yabanc\u0131 d\u00fc\u015fman\u0131 g\u00fc\u00e7ler de<\/strong> g\u00fc\u00e7 kazanmakta. Bilimsel bulgular sorgulan\u0131yor. Su ihtiyac\u0131 <strong>8 kat art\u0131\u015f<\/strong> kaydetti.. Bal\u0131klar\u0131n <strong>y\u00fczde 90&#8217;\u0131<\/strong> s\u00fcrd\u00fcr\u00fclebilirlik s\u0131n\u0131r\u0131 \u00fczerinde avlanmakta. Canl\u0131 t\u00fcrlerinin <strong>y\u00fczde 25<\/strong>&#8216;i yok olma tehdidiyle kar\u015f\u0131 kar\u015f\u0131ya. D\u00fcnyan\u0131n<strong> \u00fc\u00e7te biri yok olmak<\/strong> \u00fczere. G\u00fcvenlik ufkumuz da giderek daral\u0131yor, karar\u0131yor. 10 y\u0131lda silahl\u0131 \u00e7at\u0131\u015fmalarda \u00f6lenlerin say\u0131s\u0131 <strong>2 misline \u00e7\u0131karken,<\/strong> cebren yerlerinden yurtlar\u0131ndan edilen insanlar\u0131n say\u0131s\u0131 da hayli fazla seviyelere ula\u015ft\u0131. H\u00fck\u00fcmetler <strong>fosil yak\u0131tlara<\/strong> y\u0131lda <strong>500 milyar dolar<\/strong> destek sa\u011flamakta. Zengin \u00fclkeler <strong>2010&#8217;da iklim finans\u0131na<\/strong> <strong>100 milyar dolar<\/strong> aktaracaklar\u0131n\u0131 belirttiler. En savunmas\u0131z \u00fclkeler bunun ki\u015fi ba\u015f\u0131na sadece <strong>80&#8217;de<\/strong> <strong>1&#8217;ini<\/strong> alabildi. <strong>\u00c7evresel kriz<\/strong> ve <strong>karanl\u0131kla\u015fan g\u00fcvenlik ufku<\/strong> <strong>acil<\/strong> ve <strong>kararl\u0131 eylem<\/strong> gerektiriyor. Toplumlar\u0131n <strong>haz\u0131rl\u0131kl\u0131 <\/strong>ve <strong>esnek olmas\u0131<\/strong> laz\u0131m. Ba\u011flant\u0131 kurulmas\u0131 laz\u0131m. Bu sorunlar ortak \u00e7\u00f6z\u00fcm ve i\u015fbirli\u011fi gerektirmekter. Liderlik iflasa s\u00fcr\u00fckleniyor&#8221; ifedelerine de yer verdi <strong>\u00c7evresel kriz<\/strong> ve <strong>karanl\u0131kla\u015fan g\u00fcvenlik<\/strong> ufku <strong>acil<\/strong> ve <strong>kararl\u0131 eylem<\/strong> gerektiriyor. Toplumlar\u0131n haz\u0131rl\u0131kl\u0131 ve esnek olmas\u0131 laz\u0131m. Ba\u011flant\u0131 kurulmas\u0131 laz\u0131m. Bu sorunlar ortak \u00e7\u00f6z\u00fcm ve i\u015fbirli\u011fi gerektirmekter. Liderlik iflasa s\u00fcr\u00fckleniyor&#8221;<\/em> \u015feklinde konu\u015ftu.<\/p>\n<div id=\"attachment_163199\" style=\"width: 510px\" class=\"wp-caption aligncenter\"><img aria-describedby=\"caption-attachment-163199\" loading=\"lazy\" class=\"wp-image-163199\" src=\"https:\/\/www.enerjigazetesi.ist\/wp-content\/uploads\/2022\/11\/05.jpg\" alt=\"\" width=\"500\" height=\"375\" srcset=\"https:\/\/www.enerjigazetesi.ist\/wp-content\/uploads\/2022\/11\/05.jpg 550w, https:\/\/www.enerjigazetesi.ist\/wp-content\/uploads\/2022\/11\/05-300x225.jpg 300w, https:\/\/www.enerjigazetesi.ist\/wp-content\/uploads\/2022\/11\/05-500x375.jpg 500w, https:\/\/www.enerjigazetesi.ist\/wp-content\/uploads\/2022\/11\/05-67x50.jpg 67w\" sizes=\"(max-width: 500px) 100vw, 500px\" \/><p id=\"caption-attachment-163199\" class=\"wp-caption-text\">D\u00fcnya Gezgini ,Ekonomist Sanat\u00e7\u0131 \u00c7i\u011fdem Yorganc\u0131o\u011flu &#8211; Pakistan B\u00fcy\u00fckel\u00e7i Yard\u0131mc\u0131s\u0131 M\u00fcste\u015far Abbas Sarwar Qureshi<\/p><\/div>\n<p style=\"text-align: center;\"><img loading=\"lazy\" class=\"aligncenter wp-image-163200\" src=\"https:\/\/www.enerjigazetesi.ist\/wp-content\/uploads\/2022\/11\/06.jpg\" alt=\"\" width=\"410\" height=\"346\" \/><\/p>\n<div id=\"attachment_163201\" style=\"width: 510px\" class=\"wp-caption aligncenter\"><img aria-describedby=\"caption-attachment-163201\" loading=\"lazy\" class=\"wp-image-163201\" src=\"https:\/\/www.enerjigazetesi.ist\/wp-content\/uploads\/2022\/11\/07.jpg\" alt=\"\" width=\"500\" height=\"220\" srcset=\"https:\/\/www.enerjigazetesi.ist\/wp-content\/uploads\/2022\/11\/07.jpg 599w, https:\/\/www.enerjigazetesi.ist\/wp-content\/uploads\/2022\/11\/07-300x132.jpg 300w, https:\/\/www.enerjigazetesi.ist\/wp-content\/uploads\/2022\/11\/07-500x220.jpg 500w, https:\/\/www.enerjigazetesi.ist\/wp-content\/uploads\/2022\/11\/07-80x35.jpg 80w\" sizes=\"(max-width: 500px) 100vw, 500px\" \/><p id=\"caption-attachment-163201\" class=\"wp-caption-text\">D\u00fcnya Gezgini Ekonomist Sanat\u00e7\u0131 \u00c7i\u011fdem Yorganc\u0131o\u011flu &#8211; Sanatta Engel Yok Vakf\u0131 Ba\u015fkan\u0131 ve Ressam Yasemin G\u00fclderen Zanbak<\/p><\/div>\n<div id=\"attachment_163202\" style=\"width: 510px\" class=\"wp-caption aligncenter\"><img aria-describedby=\"caption-attachment-163202\" loading=\"lazy\" class=\"wp-image-163202\" src=\"https:\/\/www.enerjigazetesi.ist\/wp-content\/uploads\/2022\/11\/08.jpg\" alt=\"\" width=\"500\" height=\"225\" srcset=\"https:\/\/www.enerjigazetesi.ist\/wp-content\/uploads\/2022\/11\/08.jpg 550w, https:\/\/www.enerjigazetesi.ist\/wp-content\/uploads\/2022\/11\/08-300x135.jpg 300w, https:\/\/www.enerjigazetesi.ist\/wp-content\/uploads\/2022\/11\/08-500x225.jpg 500w, https:\/\/www.enerjigazetesi.ist\/wp-content\/uploads\/2022\/11\/08-80x36.jpg 80w\" sizes=\"(max-width: 500px) 100vw, 500px\" \/><p id=\"caption-attachment-163202\" class=\"wp-caption-text\">D\u00fcnya Gezgini Ekonomist Sanat\u00e7\u0131 \u00c7i\u011fdem Yorganc\u0131o\u011flu, Diplomasi Heyeti ile \u00f6\u011fle yeme\u011fi<\/p><\/div>\n<div id=\"attachment_163203\" style=\"width: 510px\" class=\"wp-caption aligncenter\"><img aria-describedby=\"caption-attachment-163203\" loading=\"lazy\" class=\"wp-image-163203\" src=\"https:\/\/www.enerjigazetesi.ist\/wp-content\/uploads\/2022\/11\/09.jpg\" alt=\"\" width=\"500\" height=\"225\" srcset=\"https:\/\/www.enerjigazetesi.ist\/wp-content\/uploads\/2022\/11\/09.jpg 550w, https:\/\/www.enerjigazetesi.ist\/wp-content\/uploads\/2022\/11\/09-300x135.jpg 300w, https:\/\/www.enerjigazetesi.ist\/wp-content\/uploads\/2022\/11\/09-500x225.jpg 500w, https:\/\/www.enerjigazetesi.ist\/wp-content\/uploads\/2022\/11\/09-80x36.jpg 80w\" sizes=\"(max-width: 500px) 100vw, 500px\" \/><p id=\"caption-attachment-163203\" class=\"wp-caption-text\">D\u00fcnya Gezgini Ekonomist Sanat\u00e7\u0131 \u00c7i\u011fdem Yorganc\u0131o\u011flu &#8211; Artshop Yay\u0131nc\u0131l\u0131k\u2019\u0131n kurucular\u0131 Vedat Akdamar &#8211; \u015eenay Akdamar, \u0130stanbul Arnavut&#8217;lar\u0131 toplulu\u011fu VATRA Ba\u015fkan\u0131 Bora, Zukali ,Sanat\u00e7\u0131 T\u00fcrk\u00fc Ana\u2019n\u0131n torunu yay\u0131nc\u0131 Eski Be\u015fikta\u015f Lions Kul\u00fcb\u00fc Y\u00f6neticilerinden, (\u015fu anda Fikirtepe Lions Kul\u00fcb\u00fc) ve Zeynep Kamil Rotary Kul\u00fcb\u00fc Ba\u015fkanl\u0131\u011f\u0131 gibi g\u00f6revler \u00fcstlenen Ali Berker Bilir<\/p><\/div>\n<p>&nbsp;<\/p>\n<p><div id=\"attachment_163204\" style=\"width: 510px\" class=\"wp-caption aligncenter\"><img aria-describedby=\"caption-attachment-163204\" loading=\"lazy\" class=\"wp-image-163204\" src=\"https:\/\/www.enerjigazetesi.ist\/wp-content\/uploads\/2022\/11\/10.jpg\" alt=\"\" width=\"500\" height=\"477\" srcset=\"https:\/\/www.enerjigazetesi.ist\/wp-content\/uploads\/2022\/11\/10.jpg 477w, https:\/\/www.enerjigazetesi.ist\/wp-content\/uploads\/2022\/11\/10-300x286.jpg 300w, https:\/\/www.enerjigazetesi.ist\/wp-content\/uploads\/2022\/11\/10-419x400.jpg 419w, https:\/\/www.enerjigazetesi.ist\/wp-content\/uploads\/2022\/11\/10-52x50.jpg 52w\" sizes=\"(max-width: 500px) 100vw, 500px\" \/><p id=\"caption-attachment-163204\" class=\"wp-caption-text\">D\u00fcnya Gezgini Ekonomist Sanat\u00e7\u0131 H.\u00c7i\u011fdem Yorganc\u0131o\u011flu, Avukat ressam Ak\u0131n Ekici<\/p><\/div><\/p>","protected":false},"excerpt":{"rendered":"<p>Sorry, this entry is only available in Turkish. For the sake of viewer convenience, the content is shown below in the alternative language. You may click the link to switch the active language. D\u00fcnya Gezgini, Ekonomist sanat\u00e7\u0131, Enerji Gazetesi K\u0131demli Yazar\u0131 H. \u00c7i\u011fdem YORGANCIOGLU 13. Bo\u011fazi\u00e7i Zirvesi\u2019nde Diplomatik, Akademik ve Sanat \u00e7evresi ile temaslarda bulundu. [&hellip;]<\/p>\n","protected":false},"author":1,"featured_media":163193,"comment_status":"open","ping_status":"open","sticky":false,"template":"","format":"standard","meta":[],"categories":[53],"tags":[106197,59193,106199,1893,2257,34464,106200,58519,106201,106198,58520,106202,106196,17586],"views":66,"_links":{"self":[{"href":"https:\/\/www.enerjigazetesi.ist\/en\/wp-json\/wp\/v2\/posts\/163192"}],"collection":[{"href":"https:\/\/www.enerjigazetesi.ist\/en\/wp-json\/wp\/v2\/posts"}],"about":[{"href":"https:\/\/www.enerjigazetesi.ist\/en\/wp-json\/wp\/v2\/types\/post"}],"author":[{"embeddable":true,"href":"https:\/\/www.enerjigazetesi.ist\/en\/wp-json\/wp\/v2\/users\/1"}],"replies":[{"embeddable":true,"href":"https:\/\/www.enerjigazetesi.ist\/en\/wp-json\/wp\/v2\/comments?post=163192"}],"version-history":[{"count":0,"href":"https:\/\/www.enerjigazetesi.ist\/en\/wp-json\/wp\/v2\/posts\/163192\/revisions"}],"wp:featuredmedia":[{"embeddable":true,"href":"https:\/\/www.enerjigazetesi.ist\/en\/wp-json\/wp\/v2\/media\/163193"}],"wp:attachment":[{"href":"https:\/\/www.enerjigazetesi.ist\/en\/wp-json\/wp\/v2\/media?parent=163192"}],"wp:term":[{"taxonomy":"category","embeddable":true,"href":"https:\/\/www.enerjigazetesi.ist\/en\/wp-json\/wp\/v2\/categories?post=163192"},{"taxonomy":"post_tag","embeddable":true,"href":"https:\/\/www.enerjigazetesi.ist\/en\/wp-json\/wp\/v2\/tags?post=163192"}],"curies":[{"name":"wp","href":"https:\/\/api.w.org\/{rel}","templated":true}]}}