{"id":163162,"date":"2022-11-15T13:52:58","date_gmt":"2022-11-15T10:52:58","guid":{"rendered":"https:\/\/www.enerjigazetesi.ist\/?p=163162"},"modified":"2022-11-15T13:53:35","modified_gmt":"2022-11-15T10:53:35","slug":"ebrd-finans-sektorunu-ve-isletmeleri-bir-araya-getirdi","status":"publish","type":"post","link":"https:\/\/www.enerjigazetesi.ist\/en\/ebrd-finans-sektorunu-ve-isletmeleri-bir-araya-getirdi\/","title":{"rendered":"(Turkish) &#8217;EBRD&#8217; Finans Sekt\u00f6r\u00fcn\u00fc ve \u0130\u015fletmeleri Bir Araya Getirdi"},"content":{"rendered":"<p class=\"qtranxs-available-languages-message qtranxs-available-languages-message-en\">Sorry, this entry is only available in <a href=\"https:\/\/www.enerjigazetesi.ist\/tr\/wp-json\/wp\/v2\/posts\/163162\" class=\"qtranxs-available-language-link qtranxs-available-language-link-tr\" title=\"Turkish\">Turkish<\/a>. For the sake of viewer convenience, the content is shown below in the alternative language. You may click the link to switch the active language.<\/p><p><\/p>\n<h2>T\u00fcrkiye\u2019de ye\u015fil ekonominin payda\u015flar\u0131 ve T\u00fcrk finans sekt\u00f6r\u00fcn\u00fcn temsilcileri, 15 Kas\u0131m&#8217;da Avrupa \u0130mar ve Kalk\u0131nma Bankas\u0131&#8217;n\u0131n (EBRD) ev sahipli\u011finde \u0130stanbul Raffles Otel&#8217;de geni\u015f kat\u0131l\u0131ml\u0131 bir etkinlikte bir araya geldi.<\/h2>\n<p>Etkinlikte,<strong> T\u00fcrkiye Ye\u015fil Ekonomi Finansman Program\u0131<\/strong>\u2019n\u0131n <strong>(GEFF T\u00fcrkiye)<\/strong> anla\u015fmal\u0131 finansman kurulu\u015flar\u0131 ve di\u011fer payda\u015flar\u0131, <strong>kurumsal iklim y\u00f6neti\u015fimi, ye\u015fil finansmana eri\u015fimde cinsiyet e\u015fitli\u011fi ve ye\u015fil ekonomi<\/strong>nin di\u011fer unsurlar\u0131 hakk\u0131nda konu\u015fmalar ve tart\u0131\u015fmalar <img loading=\"lazy\" class=\"alignright wp-image-163165\" src=\"https:\/\/www.enerjigazetesi.ist\/wp-content\/uploads\/2022\/11\/2022-11-15_134930.jpg\" alt=\"\" width=\"270\" height=\"287\" srcset=\"https:\/\/www.enerjigazetesi.ist\/wp-content\/uploads\/2022\/11\/2022-11-15_134930.jpg 400w, https:\/\/www.enerjigazetesi.ist\/wp-content\/uploads\/2022\/11\/2022-11-15_134930-282x300.jpg 282w, https:\/\/www.enerjigazetesi.ist\/wp-content\/uploads\/2022\/11\/2022-11-15_134930-376x400.jpg 376w, https:\/\/www.enerjigazetesi.ist\/wp-content\/uploads\/2022\/11\/2022-11-15_134930-47x50.jpg 47w\" sizes=\"(max-width: 270px) 100vw, 270px\" \/>yapma f\u0131rsat\u0131 buldular.<\/p>\n<p><strong>GEFF T\u00fcrkiye<\/strong>, <em>iklim de\u011fi\u015fikli\u011fiyle m\u00fccadeleye<\/em> y\u00f6nelik <strong>ye\u015fil teknolojileri<\/strong> ve <strong>yat\u0131r\u0131mlar\u0131<\/strong> T\u00fcrkiye genelinde hayata ge\u00e7irmek ve yayg\u0131nla\u015ft\u0131rmak amac\u0131yla <strong>Nisan 2022<\/strong>&#8216;de ba\u015flat\u0131ld\u0131. <strong>GEFF T\u00fcrkiye<\/strong> kapsam\u0131nda, <strong>EBRD<\/strong>&#8216;nin <strong>500 milyon Euro<\/strong>&#8216;luk <strong>fonu,<\/strong> <strong>Temiz Teknoloji Fonu&#8217;nun (CTF)<\/strong> 21,5 milyon Euro&#8217;luk imtiyazl\u0131 finansman\u0131yla birlikte, <strong>GEFF T\u00fcrkiye anla\u015fmal\u0131 banka<\/strong> ve<strong> leasing \u015firketleri<\/strong> arac\u0131l\u0131\u011f\u0131yla <strong>ye\u015fil projeler<\/strong> i\u00e7in kullan\u0131lacak.<\/p>\n<p>Bu finansmanla T\u00fcrkiye&#8217;nin <strong>ye\u015fil ekonomiye ge\u00e7i\u015fine<\/strong> ve<strong> 2053<\/strong> y\u0131l\u0131na kadar<strong> sera gaz\u0131 emisyonlar\u0131nda net s\u0131f\u0131r hedefleri<\/strong>ne ula\u015fmas\u0131na \u00f6nemli bir destek sa\u011flanmas\u0131 bekleniyor.<\/p>\n<p>GEFF T\u00fcrkiye, <strong>enerji verimlili\u011fi, yenilenebilir enerji, su verimlili\u011fi, d\u00f6ng\u00fcsel ekonomi ve s\u00fcrd\u00fcr\u00fclebilir toprak y\u00f6netimi gibi alanlarda ye\u015fil teknolojileri ve projeleri<\/strong> finanse ederek T\u00fcrkiye\u2019nin ye\u015fil ekonomiye ge\u00e7i\u015fini destekleyecek. Finansman\u0131n yan\u0131 s\u0131ra anla\u015fmal\u0131 leasing firmalar\u0131na ve bankalara<strong> kurumsal iklim y\u00f6neti\u015fimi<\/strong> konusunda kapasite geli\u015ftirme deste\u011fi de sa\u011flanacak. Bu teknik destek hizmetleri <strong>EBRD, CTF<\/strong> ve <strong>T\u00fcrkiye Cumhuriyeti Hazine<\/strong> ve <strong>Maliye Bakanl\u0131\u011f\u0131<\/strong> taraf\u0131ndan destekleniyor.<\/p>\n<p>D\u00fczenlenen etkinlikte ayr\u0131ca <strong>T\u00fcrkiye S\u00fcrd\u00fcr\u00fclebilir Enerji Finansman Program\u0131&#8217;n\u0131n (TurSEFF)<\/strong> \u00f6d\u00fcl t\u00f6reni de yap\u0131ld\u0131. T\u00f6rende T\u00fcrkiye genelinde <strong>2.500&#8217;den fazla<\/strong> proje aras\u0131ndan<strong> 8 ye\u015fil<\/strong> proje <strong>TurSEFF M\u00fckemmellik \u00d6d\u00fcl\u00fc<\/strong>&#8216;ne lay\u0131k g\u00f6r\u00fcld\u00fc.<\/p>\n<p>Say\u0131larla TurSEFF;<\/p>\n<p>&#8211; 767 milyon \u20ac finansman<\/p>\n<p>&#8211; 2556 ye\u015fil proje<\/p>\n<p>&#8211; 6 milyon ton at\u0131k azaltma<\/p>\n<p>&#8211; 3 milyon ton karbon emisyonu azalt\u0131m\u0131<\/p>","protected":false},"excerpt":{"rendered":"<p>Sorry, this entry is only available in Turkish. For the sake of viewer convenience, the content is shown below in the alternative language. You may click the link to switch the active language. T\u00fcrkiye\u2019de ye\u015fil ekonominin payda\u015flar\u0131 ve T\u00fcrk finans sekt\u00f6r\u00fcn\u00fcn temsilcileri, 15 Kas\u0131m&#8217;da Avrupa \u0130mar ve Kalk\u0131nma Bankas\u0131&#8217;n\u0131n (EBRD) ev sahipli\u011finde \u0130stanbul Raffles Otel&#8217;de [&hellip;]<\/p>\n","protected":false},"author":1,"featured_media":163166,"comment_status":"open","ping_status":"open","sticky":false,"template":"","format":"standard","meta":[],"categories":[53,52],"tags":[44699,63920,46997,106191,30324,106193,68046,106192,793,90,99885,64033,3526],"views":66,"_links":{"self":[{"href":"https:\/\/www.enerjigazetesi.ist\/en\/wp-json\/wp\/v2\/posts\/163162"}],"collection":[{"href":"https:\/\/www.enerjigazetesi.ist\/en\/wp-json\/wp\/v2\/posts"}],"about":[{"href":"https:\/\/www.enerjigazetesi.ist\/en\/wp-json\/wp\/v2\/types\/post"}],"author":[{"embeddable":true,"href":"https:\/\/www.enerjigazetesi.ist\/en\/wp-json\/wp\/v2\/users\/1"}],"replies":[{"embeddable":true,"href":"https:\/\/www.enerjigazetesi.ist\/en\/wp-json\/wp\/v2\/comments?post=163162"}],"version-history":[{"count":1,"href":"https:\/\/www.enerjigazetesi.ist\/en\/wp-json\/wp\/v2\/posts\/163162\/revisions"}],"predecessor-version":[{"id":163163,"href":"https:\/\/www.enerjigazetesi.ist\/en\/wp-json\/wp\/v2\/posts\/163162\/revisions\/163163"}],"wp:featuredmedia":[{"embeddable":true,"href":"https:\/\/www.enerjigazetesi.ist\/en\/wp-json\/wp\/v2\/media\/163166"}],"wp:attachment":[{"href":"https:\/\/www.enerjigazetesi.ist\/en\/wp-json\/wp\/v2\/media?parent=163162"}],"wp:term":[{"taxonomy":"category","embeddable":true,"href":"https:\/\/www.enerjigazetesi.ist\/en\/wp-json\/wp\/v2\/categories?post=163162"},{"taxonomy":"post_tag","embeddable":true,"href":"https:\/\/www.enerjigazetesi.ist\/en\/wp-json\/wp\/v2\/tags?post=163162"}],"curies":[{"name":"wp","href":"https:\/\/api.w.org\/{rel}","templated":true}]}}