{"id":16316,"date":"2013-10-09T09:25:49","date_gmt":"2013-10-09T06:25:49","guid":{"rendered":"https:\/\/www.enerjigazetesi.ist\/?p=16316"},"modified":"2013-10-09T09:25:49","modified_gmt":"2013-10-09T06:25:49","slug":"ankaradaki-dogalgaz-satis-kotalari-2-katina-cikarildi","status":"publish","type":"post","link":"https:\/\/www.enerjigazetesi.ist\/en\/ankaradaki-dogalgaz-satis-kotalari-2-katina-cikarildi\/","title":{"rendered":"(Turkish) Ankara\u2019daki Do\u011falgaz Sat\u0131\u015f Kotalar\u0131 2 Kat\u0131na \u00c7\u0131kar\u0131ld\u0131"},"content":{"rendered":"<p class=\"qtranxs-available-languages-message qtranxs-available-languages-message-en\">Sorry, this entry is only available in <a href=\"https:\/\/www.enerjigazetesi.ist\/tr\/wp-json\/wp\/v2\/posts\/16316\" class=\"qtranxs-available-language-link qtranxs-available-language-link-tr\" title=\"Turkish\">Turkish<\/a>. For the sake of viewer convenience, the content is shown below in the alternative language. You may click the link to switch the active language.<\/p><p><strong>Enerji ve Tabii Kaynaklar Bakan\u0131 Taner Y\u0131ld\u0131z, Ankara\u2019daki do\u011fal gaz sat\u0131\u015f kotalar\u0131n\u0131n 2 kat\u0131na \u00e7\u0131kar\u0131ld\u0131\u011f\u0131n\u0131 bildirdi. Y\u0131ld\u0131z, bakanl\u0131k konferans salonundaki Elektrik Enerjisi Teknolojileri ve Enerji Verimlili\u011fi kitab\u0131 tan\u0131t\u0131m\u0131 ve T\u00fcrkiye\u2019nin Elektrik Enerjisi Sekt\u00f6r\u00fc Stratejisi Paneli \u00f6ncesinde yapt\u0131\u011f\u0131 konu\u015fmada, kitab\u0131n ortaya \u00e7\u0131kmas\u0131nda eme\u011fi ge\u00e7enlere te\u015fekk\u00fcr etti.<\/strong><\/p>\n<p>Bu eserlerin sekt\u00f6re rehberlik edebilecek nitelikte oldu\u011funu belirten Y\u0131ld\u0131z, kitapta bilin\u00e7li, verimli, tasarruflu elektrik kullan\u0131m\u0131na ili\u015fkin \u00f6nemli bilgilere yer verildi\u011fini dile getirdi.<\/p>\n<p>Verimlilik konusunda E\u00dcA\u015e santrallerinde ciddi kazan\u0131mlar sa\u011fland\u0131\u011f\u0131n\u0131 ancak bunlar\u0131 yeterli g\u00f6rmediklerini ifade eden Y\u0131ld\u0131z, santrallerin rehabilitasyonuna devam edeceklerini s\u00f6yledi.<a href=\"https:\/\/www.enerjigazetesi.ist\/wp-content\/uploads\/2013\/09\/enerji-bakanligi-bu-kis-dogalgaz-kesintisi-olmayacak.jpg\"><img loading=\"lazy\" class=\"alignright size-medium wp-image-15622\" title=\"do\u011falgaz-enerjisi\" src=\"https:\/\/www.enerjigazetesi.ist\/wp-content\/uploads\/2013\/09\/enerji-bakanligi-bu-kis-dogalgaz-kesintisi-olmayacak-300x200.jpg\" alt=\"\" width=\"300\" height=\"200\" srcset=\"https:\/\/www.enerjigazetesi.ist\/wp-content\/uploads\/2013\/09\/enerji-bakanligi-bu-kis-dogalgaz-kesintisi-olmayacak-300x200.jpg 300w, https:\/\/www.enerjigazetesi.ist\/wp-content\/uploads\/2013\/09\/enerji-bakanligi-bu-kis-dogalgaz-kesintisi-olmayacak-74x50.jpg 74w, https:\/\/www.enerjigazetesi.ist\/wp-content\/uploads\/2013\/09\/enerji-bakanligi-bu-kis-dogalgaz-kesintisi-olmayacak.jpg 469w\" sizes=\"(max-width: 300px) 100vw, 300px\" \/><\/a><\/p>\n<p>Ankara\u2019da do\u011fal gaz sat\u0131\u015f\u0131ndaki kota uygulamas\u0131n\u0131 de\u011ferlendiren Y\u0131ld\u0131z, elektronik ve mekanik saya\u00e7 kullananlar aras\u0131nda bir dengenin tutturulmas\u0131 ve vatanda\u015f lehine olan uygulamalar\u0131n geli\u015ftirilmesi gerekti\u011fini vurgulad\u0131. Y\u0131ld\u0131z, \u015funlar\u0131 kaydetti:<\/p>\n<p>\u201cD\u00fcn ak\u015fam itibariyle vatanda\u015f\u0131m\u0131z 160 milyon lira civar\u0131nda avans niteli\u011finde do\u011fal gaz sat\u0131n ald\u0131 Ankara\u2019da. Bu asl\u0131nda faizsiz bir kredidir \u015firkete. \u015eirketin b\u00f6yle bir talebi yok ama yine de vatanda\u015flar\u0131m\u0131z b\u00f6yle bir tevecc\u00fch g\u00f6sterdiler. \u015eimdi bak\u0131yoruz daha fazla talep var. \u015eirketle de konu\u015ftum bunlar\u0131 2 kat\u0131na \u00e7\u0131kartacaklar. Ekim ay\u0131nda 135 liral\u0131k al\u0131yorlard\u0131, \u015fimdi yakla\u015f\u0131k 270 liral\u0131k alacaklar. Kas\u0131m ay\u0131nda ve aral\u0131k ay\u0131nda da b\u00f6yle olacak. Yani 2013 y\u0131l\u0131ndaki b\u00fct\u00fcn kotalar\u0131 2 kat\u0131na \u00e7\u0131kar\u0131yoruz.<\/p>\n<p>Normalde 1 ay i\u00e7erisindeki kullan\u0131labilecek bir do\u011fal gaz\u0131n \u015fu anda 4 kat\u0131 kadar bir al\u0131m imkan\u0131 vermi\u015f oluyoruz. \u015eu anda do\u011fal gaz\u0131 stok yapmaya ihtiya\u00e7 yok. Do\u011fal gaz\u0131m\u0131z var, bu \u00f6deme \u015fekliyle alakal\u0131 bir d\u00fczenlemedir. Ama ben vatanda\u015f\u0131m\u0131z\u0131n lehine bu d\u00fczenlemeleri yapmak zorunda olan birisi olarak \u00e7ok fazla al\u0131ma \u015fu anda ihtiya\u00e7 yok.<\/p>\n<p>Kendilerinin tasarruf edebileceleri paralar varsa tabiki bunlar\u0131 kullanabilecekler, herkes inisiyatifinde son derece serbest. \u00d6zel \u015firketin veya kamu hizmeti veren bir \u015firketin faizsiz kredilendirilmesi anlam\u0131na geliyor bu durum. Bakaca\u011f\u0131z belki 300-400 milyon liral\u0131k rakamlara ula\u015facak. O y\u00fczden vatanda\u015f\u0131m\u0131z bunu belki daha da tasarruflu olacak bir yerde kullanabilir ama tercih kendilerinin. D\u00fcn ak\u015fam itibariyle kotalar\u0131n 2 kat\u0131na kadar do\u011fal gaz al\u0131nabilecek.\u201d<\/p>\n<p>Kaynak: <a href=\"http:\/\/enerjienstitusu.com\/2013\/10\/08\/ankaradaki-dogal-gaz-satis-kotalari-2-katina-cikarildi\/\" target=\"_blank\">Enerji Enstit\u00fcs\u00fc<\/a><\/p>","protected":false},"excerpt":{"rendered":"<p>Sorry, this entry is only available in Turkish. For the sake of viewer convenience, the content is shown below in the alternative language. You may click the link to switch the active language.Enerji ve Tabii Kaynaklar Bakan\u0131 Taner Y\u0131ld\u0131z, Ankara\u2019daki do\u011fal gaz sat\u0131\u015f kotalar\u0131n\u0131n 2 kat\u0131na \u00e7\u0131kar\u0131ld\u0131\u011f\u0131n\u0131 bildirdi. Y\u0131ld\u0131z, bakanl\u0131k konferans salonundaki Elektrik Enerjisi Teknolojileri [&hellip;]<\/p>\n","protected":false},"author":1,"featured_media":15622,"comment_status":"open","ping_status":"open","sticky":false,"template":"","format":"standard","meta":[],"categories":[46,53],"tags":[9415,2674,710,9414,92,226,63,67,1009,165,667,97],"views":710,"_links":{"self":[{"href":"https:\/\/www.enerjigazetesi.ist\/en\/wp-json\/wp\/v2\/posts\/16316"}],"collection":[{"href":"https:\/\/www.enerjigazetesi.ist\/en\/wp-json\/wp\/v2\/posts"}],"about":[{"href":"https:\/\/www.enerjigazetesi.ist\/en\/wp-json\/wp\/v2\/types\/post"}],"author":[{"embeddable":true,"href":"https:\/\/www.enerjigazetesi.ist\/en\/wp-json\/wp\/v2\/users\/1"}],"replies":[{"embeddable":true,"href":"https:\/\/www.enerjigazetesi.ist\/en\/wp-json\/wp\/v2\/comments?post=16316"}],"version-history":[{"count":1,"href":"https:\/\/www.enerjigazetesi.ist\/en\/wp-json\/wp\/v2\/posts\/16316\/revisions"}],"predecessor-version":[{"id":16317,"href":"https:\/\/www.enerjigazetesi.ist\/en\/wp-json\/wp\/v2\/posts\/16316\/revisions\/16317"}],"wp:featuredmedia":[{"embeddable":true,"href":"https:\/\/www.enerjigazetesi.ist\/en\/wp-json\/wp\/v2\/media\/15622"}],"wp:attachment":[{"href":"https:\/\/www.enerjigazetesi.ist\/en\/wp-json\/wp\/v2\/media?parent=16316"}],"wp:term":[{"taxonomy":"category","embeddable":true,"href":"https:\/\/www.enerjigazetesi.ist\/en\/wp-json\/wp\/v2\/categories?post=16316"},{"taxonomy":"post_tag","embeddable":true,"href":"https:\/\/www.enerjigazetesi.ist\/en\/wp-json\/wp\/v2\/tags?post=16316"}],"curies":[{"name":"wp","href":"https:\/\/api.w.org\/{rel}","templated":true}]}}