{"id":163021,"date":"2022-11-13T15:04:57","date_gmt":"2022-11-13T12:04:57","guid":{"rendered":"https:\/\/www.enerjigazetesi.ist\/?p=163021"},"modified":"2022-11-13T15:08:43","modified_gmt":"2022-11-13T12:08:43","slug":"yenilenebilir-enerji-ekipmanlari-ihracatcilari-birligi-kurulmasina-jed-destek","status":"publish","type":"post","link":"https:\/\/www.enerjigazetesi.ist\/en\/yenilenebilir-enerji-ekipmanlari-ihracatcilari-birligi-kurulmasina-jed-destek\/","title":{"rendered":"(Turkish) Yenilenebilir Enerji Ekipmanlar\u0131 \u0130hracat\u00e7\u0131lar\u0131 Birli\u011fi \u0130\u00e7in JED Destek"},"content":{"rendered":"<p class=\"qtranxs-available-languages-message qtranxs-available-languages-message-en\">Sorry, this entry is only available in <a href=\"https:\/\/www.enerjigazetesi.ist\/tr\/wp-json\/wp\/v2\/posts\/163021\" class=\"qtranxs-available-language-link qtranxs-available-language-link-tr\" title=\"Turkish\">Turkish<\/a>. For the sake of viewer convenience, the content is shown below in the alternative language. You may click the link to switch the active language.<\/p><p><\/p>\n<h2>Son 5 y\u0131ld\u0131r s\u00fcrd\u00fcr\u00fclebilirlik eksenli projelere odaklanan Ege \u0130hracat\u00e7\u0131 Birlikleri, T\u00fcrkiye\u2019de ba\u015f d\u00f6nd\u00fcr\u00fcc\u00fc bir h\u0131zla b\u00fcy\u00fcyen yenilenebilir enerji sekt\u00f6r\u00fcn\u00fc bir ihracat\u00e7\u0131 birli\u011fi \u00e7at\u0131s\u0131 alt\u0131nda bulu\u015fturmak i\u00e7in \u00e7al\u0131\u015fmalar\u0131na h\u0131z verdi.<\/h2>\n<p>Yenilenebilir enerji sekt\u00f6r\u00fcndeki sivil toplum kurulu\u015flar\u0131 da Ege \u0130hracat\u00e7\u0131 Birlikleri\u2019nin <strong>\u201cYenilenebilir Enerji Ekipmanlar\u0131 ve Hizmet \u0130hracat\u00e7\u0131lar\u0131 Birli\u011fi\u201d<\/strong> kurma \u00e7al\u0131\u015fmalar\u0131na tam destek veriyor.<\/p>\n<div id=\"attachment_163024\" style=\"width: 330px\" class=\"wp-caption alignright\"><img aria-describedby=\"caption-attachment-163024\" loading=\"lazy\" class=\"wp-image-163024\" src=\"https:\/\/www.enerjigazetesi.ist\/wp-content\/uploads\/2022\/11\/yenilenebilir-enerji-ekipmanlari-ihracatcilari-birligi-kurulmasina-jed-destek.jpg\" alt=\"\" width=\"320\" height=\"240\" srcset=\"https:\/\/www.enerjigazetesi.ist\/wp-content\/uploads\/2022\/11\/yenilenebilir-enerji-ekipmanlari-ihracatcilari-birligi-kurulmasina-jed-destek.jpg 550w, https:\/\/www.enerjigazetesi.ist\/wp-content\/uploads\/2022\/11\/yenilenebilir-enerji-ekipmanlari-ihracatcilari-birligi-kurulmasina-jed-destek-300x225.jpg 300w, https:\/\/www.enerjigazetesi.ist\/wp-content\/uploads\/2022\/11\/yenilenebilir-enerji-ekipmanlari-ihracatcilari-birligi-kurulmasina-jed-destek-500x375.jpg 500w, https:\/\/www.enerjigazetesi.ist\/wp-content\/uploads\/2022\/11\/yenilenebilir-enerji-ekipmanlari-ihracatcilari-birligi-kurulmasina-jed-destek-67x50.jpg 67w\" sizes=\"(max-width: 320px) 100vw, 320px\" \/><p id=\"caption-attachment-163024\" class=\"wp-caption-text\">Soldan sa\u011fa; Serkan Aks\u00fcyek, Jeotermal Enerji Derne\u011fi Y\u00f6netim Kurulu Ba\u015fkan\u0131 Ali K\u0131ndap, E\u0130B Koordinat\u00f6r Ba\u015fkan\u0131 Jak Eskinazi, Funda K\u00fc\u00e7\u00fckosmano\u011flu, Neslihan Se\u00e7en<\/p><\/div>\n<p>T\u00fcrkiye\u2019de jeotermal enerji sekt\u00f6r\u00fc yat\u0131r\u0131mc\u0131lar\u0131n\u0131 \u00e7at\u0131s\u0131 alt\u0131nda toplayan Jeotermal Enerji Derne\u011fi (JED), Ege \u0130hracat\u00e7\u0131 Birlikleri (E\u0130B) b\u00fcnyesinde kurulma haz\u0131rl\u0131klar\u0131 s\u00fcren <strong>\u201cYenilenebilir Enerji Ekipman ve Hizmet \u0130hracat\u00e7\u0131lar\u0131 Birli\u011fi\u201d<\/strong> projesine tam destek verdi. Ege \u0130hracat\u00e7\u0131 Birlikleri Koordinat\u00f6r Ba\u015fkan\u0131 <strong>Jak Eskinazi\u2019yi<\/strong> ziyaret eden <em>JED Y\u00f6netim Kurulu Ba\u015fkan\u0131<\/em> <strong>Ali K\u0131ndap<\/strong>, E\u0130B\u2019nin \u00e7al\u0131\u015fmalar\u0131na desteklerinin tam oldu\u011funu aktard\u0131.<\/p>\n<h3><strong>Sekt\u00f6r\u00fcn ihracat\u0131 1 milyar dolar\u0131 a\u015ft\u0131<\/strong><\/h3>\n<p><strong>Yenilenebilir enerji sekt\u00f6r\u00fcn\u00fcn<\/strong> ihracatta<strong> 1 milyar dolar\u0131n<\/strong> \u00fczerinde bir hacme ula\u015ft\u0131\u011f\u0131 bilgisini veren Ege \u0130hracat\u00e7\u0131 Birlikleri Koordinat\u00f6r Ba\u015fkan\u0131<strong> Jak Eskinazi<\/strong>, sekt\u00f6r\u00fcn ihracat\u0131n\u0131n <strong>2023 y\u0131l\u0131nda 2 milyar dolara <\/strong>\u00e7\u0131kmas\u0131n\u0131 beklediklerini, <strong>yenilenebilir enerji sekt\u00f6r\u00fcnden<\/strong> gelen ihracat\u00e7\u0131 birli\u011fi \u00e7at\u0131s\u0131 alt\u0131nda bulu\u015fma talebi sonras\u0131nda <strong>Yenilenebilir Enerji Ekipmanlar\u0131 ve Hizmet \u0130hracat\u00e7\u0131lar\u0131 Birli\u011fi<\/strong> kurma \u00e7al\u0131\u015fmas\u0131n\u0131 ba\u015flatt\u0131klar\u0131n\u0131 dile getirdi.<\/p>\n<p><strong>Jeotermal Enerji Derne\u011fi (JED)<\/strong>\u2019nin<strong> Yenilenebilir Enerji Ekipmanlar\u0131 ve Hizmet \u0130hracat\u00e7\u0131lar\u0131 Birli\u011fi<\/strong> kurma \u00e7al\u0131\u015fmalar\u0131na verdi\u011fi deste\u011fi <em>\u201c\u00c7ok anlaml\u0131 ve de\u011ferli olarak\u201d nitelendiren Eskinazi, \u201cT\u00fcrkiye\u2019de yenilenebilir enerji sekt\u00f6r\u00fcne son y\u0131llarda b\u00fcy\u00fck yat\u0131r\u0131mlar yap\u0131ld\u0131. Enerji sekt\u00f6r\u00fcnde kurulu g\u00fc\u00e7 kapasitesi <strong>102,3 Megawatt\u2019a<\/strong> ula\u015ft\u0131. Bu kurulu g\u00fcc\u00fcn <strong>23,6 bin Megawatt<\/strong>\u2019l\u0131k dilimini yenilenebilir enerji t\u00fcrleri olan <strong>r\u00fczg\u00e2r, g\u00fcne\u015f, jeotermal ve biyok\u00fctle<\/strong> temsil etti. <strong>Yenilenebilir enerji sekt\u00f6r\u00fcnde<\/strong> yeni hedefimiz kurulu g\u00fc\u00e7te <strong>50 bin Megawatt\u2019<\/strong>a ula\u015fmak olacak. Sekt\u00f6r i\u00e7 piyasada b\u00fcy\u00fcrken, ihracat hacmi de ayn\u0131 oranda b\u00fcy\u00fcyecek. Yenilenebilir Enerji Ekipmanlar\u0131 ve Hizmet \u0130hracat\u00e7\u0131lar\u0131 Birli\u011fi bu s\u00fcreci h\u0131zland\u0131racak\u201d<\/em> \u015feklinde konu\u015ftu.<\/p>\n<h3><strong>Teknik \u00e7al\u0131\u015fma sonras\u0131 ba\u015fvuru yap\u0131lacak<\/strong><\/h3>\n<p><strong>JED heyetini<\/strong> kabulde konu\u015fan <strong>Jak Eskinazi<\/strong> de yenilenebilir ve temiz enerjide \u00e7ok y\u00fcksek bir potansiyele sahip olan T\u00fcrkiye\u2019nin, bu alandaki ihracat\u00e7\u0131 birli\u011fine kavu\u015fmak i\u00e7in g\u00fcn sayd\u0131\u011f\u0131n\u0131 belirtti.<\/p>\n<p>Farkl\u0131 birlikler ve sekt\u00f6rlerden ger\u00e7ekle\u015fen ihracat\u0131n <strong>G\u00fcmr\u00fck Tarife \u0130statistik Pozisyonu (GT\u0130P)<\/strong> kodlar\u0131n\u0131n ayr\u0131\u015ft\u0131r\u0131lmas\u0131 s\u00fcrecinin devam etti\u011fi bilgisini veren Eskinazi, bu teknik \u00e7al\u0131\u015fman\u0131n tamamlanmas\u0131n\u0131 takiben Biri\u011fin kurulmas\u0131 y\u00f6n\u00fcndeki yasal s\u00fcrecin ba\u015flamas\u0131 i\u00e7in Ticaret Bakanl\u0131\u011f\u0131\u2019na gerekli ba\u015fvuruyu yapacaklar\u0131n\u0131 s\u00f6zlerine ekledi.<\/p>\n<p><em>Ege \u0130hracat\u00e7\u0131 Birlikleri Koordinat\u00f6r Ba\u015fkan\u0131<\/em> <strong>Jak Eskinazi\u2019<\/strong>yi ziyaret eden <strong>Jeotermal Enerji Derne\u011fi (JED) Y\u00f6netim Kurulu Ba\u015fkan\u0131<\/strong> <em>Ali K\u0131ndap<\/em>, T\u00fcrkiye\u2019nin yenilenebilir enerji kurulu g\u00fcc\u00fcn\u00fc her ge\u00e7en ay art\u0131rd\u0131\u011f\u0131na dikkat \u00e7ekerek, sekt\u00f6r\u00fcn ana ve yan sanayisinde \u00fcretim yapan \u00e7ok say\u0131da \u015firketin, ayn\u0131 zamanda y\u00fcksek \u00f6l\u00e7ekli ekipman ihracat\u0131 ger\u00e7ekle\u015ftirdi\u011fine dikkat \u00e7ekti.<\/p>\n<h3><strong>K\u0131ndap; \u201cK\u0131sa s\u00fcrede d\u00fcnya lideri olabiliriz\u201d<\/strong><\/h3>\n<p>Jeotermal enerji \u00f6zelinde ise T\u00fcrkiye\u2019nin kurulu g\u00fcc\u00fcn\u00fc son on y\u0131lda y\u00fcz kat art\u0131rd\u0131\u011f\u0131n\u0131 hat\u0131rlatan K\u0131ndap, <em>\u201cJeotermal enerjide bug\u00fcn ula\u015ft\u0131\u011f\u0131m\u0131z <strong>1.686 Megavat (MW)<\/strong> kurulu g\u00fc\u00e7 seviyesi, d\u00fcnyada <strong>4\u2019\u00fcnc\u00fcl\u00fc\u011fe<\/strong> i\u015faret etse de potansiyelimiz bu seviyenin \u00e7ok \u00fczerinde. Sekt\u00f6r\u00fcn yat\u0131r\u0131m iklimini destekleyici bir\u00a0<strong>te\u015fvik mekanizmas\u0131n\u0131n uygulanmas\u0131<\/strong> ile bu kurulu g\u00fcc\u00fc \u00e7ok k\u0131sa s\u00fcrede <strong>5.000 MW<\/strong> seviyesine \u00e7\u0131karmam\u0131z ve d\u00fcnyada lider pozisyona ula\u015fmam\u0131z i\u015ften bile de\u011fil. Bu art\u0131\u015f\u0131 destekleyecek kaynak ke\u015fifleri elimizde haz\u0131r.\u201d <\/em>dedi.<\/p>\n<p><strong>Jeotermal enerji sekt\u00f6r\u00fcnde<\/strong> faaliyet g\u00f6steren ana ve yan sanayi \u015firketlerinin T\u00fcrkiye\u2019de ve d\u00fcnyan\u0131n her \u00fclkesinde <strong>anahtar teslimi santral kurulumunu<\/strong> yapabilecek seviyeye ula\u015ft\u0131klar\u0131n\u0131 hat\u0131rlatan Ali K\u0131ndap,<span style=\"text-decoration: underline;\"> \u015fu de\u011ferlendirmeyi yapt\u0131:<\/span><\/p>\n<h3><strong>Sekt\u00f6r\u00fcn g\u00fc\u00e7l\u00fc temsiliyeti a\u00e7\u0131s\u0131ndan \u00f6nemli<\/strong><\/h3>\n<p><em>\u201cSondajdan ba\u015flayarak devreye almaya kadar ge\u00e7en t\u00fcm de\u011fer zincirinde s\u00f6z sahibi olan \u015firketlerimizin yapt\u0131klar\u0131 ihracat\u0131 tek Birlik \u00e7at\u0131s\u0131 alt\u0131nda toplamak, t\u00fcm yenilenebilir enerji sekt\u00f6r\u00fcn\u00fc g\u00fc\u00e7lendirir. <strong>JED<\/strong> olarak <strong>Ege \u0130hracat\u00e7\u0131 Birlikleri<\/strong> b\u00fcnyesinde devam eden bu projeye destek vermek amac\u0131yla Say\u0131n Eskinazi\u2019yi ziyaret etmekten ve sekt\u00f6r\u00fcm\u00fcz ile ilgili detaylar\u0131 payla\u015fmaktan mutluluk duyduk.\u201d<\/em><\/p>","protected":false},"excerpt":{"rendered":"<p>Sorry, this entry is only available in Turkish. For the sake of viewer convenience, the content is shown below in the alternative language. You may click the link to switch the active language. Son 5 y\u0131ld\u0131r s\u00fcrd\u00fcr\u00fclebilirlik eksenli projelere odaklanan Ege \u0130hracat\u00e7\u0131 Birlikleri, T\u00fcrkiye\u2019de ba\u015f d\u00f6nd\u00fcr\u00fcc\u00fc bir h\u0131zla b\u00fcy\u00fcyen yenilenebilir enerji sekt\u00f6r\u00fcn\u00fc bir ihracat\u00e7\u0131 birli\u011fi [&hellip;]<\/p>\n","protected":false},"author":1,"featured_media":163026,"comment_status":"open","ping_status":"open","sticky":false,"template":"","format":"standard","meta":[],"categories":[51,53],"tags":[6120,99959,106164],"views":35,"_links":{"self":[{"href":"https:\/\/www.enerjigazetesi.ist\/en\/wp-json\/wp\/v2\/posts\/163021"}],"collection":[{"href":"https:\/\/www.enerjigazetesi.ist\/en\/wp-json\/wp\/v2\/posts"}],"about":[{"href":"https:\/\/www.enerjigazetesi.ist\/en\/wp-json\/wp\/v2\/types\/post"}],"author":[{"embeddable":true,"href":"https:\/\/www.enerjigazetesi.ist\/en\/wp-json\/wp\/v2\/users\/1"}],"replies":[{"embeddable":true,"href":"https:\/\/www.enerjigazetesi.ist\/en\/wp-json\/wp\/v2\/comments?post=163021"}],"version-history":[{"count":0,"href":"https:\/\/www.enerjigazetesi.ist\/en\/wp-json\/wp\/v2\/posts\/163021\/revisions"}],"wp:featuredmedia":[{"embeddable":true,"href":"https:\/\/www.enerjigazetesi.ist\/en\/wp-json\/wp\/v2\/media\/163026"}],"wp:attachment":[{"href":"https:\/\/www.enerjigazetesi.ist\/en\/wp-json\/wp\/v2\/media?parent=163021"}],"wp:term":[{"taxonomy":"category","embeddable":true,"href":"https:\/\/www.enerjigazetesi.ist\/en\/wp-json\/wp\/v2\/categories?post=163021"},{"taxonomy":"post_tag","embeddable":true,"href":"https:\/\/www.enerjigazetesi.ist\/en\/wp-json\/wp\/v2\/tags?post=163021"}],"curies":[{"name":"wp","href":"https:\/\/api.w.org\/{rel}","templated":true}]}}