{"id":162935,"date":"2022-11-11T19:17:02","date_gmt":"2022-11-11T16:17:02","guid":{"rendered":"https:\/\/www.enerjigazetesi.ist\/?p=162935"},"modified":"2022-11-11T19:21:45","modified_gmt":"2022-11-11T16:21:45","slug":"finansal-kosullar-ekonomik-aktivitenin-gucunde-zayiflamaya-isaret-ediyor","status":"publish","type":"post","link":"https:\/\/www.enerjigazetesi.ist\/en\/finansal-kosullar-ekonomik-aktivitenin-gucunde-zayiflamaya-isaret-ediyor\/","title":{"rendered":"(Turkish) &#8221;Finansal Ko\u015fullar Ekonomik Aktivitenin G\u00fcc\u00fcnde Zay\u0131flamaya \u0130\u015faret Ediyor&#8221;"},"content":{"rendered":"<p class=\"qtranxs-available-languages-message qtranxs-available-languages-message-en\">Sorry, this entry is only available in <a href=\"https:\/\/www.enerjigazetesi.ist\/tr\/wp-json\/wp\/v2\/posts\/162935\" class=\"qtranxs-available-language-link qtranxs-available-language-link-tr\" title=\"Turkish\">Turkish<\/a>. For the sake of viewer convenience, the content is shown below in the alternative language. You may click the link to switch the active language.<\/p><p><\/p>\n<h3><strong>Bah\u00e7e\u015fehir \u00dcniversitesi Finansal Ara\u015ft\u0131rma ve Uygulama Merkezi (BFRC), finansal ko\u015fullara ili\u015fkin \u00f6zet bir g\u00f6sterge olu\u015fturdu ve endeksin ekonomik aktiviteyle ili\u015fkisine dair bir ara\u015ft\u0131rma yay\u0131mlad\u0131.<\/strong><\/h3>\n<p><strong>\u2018Finansal Ko\u015fullar Bize Ne S\u00f6yl\u00fcyor?\u2019<\/strong> ba\u015fl\u0131kl\u0131 ara\u015ft\u0131rma sonucuna g\u00f6re 2022 y\u0131l\u0131nda finansal ko\u015fullarda<strong> izlenen s\u0131k\u0131la\u015fma e\u011filimi<\/strong>, 2022 y\u0131l\u0131 ortalar\u0131ndan itibaren <strong>ekonomik aktivite<\/strong> g\u00f6stergelerindeki<strong> \u0131l\u0131ml\u0131 yava\u015flama e\u011filimini<\/strong> teyit ediyor ve s\u00f6z konusu e\u011filimin <strong>\u00f6n\u00fcm\u00fczdeki d\u00f6nemde devam\u0131na i\u015faret ediyor.<\/strong><\/p>\n<h3><strong>\u201c2022 Y\u0131l\u0131 \u0130kinci Yar\u0131s\u0131nda Ekonomik Aktivitede Il\u0131ml\u0131 Yava\u015flama Sinyalleri Var\u201d<\/strong><\/h3>\n<p>Ara\u015ft\u0131rma, \u00f6ncelikle <strong>T\u00fcrkiye Cumhuriyet Merkez Bankas\u0131\u2019n\u0131n (TCMB)<\/strong> 2022 y\u0131l\u0131 A\u011fustos ay\u0131ndan bu yana <strong>Para Politikas\u0131 Kurulu (PPK)<\/strong> karar metinlerinde <strong>faiz indirimlerine gerek\u00e7e<\/strong> olarak sundu\u011fu<strong> sanayi \u00fcretimi<\/strong> ve<strong> istihdam g\u00f6r\u00fcn\u00fcm\u00fc<\/strong> a\u00e7\u0131s\u0131ndan <strong>\u201cfinansal ko\u015fullar\u0131n destekleyici olmas\u0131\u201d<\/strong> gere\u011fine dikkat \u00e7ekiliyor. Ard\u0131ndan <strong>2022 y\u0131l\u0131 ortalar\u0131ndan<\/strong> itibaren<strong> \u00e7e\u015fitli ekonomik aktivite g\u00f6stergelerindeki<\/strong> <em>(sanayi \u00fcretimi, istihdam ve imalat PMI)<\/em><strong> \u0131l\u0131ml\u0131 yava\u015flama sinyalleri<\/strong> ortaya konuyor.<\/p>\n<h3><strong>\u201cEndeksteki Gerileme, Ekonomik Aktivitedeki Yava\u015flaman\u0131n 2023 Y\u0131l\u0131na Sarkabilece\u011fini G\u00f6steriyor\u201d<\/strong><\/h3>\n<p>\u00c7al\u0131\u015fmada ilk olarak <strong>hisse senedi, tahvil, d\u00f6viz kuru piyasalar\u0131, portf\u00f6y ak\u0131mlar\u0131<\/strong> ve<strong> risk primini i\u00e7eren<\/strong> \u00e7e\u015fitli<strong> finansal g\u00f6stergeler<\/strong> kullan\u0131larak <strong>Finansal Ko\u015fullar Endeksi (FKE)<\/strong> olu\u015fturuluyor. Endeks, finansal ko\u015fullar\u0131n 2021 y\u0131l\u0131 sonundan itibaren s\u0131k\u0131la\u015fma e\u011filiminde oldu\u011fu g\u00f6steriliyor. \u00c7al\u0131\u015fman\u0131n bulgular\u0131na g\u00f6re, tarihsel olarak bak\u0131ld\u0131\u011f\u0131nda,<strong> pandeminin yaratt\u0131\u011f\u0131 ge\u00e7ici dalgalanma d\u00f6nemi<\/strong> d\u0131\u015f\u0131nda <strong>FKE sanayi \u00fcretimi<\/strong>ni <strong>5 ay kadar<\/strong> \u00f6nc\u00fcl\u00fcyor. Bu \u00e7er\u00e7evede, <strong>2022 y\u0131l\u0131 Eyl\u00fcl ay\u0131<\/strong> itibar\u0131yla finansal ko\u015fullardaki <strong>s\u0131k\u0131la\u015fma e\u011filiminin s\u00fcrmesi<\/strong> ekonomik aktivitedeki yava\u015flama e\u011filiminin <strong>2023 y\u0131l\u0131na<\/strong> sarkabilece\u011fine i\u015faret ediyor.<\/p>\n<p style=\"text-align: center;\"><img loading=\"lazy\" class=\"aligncenter wp-image-162937\" src=\"https:\/\/www.enerjigazetesi.ist\/wp-content\/uploads\/2022\/11\/finansal-kosullar-endeksi-ve-sue.jpg\" alt=\"\" width=\"550\" height=\"299\" srcset=\"https:\/\/www.enerjigazetesi.ist\/wp-content\/uploads\/2022\/11\/finansal-kosullar-endeksi-ve-sue.jpg 580w, https:\/\/www.enerjigazetesi.ist\/wp-content\/uploads\/2022\/11\/finansal-kosullar-endeksi-ve-sue-300x163.jpg 300w, https:\/\/www.enerjigazetesi.ist\/wp-content\/uploads\/2022\/11\/finansal-kosullar-endeksi-ve-sue-500x272.jpg 500w, https:\/\/www.enerjigazetesi.ist\/wp-content\/uploads\/2022\/11\/finansal-kosullar-endeksi-ve-sue-80x43.jpg 80w\" sizes=\"(max-width: 550px) 100vw, 550px\" \/><\/p>\n<p>BFRC,<strong> finansal ko\u015fullar<\/strong> ve <strong>ekonomik aktivite<\/strong> aras\u0131ndaki ili\u015fkinin <strong>g\u00fcncel olarak de\u011ferlendirilebilmesi<\/strong> amac\u0131yla \u00f6n\u00fcm\u00fczdeki d\u00f6nemde de <strong>d\u00fczenli olarak ara\u015ft\u0131rma sonu\u00e7lar\u0131n\u0131<\/strong> sunmaya devam edecek.<\/p>\n<p><em>Ara\u015ft\u0131rman\u0131n tamam\u0131na ula\u015fmak i\u00e7in <strong><a href=\"https:\/\/drive.google.com\/file\/d\/1sk8UaoWdGBEfDwpUyK5lsohV2QtCVLrx\/view\" target=\"_blank\" rel=\"noopener\">TIKLAYIN&gt;&gt;&gt;<\/a><\/strong><\/em><\/p>","protected":false},"excerpt":{"rendered":"<p>Sorry, this entry is only available in Turkish. For the sake of viewer convenience, the content is shown below in the alternative language. You may click the link to switch the active language. Bah\u00e7e\u015fehir \u00dcniversitesi Finansal Ara\u015ft\u0131rma ve Uygulama Merkezi (BFRC), finansal ko\u015fullara ili\u015fkin \u00f6zet bir g\u00f6sterge olu\u015fturdu ve endeksin ekonomik aktiviteyle ili\u015fkisine dair bir [&hellip;]<\/p>\n","protected":false},"author":1,"featured_media":162938,"comment_status":"open","ping_status":"open","sticky":false,"template":"","format":"standard","meta":[],"categories":[53,4],"tags":[5348,106132,106134,106133],"views":85,"_links":{"self":[{"href":"https:\/\/www.enerjigazetesi.ist\/en\/wp-json\/wp\/v2\/posts\/162935"}],"collection":[{"href":"https:\/\/www.enerjigazetesi.ist\/en\/wp-json\/wp\/v2\/posts"}],"about":[{"href":"https:\/\/www.enerjigazetesi.ist\/en\/wp-json\/wp\/v2\/types\/post"}],"author":[{"embeddable":true,"href":"https:\/\/www.enerjigazetesi.ist\/en\/wp-json\/wp\/v2\/users\/1"}],"replies":[{"embeddable":true,"href":"https:\/\/www.enerjigazetesi.ist\/en\/wp-json\/wp\/v2\/comments?post=162935"}],"version-history":[{"count":0,"href":"https:\/\/www.enerjigazetesi.ist\/en\/wp-json\/wp\/v2\/posts\/162935\/revisions"}],"wp:featuredmedia":[{"embeddable":true,"href":"https:\/\/www.enerjigazetesi.ist\/en\/wp-json\/wp\/v2\/media\/162938"}],"wp:attachment":[{"href":"https:\/\/www.enerjigazetesi.ist\/en\/wp-json\/wp\/v2\/media?parent=162935"}],"wp:term":[{"taxonomy":"category","embeddable":true,"href":"https:\/\/www.enerjigazetesi.ist\/en\/wp-json\/wp\/v2\/categories?post=162935"},{"taxonomy":"post_tag","embeddable":true,"href":"https:\/\/www.enerjigazetesi.ist\/en\/wp-json\/wp\/v2\/tags?post=162935"}],"curies":[{"name":"wp","href":"https:\/\/api.w.org\/{rel}","templated":true}]}}