{"id":162916,"date":"2022-11-11T16:39:12","date_gmt":"2022-11-11T13:39:12","guid":{"rendered":"https:\/\/www.enerjigazetesi.ist\/?p=162916"},"modified":"2022-11-11T16:39:12","modified_gmt":"2022-11-11T13:39:12","slug":"akfen-yenilenebilir-enerji-surdurulebilirlikte-dunyanin-ilk-30-sirketi-arasinda","status":"publish","type":"post","link":"https:\/\/www.enerjigazetesi.ist\/en\/akfen-yenilenebilir-enerji-surdurulebilirlikte-dunyanin-ilk-30-sirketi-arasinda\/","title":{"rendered":"(Turkish) &#8217;Akfen Yenilenebilir Enerji&#8217; S\u00fcrd\u00fcr\u00fclebilirlikte D\u00fcnyan\u0131n \u0130lk 30 \u015eirketi Aras\u0131nda"},"content":{"rendered":"<p class=\"qtranxs-available-languages-message qtranxs-available-languages-message-en\">Sorry, this entry is only available in <a href=\"https:\/\/www.enerjigazetesi.ist\/tr\/wp-json\/wp\/v2\/posts\/162916\" class=\"qtranxs-available-language-link qtranxs-available-language-link-tr\" title=\"Turkish\">Turkish<\/a>. For the sake of viewer convenience, the content is shown below in the alternative language. You may click the link to switch the active language.<\/p><p><\/p>\n<h2><strong>Tamam\u0131 yerli ve yenilenebilir kaynaklardan enerji \u00fcretimi yapan Akfen Yenilenebilir Enerji, uluslararas\u0131 derecelendirme kurulu\u015fu Moody\u2019s\u2019in kendisinden talepte <\/strong><strong>bulunan \u015firketler i\u00e7erisinden haz\u0131rlad\u0131\u011f\u0131 \u00e7evresel ve sosyal y\u00f6neti\u015fim ile s\u00fcrd\u00fcr\u00fclebilirlik raporunda t\u00fcm sekt\u00f6rler baz\u0131nda d\u00fcnyada ilk 30 \u015firket aras\u0131nda ald\u0131.<\/strong><\/h2>\n<p><strong>27&#8217;nci Birle\u015fmi\u015f Milletler (BM)<\/strong> \u0130klim De\u011fi\u015fikli\u011fi Konferans\u0131 (COP-27), M\u0131s\u0131r&#8217;\u0131n \u015earm El-\u015eeyh kentinde ba\u015flad\u0131. T\u00fcm d\u00fcnya iklim krizi konusunda k\u00fcresel \u00e7apta m\u00fczakerelerin yap\u0131ld\u0131\u011f\u0131 Konferans\u2019tan<strong><img loading=\"lazy\" class=\"alignright wp-image-162921\" src=\"https:\/\/www.enerjigazetesi.ist\/wp-content\/uploads\/2022\/11\/1668154165_Denizli_RES.jpg\" alt=\"\" width=\"320\" height=\"180\" srcset=\"https:\/\/www.enerjigazetesi.ist\/wp-content\/uploads\/2022\/11\/1668154165_Denizli_RES.jpg 550w, https:\/\/www.enerjigazetesi.ist\/wp-content\/uploads\/2022\/11\/1668154165_Denizli_RES-300x169.jpg 300w, https:\/\/www.enerjigazetesi.ist\/wp-content\/uploads\/2022\/11\/1668154165_Denizli_RES-500x281.jpg 500w, https:\/\/www.enerjigazetesi.ist\/wp-content\/uploads\/2022\/11\/1668154165_Denizli_RES-80x45.jpg 80w\" sizes=\"(max-width: 320px) 100vw, 320px\" \/><\/strong> \u00e7\u0131kacak sonu\u00e7lara odaklan\u0131rken, bir T\u00fcrk \u015firketi s\u00fcrd\u00fcr\u00fclebilirlik anlam\u0131nda \u00f6nemli bir ba\u015far\u0131ya imza att\u0131.<\/p>\n<p>Yerli ve yenilenebilir enerji kaynaklar\u0131n\u0131 T\u00fcrkiye ekonomisine kazand\u0131rmak \u00fczere yat\u0131r\u0131mlar\u0131n\u0131 aral\u0131ks\u0131z s\u00fcrd\u00fcren <strong>Akfen Yenilenebilir Enerji<\/strong>, <em>\u00e7evresel, sosyal ve y\u00f6netim performans\u0131<\/em> \u00f6zellikleri bak\u0131m\u0131ndan d\u00fcnyan\u0131n \u00f6nde gelen \u015firketleri aras\u0131na girdi.<\/p>\n<p>Akfen Yenilenebilir Enerji, uluslararas\u0131 derecelendirme kurulu\u015fu <strong>Moody&#8217;s<\/strong>&#8216;in kendisinden talepte\u00a0bulunan \u015firketler \u00fczerinden haz\u0131rlad\u0131\u011f\u0131 <strong>\u00e7evresel<\/strong> ve <strong>sosyal y\u00f6neti\u015fim<\/strong> ile s\u00fcrd\u00fcr\u00fclebilirlik raporunda <strong>70 genel skor<\/strong> elde etti. \u015eirket, <strong>elektrik sekt\u00f6r\u00fcnde<\/strong> d\u00fcnyada t\u00fcm \u015firketler aras\u0131nda <strong>1&#8217;inci<\/strong>, t\u00fcm sekt\u00f6rlerde Avrupa \u2013 Asya pazar\u0131nda <strong>1&#8217;inci<\/strong>, yine t\u00fcm sekt\u00f6rlerde de d\u00fcnya pazar\u0131nda <strong>ilk 30 \u015firket aras\u0131nda<\/strong> kendisine yer buldu.<\/p>\n<h3><strong>\u201c%100 YEN\u0130LENEB\u0130L\u0130R ENERJ\u0130 \u00dcRET\u0130M\u0130 <\/strong><strong>SAYES\u0130NDE \u00dcST\u00dcN PUANLAR ALIYOR\u201d<\/strong><\/h3>\n<p data-wp-editing=\"1\">Moody\u2019s\u2019 taraf\u0131ndan haz\u0131rlanan \u00e7evresel ve sosyal y\u00f6neti\u015fim ile s\u00fcrd\u00fcr\u00fclebilirlik raporu, her y\u0131l kendisinden inceleme talep eden farkl\u0131 sekt\u00f6rlerdeki \u015firketlerin \u00e7evre, insan kaynaklar\u0131, insan haklar\u0131, toplum kat\u0131l\u0131m\u0131, i\u015f davran\u0131\u015f\u0131, kurumsal y\u00f6netim gibi kriterlerini masaya yat\u0131r\u0131yor.<img loading=\"lazy\" class=\"wp-image-162918 alignleft\" src=\"https:\/\/www.enerjigazetesi.ist\/wp-content\/uploads\/2022\/11\/1668154161_Akfen_Yenilenebilir_Enerji_Genel_M__d__r___Kayr__l_Karabeyo__lu.jpg\" alt=\"\" width=\"270\" height=\"405\" srcset=\"https:\/\/www.enerjigazetesi.ist\/wp-content\/uploads\/2022\/11\/1668154161_Akfen_Yenilenebilir_Enerji_Genel_M__d__r___Kayr__l_Karabeyo__lu.jpg 550w, https:\/\/www.enerjigazetesi.ist\/wp-content\/uploads\/2022\/11\/1668154161_Akfen_Yenilenebilir_Enerji_Genel_M__d__r___Kayr__l_Karabeyo__lu-200x300.jpg 200w, https:\/\/www.enerjigazetesi.ist\/wp-content\/uploads\/2022\/11\/1668154161_Akfen_Yenilenebilir_Enerji_Genel_M__d__r___Kayr__l_Karabeyo__lu-266x400.jpg 266w, https:\/\/www.enerjigazetesi.ist\/wp-content\/uploads\/2022\/11\/1668154161_Akfen_Yenilenebilir_Enerji_Genel_M__d__r___Kayr__l_Karabeyo__lu-33x50.jpg 33w, https:\/\/www.enerjigazetesi.ist\/wp-content\/uploads\/2022\/11\/1668154161_Akfen_Yenilenebilir_Enerji_Genel_M__d__r___Kayr__l_Karabeyo__lu-500x751.jpg 500w\" sizes=\"(max-width: 270px) 100vw, 270px\" \/><\/p>\n<p><strong>Akfen Holding, Avrupa \u0130mar ve Kalk\u0131nma Bankas\u0131 (EBRD) ve Uluslararas\u0131 Finans Kurulu\u015fu\u2019nun (IFC)<\/strong> ortak oldu\u011fu Akfen Yenilenebilir Enerji\u2019nin 235,7 MW\u2019l\u0131k su, 121,4 MW\u2019l\u0131k g\u00fcne\u015f ve 348,8 MW\u2019l\u0131k r\u00fczgar enerjisi kurulu g\u00fcc\u00fc ile dengeli \u00fcretim portf\u00f6y\u00fcne dikkat \u00e7ekilen Moody\u2019s\u2019 raporunda, Akfen Yenilenebilir Enerji hakk\u0131nda, <strong>\u201c\u015eirket, s\u00fcrd\u00fcrmeyi taahh\u00fct etti\u011fi %100 yenilenebilir enerji \u00fcretimi sayesinde &#8216;Yenilenebilir enerjinin geli\u015ftirilmesi&#8217; alan\u0131nda ve \u00f6zellikle ISO 14001 sertifikas\u0131 sayesinde &#8216;\u00c7evre Stratejisi&#8217; alan\u0131nda \u00fcst\u00fcn puanlar al\u0131yor\u201d\u00a0<\/strong>yorumlar\u0131na yer verildi.<\/p>\n<p>Rapor hakk\u0131nda de\u011ferlendirmede bulunan <strong>Akfen Yenilenebilir Enerji Genel M\u00fcd\u00fcr\u00fc Kayr\u0131l Karabeyo\u011flu<\/strong><em><strong>, <\/strong>\u201c\u015eirket olarak tamam\u0131 yenilenebilir enerji alan\u0131ndaki kaynaklardan olu\u015fan \u00fcretim kar\u0131\u015f\u0131m\u0131m\u0131z ve bu alanda \u00fcretici olmaya y\u00f6nelik taahh\u00fcd\u00fcm\u00fcz\u00fc s\u00fcrd\u00fcr\u00fcyoruz. Sadece elektrik \u00fcretimi de\u011fil, iklim de\u011fi\u015fikli\u011fi ile m\u00fccadele, biyo\u00e7e\u015fitlili\u011fi koruma, \u00e7evresel ile sosyal y\u00f6netim ve bulundu\u011fumuz b\u00f6lgelerdeki payda\u015flar\u0131n ya\u015fam standartlar\u0131n\u0131 art\u0131rmay\u0131 hedefledi\u011fimiz sosyal sorumluluk \u00e7al\u0131\u015fmalar\u0131m\u0131z ile bunun gibi uluslararas\u0131 alanda kabul g\u00f6ren ba\u015far\u0131lar\u0131m\u0131z\u0131n say\u0131s\u0131n\u0131 art\u0131rmay\u0131 hedefliyoruz\u201d<\/em> ifadelerini kulland\u0131.<\/p>","protected":false},"excerpt":{"rendered":"<p>Sorry, this entry is only available in Turkish. For the sake of viewer convenience, the content is shown below in the alternative language. You may click the link to switch the active language. Tamam\u0131 yerli ve yenilenebilir kaynaklardan enerji \u00fcretimi yapan Akfen Yenilenebilir Enerji, uluslararas\u0131 derecelendirme kurulu\u015fu Moody\u2019s\u2019in kendisinden talepte bulunan \u015firketler i\u00e7erisinden haz\u0131rlad\u0131\u011f\u0131 \u00e7evresel [&hellip;]<\/p>\n","protected":false},"author":1,"featured_media":162919,"comment_status":"open","ping_status":"open","sticky":false,"template":"","format":"standard","meta":[],"categories":[51,53],"tags":[28245,18,872],"views":114,"_links":{"self":[{"href":"https:\/\/www.enerjigazetesi.ist\/en\/wp-json\/wp\/v2\/posts\/162916"}],"collection":[{"href":"https:\/\/www.enerjigazetesi.ist\/en\/wp-json\/wp\/v2\/posts"}],"about":[{"href":"https:\/\/www.enerjigazetesi.ist\/en\/wp-json\/wp\/v2\/types\/post"}],"author":[{"embeddable":true,"href":"https:\/\/www.enerjigazetesi.ist\/en\/wp-json\/wp\/v2\/users\/1"}],"replies":[{"embeddable":true,"href":"https:\/\/www.enerjigazetesi.ist\/en\/wp-json\/wp\/v2\/comments?post=162916"}],"version-history":[{"count":0,"href":"https:\/\/www.enerjigazetesi.ist\/en\/wp-json\/wp\/v2\/posts\/162916\/revisions"}],"wp:featuredmedia":[{"embeddable":true,"href":"https:\/\/www.enerjigazetesi.ist\/en\/wp-json\/wp\/v2\/media\/162919"}],"wp:attachment":[{"href":"https:\/\/www.enerjigazetesi.ist\/en\/wp-json\/wp\/v2\/media?parent=162916"}],"wp:term":[{"taxonomy":"category","embeddable":true,"href":"https:\/\/www.enerjigazetesi.ist\/en\/wp-json\/wp\/v2\/categories?post=162916"},{"taxonomy":"post_tag","embeddable":true,"href":"https:\/\/www.enerjigazetesi.ist\/en\/wp-json\/wp\/v2\/tags?post=162916"}],"curies":[{"name":"wp","href":"https:\/\/api.w.org\/{rel}","templated":true}]}}