{"id":162742,"date":"2022-11-09T15:53:29","date_gmt":"2022-11-09T12:53:29","guid":{"rendered":"https:\/\/www.enerjigazetesi.ist\/?p=162742"},"modified":"2022-11-09T15:54:09","modified_gmt":"2022-11-09T12:54:09","slug":"sedas-in-muhtar-dernek-baskanlariyla-bulusmasi-bolu-ile-surdu","status":"publish","type":"post","link":"https:\/\/www.enerjigazetesi.ist\/en\/sedas-in-muhtar-dernek-baskanlariyla-bulusmasi-bolu-ile-surdu\/","title":{"rendered":"(Turkish) SEDA\u015e\u2019\u0131n Muhtar Dernek Ba\u015fkanlar\u0131yla Bulu\u015fmas\u0131 Bolu ile S\u00fcrd\u00fc"},"content":{"rendered":"<p class=\"qtranxs-available-languages-message qtranxs-available-languages-message-en\">Sorry, this entry is only available in <a href=\"https:\/\/www.enerjigazetesi.ist\/tr\/wp-json\/wp\/v2\/posts\/162742\" class=\"qtranxs-available-language-link qtranxs-available-language-link-tr\" title=\"Turkish\">Turkish<\/a>. For the sake of viewer convenience, the content is shown below in the alternative language. You may click the link to switch the active language.<\/p><p><\/p>\n<h2><strong>Sakarya Elektrik Da\u011f\u0131t\u0131m A\u015e (SEDA\u015e) y\u00f6neticileri, Bolu\u2019da muhtar dernek ba\u015fkanlar\u0131 ile bir araya geldi.<\/strong><\/h2>\n<p>SEDA\u015e \u00dcst Y\u00f6netim Ekibinin <strong>muhtar dernek ba\u015fkanlar\u0131<\/strong> ile bulu\u015fmalar\u0131 s\u00fcrerken Bolu\u2019da<strong><img loading=\"lazy\" class=\"alignright wp-image-162744\" src=\"https:\/\/www.enerjigazetesi.ist\/wp-content\/uploads\/2022\/11\/sedas-in-muhtar-dernek-baskanlariyla-bulusmasi-bolu-ile-surdu-1.jpg\" alt=\"\" width=\"320\" height=\"214\" srcset=\"https:\/\/www.enerjigazetesi.ist\/wp-content\/uploads\/2022\/11\/sedas-in-muhtar-dernek-baskanlariyla-bulusmasi-bolu-ile-surdu-1.jpg 550w, https:\/\/www.enerjigazetesi.ist\/wp-content\/uploads\/2022\/11\/sedas-in-muhtar-dernek-baskanlariyla-bulusmasi-bolu-ile-surdu-1-300x200.jpg 300w, https:\/\/www.enerjigazetesi.ist\/wp-content\/uploads\/2022\/11\/sedas-in-muhtar-dernek-baskanlariyla-bulusmasi-bolu-ile-surdu-1-500x334.jpg 500w, https:\/\/www.enerjigazetesi.ist\/wp-content\/uploads\/2022\/11\/sedas-in-muhtar-dernek-baskanlariyla-bulusmasi-bolu-ile-surdu-1-75x50.jpg 75w, https:\/\/www.enerjigazetesi.ist\/wp-content\/uploads\/2022\/11\/sedas-in-muhtar-dernek-baskanlariyla-bulusmasi-bolu-ile-surdu-1-450x300.jpg 450w\" sizes=\"(max-width: 320px) 100vw, 320px\" \/><\/strong> <strong>kesintisiz elektrik da\u011f\u0131t\u0131m\u0131<\/strong> kapsam\u0131nda y\u00fcr\u00fct\u00fclen \u00e7al\u0131\u015fmalar konusunda <strong>Muhtar Dernek Ba\u015fkanlar\u0131&#8217;<\/strong>n\u0131 misafir eden <strong>SEDA\u015e y\u00f6neticileri<\/strong>, dernek ba\u015fkanlar\u0131n\u0131n <strong>talep<\/strong> ve <strong>\u00f6nerilerini<\/strong> dinledi.<\/p>\n<p>Toplant\u0131ya,<em> SEDA\u015e Da\u011f\u0131t\u0131m Operasyonlar\u0131 Direkt\u00f6r\u00fc Burhan Ak, Bolu B\u00f6lge M\u00fcd\u00fcr\u00fc Serkan Yi\u011fit, SEDA\u015e Kurumsal \u0130leti\u015fim ve M\u00fc\u015fteri \u0130li\u015fkileri M\u00fcd\u00fcr\u00fc Efsun Ergin, Bolu Muhtarlar\u0131 Dernek Ba\u015fkan\u0131 Fikret \u00d6zen ve SEDA\u015e Bolu B\u00f6lge Y\u00f6neticileri<\/em> kat\u0131l\u0131m sa\u011flad\u0131.<strong> SEDA\u015e y\u00f6neticileri, muhtar dernek ba\u015fkanlar\u0131yla<\/strong> etkin ileti\u015fim y\u00fcr\u00fctmek amac\u0131yla d\u00fczenledi\u011fi ziyaretleri <strong>Bolu\u2019da<\/strong> s\u00fcrd\u00fcrd\u00fc.<\/p>\n<p>Bolu b\u00f6lgesinin <strong>altyap\u0131, bak\u0131m, onar\u0131m <\/strong>ve <strong>yenileme<\/strong> \u00e7al\u0131\u015fmalar\u0131yla ilgili g\u00fcncel yat\u0131r\u0131m planlamalar\u0131n\u0131 payla\u015fan SEDA\u015e y\u00f6neticileri, vatanda\u015fa kesintisiz enerji hizmeti vermeyi ama\u00e7lad\u0131klar\u0131n\u0131n alt\u0131n\u0131 \u00e7izdi. Toplant\u0131da muhtarlar\u0131n<strong> talep<\/strong> ve<strong> \u00f6nerileri dinlenerek<\/strong> kar\u015f\u0131l\u0131kl\u0131 <strong>fikir al\u0131\u015fveri\u015finde<\/strong> bulunuldu. <em>Bolu Muhtarlar\u0131 Dernek Ba\u015fkan\u0131<\/em> <strong>Fikret \u00d6zen<\/strong> toplant\u0131n\u0131n d\u00fczenlenmesinde eme\u011fi ge\u00e7en S<strong>EDA\u015e y\u00f6neticilerine<\/strong> te\u015fekk\u00fcr ederek, <strong>\u00e7al\u0131\u015fmalar\u0131nda ba\u015far\u0131lar diledi<\/strong>.<\/p>","protected":false},"excerpt":{"rendered":"<p>Sorry, this entry is only available in Turkish. For the sake of viewer convenience, the content is shown below in the alternative language. You may click the link to switch the active language. Sakarya Elektrik Da\u011f\u0131t\u0131m A\u015e (SEDA\u015e) y\u00f6neticileri, Bolu\u2019da muhtar dernek ba\u015fkanlar\u0131 ile bir araya geldi. SEDA\u015e \u00dcst Y\u00f6netim Ekibinin muhtar dernek ba\u015fkanlar\u0131 ile [&hellip;]<\/p>\n","protected":false},"author":1,"featured_media":162745,"comment_status":"open","ping_status":"open","sticky":false,"template":"","format":"standard","meta":[],"categories":[51,53],"tags":[103234,26353,106078,45677],"views":87,"_links":{"self":[{"href":"https:\/\/www.enerjigazetesi.ist\/en\/wp-json\/wp\/v2\/posts\/162742"}],"collection":[{"href":"https:\/\/www.enerjigazetesi.ist\/en\/wp-json\/wp\/v2\/posts"}],"about":[{"href":"https:\/\/www.enerjigazetesi.ist\/en\/wp-json\/wp\/v2\/types\/post"}],"author":[{"embeddable":true,"href":"https:\/\/www.enerjigazetesi.ist\/en\/wp-json\/wp\/v2\/users\/1"}],"replies":[{"embeddable":true,"href":"https:\/\/www.enerjigazetesi.ist\/en\/wp-json\/wp\/v2\/comments?post=162742"}],"version-history":[{"count":0,"href":"https:\/\/www.enerjigazetesi.ist\/en\/wp-json\/wp\/v2\/posts\/162742\/revisions"}],"wp:featuredmedia":[{"embeddable":true,"href":"https:\/\/www.enerjigazetesi.ist\/en\/wp-json\/wp\/v2\/media\/162745"}],"wp:attachment":[{"href":"https:\/\/www.enerjigazetesi.ist\/en\/wp-json\/wp\/v2\/media?parent=162742"}],"wp:term":[{"taxonomy":"category","embeddable":true,"href":"https:\/\/www.enerjigazetesi.ist\/en\/wp-json\/wp\/v2\/categories?post=162742"},{"taxonomy":"post_tag","embeddable":true,"href":"https:\/\/www.enerjigazetesi.ist\/en\/wp-json\/wp\/v2\/tags?post=162742"}],"curies":[{"name":"wp","href":"https:\/\/api.w.org\/{rel}","templated":true}]}}