{"id":162698,"date":"2022-11-09T12:33:08","date_gmt":"2022-11-09T09:33:08","guid":{"rendered":"https:\/\/www.enerjigazetesi.ist\/?p=162698"},"modified":"2022-11-09T12:37:20","modified_gmt":"2022-11-09T09:37:20","slug":"net-zero-is-zekasi-platformu-faradai-2-4m-pre-series-a-yatirimi-aldi","status":"publish","type":"post","link":"https:\/\/www.enerjigazetesi.ist\/en\/net-zero-is-zekasi-platformu-faradai-2-4m-pre-series-a-yatirimi-aldi\/","title":{"rendered":"(Turkish) Net Zero \u0130\u015f Zekas\u0131 Platformu Faradai, $2.4M Pre-Series A Yat\u0131r\u0131m\u0131 Ald\u0131"},"content":{"rendered":"<p class=\"qtranxs-available-languages-message qtranxs-available-languages-message-en\">Sorry, this entry is only available in <a href=\"https:\/\/www.enerjigazetesi.ist\/tr\/wp-json\/wp\/v2\/posts\/162698\" class=\"qtranxs-available-language-link qtranxs-available-language-link-tr\" title=\"Turkish\">Turkish<\/a>. For the sake of viewer convenience, the content is shown below in the alternative language. You may click the link to switch the active language.<\/p><p><\/p>\n<h2><strong>\u0130stanbul merkezli Reengen\u2019in \u00e7at\u0131 \u015firketi olan Londra merkezli Net Zero \u0130\u015f Zekas\u0131 Platformu Faradai, $2.4M Pre-Series A yat\u0131r\u0131m\u0131 ald\u0131!<\/strong><\/h2>\n<p style=\"text-align: center;\"><img loading=\"lazy\" class=\"aligncenter wp-image-162699\" src=\"https:\/\/www.enerjigazetesi.ist\/wp-content\/uploads\/2022\/11\/Faradai-Team-Picture.jpg\" alt=\"\" width=\"500\" height=\"334\" srcset=\"https:\/\/www.enerjigazetesi.ist\/wp-content\/uploads\/2022\/11\/Faradai-Team-Picture.jpg 550w, https:\/\/www.enerjigazetesi.ist\/wp-content\/uploads\/2022\/11\/Faradai-Team-Picture-300x200.jpg 300w, https:\/\/www.enerjigazetesi.ist\/wp-content\/uploads\/2022\/11\/Faradai-Team-Picture-500x334.jpg 500w, https:\/\/www.enerjigazetesi.ist\/wp-content\/uploads\/2022\/11\/Faradai-Team-Picture-75x50.jpg 75w, https:\/\/www.enerjigazetesi.ist\/wp-content\/uploads\/2022\/11\/Faradai-Team-Picture-450x300.jpg 450w\" sizes=\"(max-width: 500px) 100vw, 500px\" \/><\/p>\n<p>Londra merkezli Faradai, global yat\u0131r\u0131mc\u0131lar\u0131n kat\u0131ld\u0131\u011f\u0131 <strong>Pre-Series A<\/strong> yat\u0131r\u0131m turunda, <strong>enerji <\/strong>ve<strong> karbon i\u015f zekas\u0131 platformu<\/strong>nu globalle\u015ftirmek i\u00e7in <strong>$2.4M<\/strong> yat\u0131r\u0131m ald\u0131.<\/p>\n<p>2021 y\u0131l\u0131na kadar \u0130stanbul merkezli olarak faaliyet g\u00f6steren <strong>Reengen<\/strong>, merkezini Londra\u2019ya ta\u015f\u0131yarak, globalde <strong>Faradai markas\u0131<\/strong> ile yoluna devam etmi\u015fti.<\/p>\n<p>Yat\u0131r\u0131m turuna \u0130ngiltere merkezli Edenbase ve \u0130svi\u00e7re merkezli Sangha Capital fonlar\u0131 liderlik yapt\u0131. Tura, Zoom ve Canva\u2019n\u0131n da erken a\u015fama yat\u0131r\u0131mc\u0131s\u0131 olan Bill Tai\u2019nin kurucusu oldu\u011fu Silikon Vadisi merkezli ACTAI Ventures, \u0130ngiltere merkezli gayrimenkul ve in\u015faat teknolojileri fonu Goldacre, Singapur merkezli teknoloji fonu EthAum Ventures, Goldman Sachs \u0130ngiltere\u2019den yat\u0131r\u0131m profesyonelleri, T\u00fcrkiye\u2019den Mono Mimarl\u0131k, Birle\u015fik Arap Emirlikleri ve Hindistan\u2019dan melek yat\u0131r\u0131mc\u0131lar kat\u0131ld\u0131. \u015eirketin \u00f6nceki yat\u0131r\u0131mc\u0131lar\u0131 aras\u0131nda Amerika men\u015feli etki yat\u0131r\u0131m fonu Capria Ventures, Faruk Eczac\u0131ba\u015f\u0131, Cem T\u00fcfek\u00e7i ve Kerim Sengir bulunuyor.<\/p>\n<p style=\"text-align: center;\"><img loading=\"lazy\" class=\"aligncenter wp-image-162701\" src=\"https:\/\/www.enerjigazetesi.ist\/wp-content\/uploads\/2022\/11\/platform-image-faradai-energy-.jpg\" alt=\"\" width=\"500\" height=\"281\" srcset=\"https:\/\/www.enerjigazetesi.ist\/wp-content\/uploads\/2022\/11\/platform-image-faradai-energy-.jpg 550w, https:\/\/www.enerjigazetesi.ist\/wp-content\/uploads\/2022\/11\/platform-image-faradai-energy--300x169.jpg 300w, https:\/\/www.enerjigazetesi.ist\/wp-content\/uploads\/2022\/11\/platform-image-faradai-energy--500x281.jpg 500w, https:\/\/www.enerjigazetesi.ist\/wp-content\/uploads\/2022\/11\/platform-image-faradai-energy--80x45.jpg 80w\" sizes=\"(max-width: 500px) 100vw, 500px\" \/><\/p>\n<h3><strong>U\u00e7tan Uca Dijital Net Zero Navigasyonu<\/strong><\/h3>\n<p>Faradai, enerji t\u00fcketim ve karbon emisyon verilerinin toplanmas\u0131, analizi, raporlanmas\u0131 ve topyek\u00fcn emisyon d\u00fc\u015f\u00fc\u015f\u00fc i\u00e7in kurumsal analitik platformu sa\u011fl\u0131yor. Halihaz\u0131rda 16 \u00fclkede 18.000\u2019in \u00fczerinde tesisin enerji ve karbon emisyon y\u00f6netimini yapan Faradai; <strong>Shell, IKEA, \u0130\u015f Bankas\u0131, \u0130BB, Pepsico, Vodafone, M&amp;S, Mediamarkt, Garanti Bankas\u0131, TEB, Sephora, QNB Finansbank, GAP, Odeabank, Yemek Sepeti, Aygaz, SOCAR ve DHL<\/strong> gibi bir\u00e7ok uluslararas\u0131 kuruma hizmet veriyor.<\/p>\n<p><strong>Faradai Net Zero Intelligence Platformu<\/strong>\u2019nun kullan\u0131c\u0131lar\u0131, t\u00fcm <strong>enerji t\u00fcketim verilerini<\/strong> ger\u00e7ek zamanl\u0131 olarak tesislerden toplay\u0131p, analiz edip, <strong>Scope 1-2-3 karbon emisyon raporlamalar\u0131<\/strong>n\u0131 yaparak hem <strong>%20<\/strong>\u2019ye varan enerji tasarrufu yap\u0131yor, hem de<strong> standartlara<\/strong> ve <strong>reg\u00fclasyonlara uyumluluk<\/strong> sa\u011fl\u0131yor. 2021 y\u0131l\u0131nda <strong>55 milyon ton<\/strong> karbon emisyonunu y\u00f6neten ve raporlayan Faradai, her sene bu say\u0131y\u0131<strong> 2&#8217;ye<\/strong> katlamay\u0131 hedefliyor.<\/p>\n<p>Platform, <strong><em>farkl\u0131 yaz\u0131l\u0131mlardan, sens\u00f6rlerden, ve tesis altyap\u0131lar\u0131ndan \u00e7evresel, operasyonel ve finansal verilerin toplan\u0131\u015f\u0131n\u0131 otomatize ederek<\/em><\/strong>, kurumlar\u0131n topyek\u00fcn de\u011fer zincirlerinin emisyonunu izlenebilir k\u0131l\u0131yor. <strong>Bilim Tabanl\u0131 Hedefleme \u0130nsiyatifi\u00a0 (Science Based Targets Initiative) ve Sera Gaz\u0131 Emisyon Raporlama (GHG Emission Standards) Standartlar\u0131<\/strong>n\u0131 baz alarak, i\u015fletmelerin <strong>net zero hedeflerine<\/strong> ula\u015fmalar\u0131n\u0131 kolayla\u015ft\u0131ran<strong> Faradai<\/strong>, bunun \u00fczerine<strong> IoT platform altyap\u0131s\u0131<\/strong> ile <strong>karbonsuzla\u015fma projeleri<\/strong>nin takibini ve performans raporlamas\u0131n\u0131 da yap\u0131yor.<\/p>\n<p style=\"text-align: center;\"><img loading=\"lazy\" class=\"aligncenter wp-image-162711\" src=\"https:\/\/www.enerjigazetesi.ist\/wp-content\/uploads\/2022\/11\/founder-team.jpg\" alt=\"\" width=\"500\" height=\"358\" srcset=\"https:\/\/www.enerjigazetesi.ist\/wp-content\/uploads\/2022\/11\/founder-team.jpg 550w, https:\/\/www.enerjigazetesi.ist\/wp-content\/uploads\/2022\/11\/founder-team-300x215.jpg 300w, https:\/\/www.enerjigazetesi.ist\/wp-content\/uploads\/2022\/11\/founder-team-500x358.jpg 500w, https:\/\/www.enerjigazetesi.ist\/wp-content\/uploads\/2022\/11\/founder-team-70x50.jpg 70w\" sizes=\"(max-width: 500px) 100vw, 500px\" \/><\/p>\n<h3><strong>Ger\u00e7ek zamanl\u0131 veri analizi olmadan net zero emisyona ula\u015fmak sadece bir fantaziden ibaret<\/strong><\/h3>\n<p>Faradai kurucular\u0131<em> \u015eahin \u00c7a\u011flayan, Burak Sefer ve Utku Simitli,<\/em> misyonlar\u0131n\u0131 \u2018\u2019S\u00fcrd\u00fcr\u00fclebilir bir gelecek i\u00e7in veri ve analiz \u00e7\u00f6z\u00fcmleri sa\u011flamak\u2019\u2019 olarak belirtiyor. Faradai\u2019\u0131n vizyonunun arkas\u0131nda ise \u2018<strong>\u2019Enerji yeni internettir\u2019\u2019, \u2018\u2019Yapay zeka yeni elektriktir\u2019\u2019 <\/strong>ve <strong>\u2018\u2019S\u00fcrd\u00fcr\u00fclebilirlik yeni dijitaldir\u2019\u2019<\/strong> felsefeleri yat\u0131yor. T\u00fcrkiye\u2019den \u00e7\u0131k\u0131p globalde s\u00f6z sahibi olan bir etki odakl\u0131 <strong>teknoloji \u015firketi \u00e7\u0131karman\u0131n<\/strong> en b\u00fcy\u00fck hedefleri oldu\u011funu vurguluyorlar.<\/p>\n<p><em>&#8220;<strong>Giri\u015fimcilik ekosisteminde,<\/strong> insanlar\u0131<strong> daha \u00e7ok t\u00fcketmeye<\/strong> y\u00f6nlendiren veya <strong>katma de\u011fer yaratmadan g\u00fcn\u00fcn trendlerine<\/strong> g\u00f6re pop\u00fcler olan \u015firketlere yat\u0131r\u0131m yapmaya bir meyil var. Biz Birle\u015fmi\u015f Milletler\u2019in s\u00fcrd\u00fcr\u00fclebilir kalk\u0131nma hedeflerini baz alan bir \u015firketin de<strong> unicorn<\/strong> olabilece\u011fini g\u00f6sterip, <strong>gen\u00e7 giri\u015fimcilere<\/strong> \u00f6rnek olmay\u0131 hedefliyoruz.&#8221;<\/em><\/p>\n<p>Bunun yan\u0131nda, bir\u00e7ok kurumun net zero hedefleri koydu\u011funu, fakat hedef koyman\u0131n bu i\u015fin sadece ba\u015flang\u0131c\u0131 oldu\u011funu, as\u0131l zor olan k\u0131sm\u0131n <strong>Kapsam 1-2-3 emisyon verilerini<\/strong> eksiksiz bir \u015fekilde toplamak, raporlamak ve her \u015feyden \u00f6nemlisi karbonsuzla\u015fma projelerini uygulamak ve takip etmek oldu\u011funu belirtiyorlar. <strong>Faradai Net Zero \u0130\u015f Zekas\u0131 Platformu<\/strong>\u2019nun <strong>nesnelerin interneti<\/strong> ve <strong>yapay zeka<\/strong> yetkinlikleri ile<em> ger\u00e7ek zamanl\u0131 veri toplama, anormallikleri tespit<\/em> ederek <strong>karbon ayak izini d\u00fc\u015f\u00fcrecek<\/strong> aksiyonlar ald\u0131rmas\u0131 rakiplerinden farkl\u0131 sundu\u011fu katma de\u011ferler olarak \u00f6ne \u00e7\u0131kar\u0131l\u0131yor.<\/p>\n<p>Faradai CEO\u2019su \u015eahin \u00c7a\u011flayan, ald\u0131klar\u0131 yat\u0131r\u0131m\u0131n, <strong>Net Zero \u0130\u015f Zekas\u0131 Platformu<\/strong>\u2019nun yol plan\u0131ndaki \u00fcr\u00fcn geli\u015ftirmelerini yapmak, s\u00fcrd\u00fcr\u00fclebilirlik uzman havuzunun<strong> geni\u015fletmek<\/strong> ve \u00f6zellikle <strong>\u0130ngiltere, Avrupa, Orta Do\u011fu <\/strong>ve<strong> Asya Pasifik<\/strong> ba\u015fta olmak \u00fczere<strong> global pazarlara a\u00e7\u0131l\u0131m\u0131 h\u0131zland\u0131rmak<\/strong> i\u00e7in kullan\u0131laca\u011f\u0131n\u0131 belirtti.<\/p>","protected":false},"excerpt":{"rendered":"<p>Sorry, this entry is only available in Turkish. For the sake of viewer convenience, the content is shown below in the alternative language. You may click the link to switch the active language. \u0130stanbul merkezli Reengen\u2019in \u00e7at\u0131 \u015firketi olan Londra merkezli Net Zero \u0130\u015f Zekas\u0131 Platformu Faradai, $2.4M Pre-Series A yat\u0131r\u0131m\u0131 ald\u0131! Londra merkezli Faradai, [&hellip;]<\/p>\n","protected":false},"author":1,"featured_media":162699,"comment_status":"open","ping_status":"open","sticky":false,"template":"","format":"standard","meta":[],"categories":[53,52],"tags":[103,106058,88718,106060,106059,106057,49130],"views":107,"_links":{"self":[{"href":"https:\/\/www.enerjigazetesi.ist\/en\/wp-json\/wp\/v2\/posts\/162698"}],"collection":[{"href":"https:\/\/www.enerjigazetesi.ist\/en\/wp-json\/wp\/v2\/posts"}],"about":[{"href":"https:\/\/www.enerjigazetesi.ist\/en\/wp-json\/wp\/v2\/types\/post"}],"author":[{"embeddable":true,"href":"https:\/\/www.enerjigazetesi.ist\/en\/wp-json\/wp\/v2\/users\/1"}],"replies":[{"embeddable":true,"href":"https:\/\/www.enerjigazetesi.ist\/en\/wp-json\/wp\/v2\/comments?post=162698"}],"version-history":[{"count":0,"href":"https:\/\/www.enerjigazetesi.ist\/en\/wp-json\/wp\/v2\/posts\/162698\/revisions"}],"wp:featuredmedia":[{"embeddable":true,"href":"https:\/\/www.enerjigazetesi.ist\/en\/wp-json\/wp\/v2\/media\/162699"}],"wp:attachment":[{"href":"https:\/\/www.enerjigazetesi.ist\/en\/wp-json\/wp\/v2\/media?parent=162698"}],"wp:term":[{"taxonomy":"category","embeddable":true,"href":"https:\/\/www.enerjigazetesi.ist\/en\/wp-json\/wp\/v2\/categories?post=162698"},{"taxonomy":"post_tag","embeddable":true,"href":"https:\/\/www.enerjigazetesi.ist\/en\/wp-json\/wp\/v2\/tags?post=162698"}],"curies":[{"name":"wp","href":"https:\/\/api.w.org\/{rel}","templated":true}]}}