{"id":16264,"date":"2013-10-08T09:05:34","date_gmt":"2013-10-08T06:05:34","guid":{"rendered":"https:\/\/www.enerjigazetesi.ist\/?p=16264"},"modified":"2013-10-08T09:05:34","modified_gmt":"2013-10-08T06:05:34","slug":"iklim-degisikligi-ve-hava-yonetimi-koordinasyon-kurulu-kuruldu","status":"publish","type":"post","link":"https:\/\/www.enerjigazetesi.ist\/en\/iklim-degisikligi-ve-hava-yonetimi-koordinasyon-kurulu-kuruldu\/","title":{"rendered":"(Turkish) \u0130klim De\u011fi\u015fikli\u011fi ve Hava Y\u00f6netimi Koordinasyon Kurulu Kuruldu"},"content":{"rendered":"<p class=\"qtranxs-available-languages-message qtranxs-available-languages-message-en\">Sorry, this entry is only available in <a href=\"https:\/\/www.enerjigazetesi.ist\/tr\/wp-json\/wp\/v2\/posts\/16264\" class=\"qtranxs-available-language-link qtranxs-available-language-link-tr\" title=\"Turkish\">Turkish<\/a>. For the sake of viewer convenience, the content is shown below in the alternative language. You may click the link to switch the active language.<\/p><p><strong>\u0130klim de\u011fi\u015fikli\u011fiyle m\u00fccadele ve hava emisyonlar\u0131 y\u00f6netimi faaliyetlerinde bulunmak \u00fczere \u0130klim De\u011fi\u015fikli\u011fi ve Hava Y\u00f6netimi Koordinasyon Kurulu kuruldu\u011funu bildirdi.<\/strong><\/p>\n<p>Bug\u00fcn Resmi Gazete\u2019de yay\u0131nlanarak y\u00fcr\u00fcrl\u00fc\u011fe giren genelge ile iklim de\u011fi\u015fikli\u011fi ile m\u00fccadele ve hava emisyonlar\u0131 y\u00f6netimi konular\u0131n\u0131n birbiriyle ili\u015fkili ve b\u00fct\u00fcnc\u00fcl olarak ele al\u0131nmas\u0131 gereken konular olmas\u0131 ve ulusal \u00f6l\u00e7ekte ilgili kurum ve kurulu\u015flar\u0131n ortak olmas\u0131 nedeniyle daha \u00f6nce kurulmu\u015f olan \u201c\u0130klim De\u011fi\u015fikli\u011fi Koordinasyon Kurulu\u201d ve &#8220;Hava Emisyonlar\u0131 Koordinasyon Kurulu&#8220; birle\u015ftirilerek \u201c\u0130klim De\u011fi\u015fikli\u011fi ve Hava Y\u00f6netimi Koordinasyon Kurulu\u201d (Kurul) ad\u0131yla yeniden yap\u0131land\u0131r\u0131ld\u0131.<\/p>\n<p><strong>AMA\u00c7 KOORD\u0130NASYON VE \u0130\u015eB\u0130RL\u0130\u011e\u0130N\u0130N SA\u011eLANMASI<\/strong><br \/>\nKurulun kurulu\u015f amac\u0131 genelgede \u015fu \u015fekilde ifade ediliyor : \u201c\u0130mzalanan uluslararas\u0131 s\u00f6zle\u015fmeve protokoller ile i\u00e7 mevzuat\u0131m\u0131zdan kaynaklanan sorumluluklar \u00e7er\u00e7evesinde; ulusal hava emisyonlar\u0131 ile sera gaz\u0131 emisyonlar\u0131 envanterinin <a href=\"https:\/\/www.enerjigazetesi.ist\/wp-content\/uploads\/2013\/10\/iklim-degisikligi-ve-hava-yonetimi-koordinasyon-kuruldu.jpg\"><img loading=\"lazy\" class=\"alignright size-medium wp-image-16265\" title=\"iklim-degisikligi-ve-hava-yonetimi-koordinasyon-kuruldu\" src=\"https:\/\/www.enerjigazetesi.ist\/wp-content\/uploads\/2013\/10\/iklim-degisikligi-ve-hava-yonetimi-koordinasyon-kuruldu-300x199.jpg\" alt=\"\" width=\"300\" height=\"199\" srcset=\"https:\/\/www.enerjigazetesi.ist\/wp-content\/uploads\/2013\/10\/iklim-degisikligi-ve-hava-yonetimi-koordinasyon-kuruldu-300x199.jpg 300w, https:\/\/www.enerjigazetesi.ist\/wp-content\/uploads\/2013\/10\/iklim-degisikligi-ve-hava-yonetimi-koordinasyon-kuruldu-75x50.jpg 75w, https:\/\/www.enerjigazetesi.ist\/wp-content\/uploads\/2013\/10\/iklim-degisikligi-ve-hava-yonetimi-koordinasyon-kuruldu.jpg 448w\" sizes=\"(max-width: 300px) 100vw, 300px\" \/><\/a>\u00fclkemize \u00f6zg\u00fc bilgileri i\u00e7erecek \u015fekilde iyile\u015ftirilebilmesi, sekt\u00f6rel olarak emisyon olu\u015fumuna katk\u0131s\u0131 bulunan faaliyet alanlar\u0131na ba\u011fl\u0131 detayl\u0131 bilgi toplanabilmesi, ulusal emisyon fakt\u00f6rlerinin geli\u015ftirilebilmesi, iklim de\u011fi\u015fikli\u011finin zararl\u0131 etkilerinin \u00f6nlenmesi i\u00e7in gerekli tedbirlerin al\u0131nmas\u0131, bu konuda \u00fclkemizin \u015fartlar\u0131 da dikkate al\u0131narak uygun i\u00e7 ve d\u0131\u015f politikalar\u0131n belirlenmesi, emisyon azalt\u0131m\u0131na esas stratejilerin ortaya konulmas\u0131 amac\u0131yla ilgili kurum ve kurulu\u015flar aras\u0131nda koordinasyon ve i\u015fbirli\u011finin sa\u011flanmas\u0131 \u00f6nem arz etmektedir\u201d.<\/p>\n<p><strong>KURUL GEN\u0130\u015e B\u0130R KATILIMLA OLU\u015eTURULDU<\/strong><br \/>\nKurul, \u00c7evre ve \u015eehircilik Bakan\u0131\u2019n\u0131n Ba\u015fkanl\u0131\u011f\u0131nda; Avrupa Birli\u011fi, Bilim, Sanayi ve Teknoloji, D\u0131\u015fi\u015fleri, Ekonomi, Enerji ve Tabii Kaynaklar, G\u0131da, Tar\u0131m ve Hayvanc\u0131l\u0131k, \u0130\u00e7i\u015fleri, Kalk\u0131nma, Maliye, Milli E\u011fitim, Orman ve Su \u0130\u015fleri, Sa\u011fl\u0131k, Ula\u015ft\u0131rma, Denizcilik ve Haberle\u015fme Bakanl\u0131klar\u0131n\u0131n M\u00fcste\u015farlar\u0131, Hazine M\u00fcste\u015far\u0131, T\u00fcrkiye Odalar ve Borsalar Birli\u011fi (TOBB) Ba\u015fkan\u0131, T\u00fcrk Sanayici ve \u0130\u015fadamlar\u0131 Derne\u011fi (T\u00dcS\u0130AD) ve M\u00fcstakil Sanayici ve \u0130\u015fadamlar\u0131 Derne\u011fi (M\u00dcS\u0130AD) Genel Sekreterlerinin kat\u0131l\u0131m\u0131yla olu\u015fturuldu.<\/p>\n<p><strong>KOORD\u0130NASYON \u00c7EVRE VE \u015eEH\u0130RC\u0130L\u0130K BAKANLI\u011eI\u2019NCA Y\u00dcR\u00dcT\u00dcLECEK<\/strong><br \/>\nKurul y\u0131lda en az bir defa toplanacak, \u00e7al\u0131\u015fma usul ve esaslar\u0131 Kurul taraf\u0131ndan belirlenecek, Kurul taraf\u0131ndan al\u0131nan kararlar ilgili kurum ve kurulu\u015flarca uygulanacak, Kurulun Sekretarya hizmetleri ve koordinasyon i\u015fleri \u00c7evre ve \u015eehircilik Bakanl\u0131\u011f\u0131 taraf\u0131ndan y\u00fcr\u00fct\u00fclecek.<\/p>\n<p>Kurul taraf\u0131ndan ihtiya\u00e7 duyulmas\u0131 halinde; alt kurul, komite, dan\u0131\u015fma gruplar\u0131 ile ge\u00e7ici ve kal\u0131c\u0131 \u00e7al\u0131\u015fma gruplar\u0131 olu\u015fturulabilecek. \u0130lgili kamu kurum ve kurulu\u015flar\u0131n\u0131n yan\u0131 s\u0131ra \u00dcniversiteler, Sivil Toplum Kurulu\u015flar\u0131, Meslek Birlikleri ve \u00f6zel sekt\u00f6r temsilcileri Kurul toplant\u0131lar\u0131na davet edilebilecek, alt kurul, komite ve \u00e7al\u0131\u015fma gruplar\u0131nda yer alabilecekler.<\/p>\n<p>Kaynak: <a href=\"http:\/\/enerjigunlugu.net\/iklim-degisikligi-ve-hava-yonetimi-koordinasyon-ku_5136.html\" target=\"_blank\">Enerji G\u00fcnl\u00fc\u011f\u00fc<\/a><\/p>","protected":false},"excerpt":{"rendered":"<p>Sorry, this entry is only available in Turkish. For the sake of viewer convenience, the content is shown below in the alternative language. You may click the link to switch the active language.\u0130klim de\u011fi\u015fikli\u011fiyle m\u00fccadele ve hava emisyonlar\u0131 y\u00f6netimi faaliyetlerinde bulunmak \u00fczere \u0130klim De\u011fi\u015fikli\u011fi ve Hava Y\u00f6netimi Koordinasyon Kurulu kuruldu\u011funu bildirdi. Bug\u00fcn Resmi Gazete\u2019de yay\u0131nlanarak [&hellip;]<\/p>\n","protected":false},"author":1,"featured_media":16265,"comment_status":"open","ping_status":"open","sticky":false,"template":"","format":"standard","meta":[],"categories":[53],"tags":[63,67,1009,165,9378,9376,9375,1999,4531,9377],"views":1018,"_links":{"self":[{"href":"https:\/\/www.enerjigazetesi.ist\/en\/wp-json\/wp\/v2\/posts\/16264"}],"collection":[{"href":"https:\/\/www.enerjigazetesi.ist\/en\/wp-json\/wp\/v2\/posts"}],"about":[{"href":"https:\/\/www.enerjigazetesi.ist\/en\/wp-json\/wp\/v2\/types\/post"}],"author":[{"embeddable":true,"href":"https:\/\/www.enerjigazetesi.ist\/en\/wp-json\/wp\/v2\/users\/1"}],"replies":[{"embeddable":true,"href":"https:\/\/www.enerjigazetesi.ist\/en\/wp-json\/wp\/v2\/comments?post=16264"}],"version-history":[{"count":1,"href":"https:\/\/www.enerjigazetesi.ist\/en\/wp-json\/wp\/v2\/posts\/16264\/revisions"}],"predecessor-version":[{"id":16266,"href":"https:\/\/www.enerjigazetesi.ist\/en\/wp-json\/wp\/v2\/posts\/16264\/revisions\/16266"}],"wp:featuredmedia":[{"embeddable":true,"href":"https:\/\/www.enerjigazetesi.ist\/en\/wp-json\/wp\/v2\/media\/16265"}],"wp:attachment":[{"href":"https:\/\/www.enerjigazetesi.ist\/en\/wp-json\/wp\/v2\/media?parent=16264"}],"wp:term":[{"taxonomy":"category","embeddable":true,"href":"https:\/\/www.enerjigazetesi.ist\/en\/wp-json\/wp\/v2\/categories?post=16264"},{"taxonomy":"post_tag","embeddable":true,"href":"https:\/\/www.enerjigazetesi.ist\/en\/wp-json\/wp\/v2\/tags?post=16264"}],"curies":[{"name":"wp","href":"https:\/\/api.w.org\/{rel}","templated":true}]}}