{"id":162609,"date":"2022-11-08T13:55:06","date_gmt":"2022-11-08T10:55:06","guid":{"rendered":"https:\/\/www.enerjigazetesi.ist\/?p=162609"},"modified":"2022-11-08T14:42:01","modified_gmt":"2022-11-08T11:42:01","slug":"nordex-grup-ceo-su-jose-luis-blanco-turkiye-yi-ziyaret-etti","status":"publish","type":"post","link":"https:\/\/www.enerjigazetesi.ist\/en\/nordex-grup-ceo-su-jose-luis-blanco-turkiye-yi-ziyaret-etti\/","title":{"rendered":"(Turkish) Nordex Grup CEO\u2019su Jose Luis Blanco T\u00fcrkiye\u2019yi Ziyaret Etti"},"content":{"rendered":"<p class=\"qtranxs-available-languages-message qtranxs-available-languages-message-en\">Sorry, this entry is only available in <a href=\"https:\/\/www.enerjigazetesi.ist\/tr\/wp-json\/wp\/v2\/posts\/162609\" class=\"qtranxs-available-language-link qtranxs-available-language-link-tr\" title=\"Turkish\">Turkish<\/a>. For the sake of viewer convenience, the content is shown below in the alternative language. You may click the link to switch the active language.<\/p><p><\/p>\n<h2>03 Kas\u0131m tarihinde organize edilen gezi ile, Nordex Grup CEO\u2019su Jose Luis Blanco ile birlikte Nordex Grup Avrupa CEO\u2019su \u0130brahim \u00d6zarslan, CPO Wim Geldhof ve Chief Service Officer Miguel Ezpeleta \u0130zmir\u2019de bulunan Nordex Servis ve Teknik E\u011fitim Merkezi\u2019ni ziyaret etti.<strong><img loading=\"lazy\" class=\"alignright wp-image-162620\" src=\"https:\/\/www.enerjigazetesi.ist\/wp-content\/uploads\/2022\/11\/nordex-grup-ceo-su-jose-luis-blanco-turkiye-yi-ziyaret-etti-2.jpg\" alt=\"\" width=\"320\" height=\"214\" srcset=\"https:\/\/www.enerjigazetesi.ist\/wp-content\/uploads\/2022\/11\/nordex-grup-ceo-su-jose-luis-blanco-turkiye-yi-ziyaret-etti-2.jpg 550w, https:\/\/www.enerjigazetesi.ist\/wp-content\/uploads\/2022\/11\/nordex-grup-ceo-su-jose-luis-blanco-turkiye-yi-ziyaret-etti-2-300x200.jpg 300w, https:\/\/www.enerjigazetesi.ist\/wp-content\/uploads\/2022\/11\/nordex-grup-ceo-su-jose-luis-blanco-turkiye-yi-ziyaret-etti-2-500x334.jpg 500w, https:\/\/www.enerjigazetesi.ist\/wp-content\/uploads\/2022\/11\/nordex-grup-ceo-su-jose-luis-blanco-turkiye-yi-ziyaret-etti-2-75x50.jpg 75w, https:\/\/www.enerjigazetesi.ist\/wp-content\/uploads\/2022\/11\/nordex-grup-ceo-su-jose-luis-blanco-turkiye-yi-ziyaret-etti-2-450x300.jpg 450w\" sizes=\"(max-width: 320px) 100vw, 320px\" \/><\/strong><\/h2>\n<p><strong>Nordex Servis <\/strong>ve<strong> Teknik E\u011fitim Merkezi<\/strong> b\u00fcnyesinde r\u00fczgar t\u00fcrbin ekipmanlar\u0131n\u0131n, e\u011fitim sim\u00fclat\u00f6rlerinin ve onayl\u0131 GWO (Global Wind Organisation) e\u011fitim sa\u011flay\u0131c\u0131s\u0131n\u0131n yer ald\u0131\u011f\u0131 bir\u00e7ok e\u011fitimle hem <strong>T\u00fcrkiye\u2019de<\/strong> hem de<strong> Avrupa\u2019da<\/strong> <strong>Nordex Grup i\u00e7i<\/strong> ve <strong>d\u0131\u015f\u0131nda<\/strong> bulunan bir\u00e7ok payda\u015fa <strong>sertifikal\u0131<\/strong> <strong>e\u011fitimler<\/strong> vermektedir.<\/p>\n<p><strong>Nordex Grup heyeti<\/strong>, bu ziyaretleri sonras\u0131nda <strong>kanat<\/strong> ve <strong>kule \u00fcretiminin<\/strong> yap\u0131ld\u0131\u011f\u0131 <strong>Menemen TPI Kompozit kanat fabrikas\u0131<\/strong> ile <strong>Alia\u011fa \u0130zmir CS Wind Kule fabrikas\u0131<\/strong>n\u0131 ziyaret etmi\u015ftir. Nordex\u2019in T\u00fcrkiye\u2019de yer alan <strong>kule, kanat, ankaraj ve jenerat\u00f6r yerli \u00fcretimleri<\/strong> hem<strong> T\u00fcrkiye<\/strong> pazar\u0131nda, hem de <strong>global pazarda <\/strong>her y\u0131l artarak devam etmektedir.<strong> Nordex Grup<\/strong> heyeti ziyaretinde T\u00fcrkiye pazar\u0131 ve Avrupa pazar\u0131 i\u00e7in hem <strong>\u00fcretim kapasitelerinin artt\u0131r\u0131lmas\u0131<\/strong> hem de <strong>yeni \u00fcr\u00fcnler<\/strong> i\u00e7in <strong>yat\u0131r\u0131m g\u00f6r\u00fc\u015fmelerini<\/strong> ger\u00e7ekle\u015ftirdi.<\/p>\n<p>2022 y\u0131l\u0131nda <strong>Nordex Grup<\/strong>\u2019un <strong>t\u00fcm d\u00fcnyada ki projeleri<\/strong> i\u00e7in T\u00fcrkiye\u2019deki <strong>ekipman \u00fcreticileri<\/strong> toplam <strong>130.000<\/strong> ton <strong>551<\/strong> adet kuleyi ve<strong> 635<\/strong> <em>set kanad\u0131<\/em> <strong>T\u00fcrkiye\u2019de \u00fcretimini tamamlam\u0131\u015f <\/strong>ve\u00a0ihracat\u0131n\u0131 ger\u00e7ekle\u015ftirmi\u015ftir.<\/p>","protected":false},"excerpt":{"rendered":"<p>Sorry, this entry is only available in Turkish. For the sake of viewer convenience, the content is shown below in the alternative language. You may click the link to switch the active language. 03 Kas\u0131m tarihinde organize edilen gezi ile, Nordex Grup CEO\u2019su Jose Luis Blanco ile birlikte Nordex Grup Avrupa CEO\u2019su \u0130brahim \u00d6zarslan, CPO [&hellip;]<\/p>\n","protected":false},"author":1,"featured_media":162621,"comment_status":"open","ping_status":"open","sticky":false,"template":"","format":"standard","meta":[],"categories":[51,53,50],"tags":[106033,106034,106032,106031,15890,36186,106030,106028,106029],"views":95,"_links":{"self":[{"href":"https:\/\/www.enerjigazetesi.ist\/en\/wp-json\/wp\/v2\/posts\/162609"}],"collection":[{"href":"https:\/\/www.enerjigazetesi.ist\/en\/wp-json\/wp\/v2\/posts"}],"about":[{"href":"https:\/\/www.enerjigazetesi.ist\/en\/wp-json\/wp\/v2\/types\/post"}],"author":[{"embeddable":true,"href":"https:\/\/www.enerjigazetesi.ist\/en\/wp-json\/wp\/v2\/users\/1"}],"replies":[{"embeddable":true,"href":"https:\/\/www.enerjigazetesi.ist\/en\/wp-json\/wp\/v2\/comments?post=162609"}],"version-history":[{"count":0,"href":"https:\/\/www.enerjigazetesi.ist\/en\/wp-json\/wp\/v2\/posts\/162609\/revisions"}],"wp:featuredmedia":[{"embeddable":true,"href":"https:\/\/www.enerjigazetesi.ist\/en\/wp-json\/wp\/v2\/media\/162621"}],"wp:attachment":[{"href":"https:\/\/www.enerjigazetesi.ist\/en\/wp-json\/wp\/v2\/media?parent=162609"}],"wp:term":[{"taxonomy":"category","embeddable":true,"href":"https:\/\/www.enerjigazetesi.ist\/en\/wp-json\/wp\/v2\/categories?post=162609"},{"taxonomy":"post_tag","embeddable":true,"href":"https:\/\/www.enerjigazetesi.ist\/en\/wp-json\/wp\/v2\/tags?post=162609"}],"curies":[{"name":"wp","href":"https:\/\/api.w.org\/{rel}","templated":true}]}}