{"id":162573,"date":"2022-11-07T21:45:02","date_gmt":"2022-11-07T18:45:02","guid":{"rendered":"https:\/\/www.enerjigazetesi.ist\/?p=162573"},"modified":"2022-11-07T21:50:09","modified_gmt":"2022-11-07T18:50:09","slug":"kentsel-donusumle-500-milyar-dolarlik-enerji-tasarrufu-saglanabilir","status":"publish","type":"post","link":"https:\/\/www.enerjigazetesi.ist\/en\/kentsel-donusumle-500-milyar-dolarlik-enerji-tasarrufu-saglanabilir\/","title":{"rendered":"(Turkish) Kentsel D\u00f6n\u00fc\u015f\u00fcmle 500 Milyar Dolarl\u0131k Enerji Tasarrufu Sa\u011flanabilir"},"content":{"rendered":"<p class=\"qtranxs-available-languages-message qtranxs-available-languages-message-en\">Sorry, this entry is only available in <a href=\"https:\/\/www.enerjigazetesi.ist\/tr\/wp-json\/wp\/v2\/posts\/162573\" class=\"qtranxs-available-language-link qtranxs-available-language-link-tr\" title=\"Turkish\">Turkish<\/a>. For the sake of viewer convenience, the content is shown below in the alternative language. You may click the link to switch the active language.<\/p><p><\/p>\n<h2>S\u00fcrd\u00fcr\u00fclebilirlik alan\u0131ndaki f\u0131rsatlar\u0131 daha g\u00fc\u00e7l\u00fc bir \u015fekilde vurgulamak hedefiyle harekete ge\u00e7en yap\u0131 sekt\u00f6r\u00fc, <strong>\u00c7evre Dostu Ye\u015fil Binalar Derne\u011fi<\/strong> (\u00c7EDB\u0130K) ev sahipli\u011finde, <strong>T.C. \u00c7evre, \u015eehircilik ve \u0130klim De\u011fi\u015fikli\u011fi Bakanl\u0131\u011f\u0131<\/strong> deste\u011fiyle \u201cYe\u015fil Binalar ve \u015eehirler Zirvesi\u201922&#8243;nde bir araya geldi.<\/h2>\n<p style=\"text-align: center;\"><img loading=\"lazy\" class=\"aligncenter size-full wp-image-162578\" src=\"https:\/\/www.enerjigazetesi.ist\/wp-content\/uploads\/2022\/11\/2022-11-07_212654.jpg\" alt=\"\" width=\"550\" height=\"310\" srcset=\"https:\/\/www.enerjigazetesi.ist\/wp-content\/uploads\/2022\/11\/2022-11-07_212654.jpg 550w, https:\/\/www.enerjigazetesi.ist\/wp-content\/uploads\/2022\/11\/2022-11-07_212654-300x169.jpg 300w, https:\/\/www.enerjigazetesi.ist\/wp-content\/uploads\/2022\/11\/2022-11-07_212654-500x282.jpg 500w, https:\/\/www.enerjigazetesi.ist\/wp-content\/uploads\/2022\/11\/2022-11-07_212654-80x45.jpg 80w\" sizes=\"(max-width: 550px) 100vw, 550px\" \/><\/p>\n<p><strong>Swiss\u00f4tel The Bosphorus &#8211; \u0130stanbul<\/strong>&#8216;da ger\u00e7ekle\u015ftirilen <strong>Ye\u015fil Binalar ve \u015eehirler Zirvesi\u201922&#8242;<\/strong>de bu y\u0131l <strong>&#8220;S\u0131f\u0131r\u0131n \u0130n\u015fas\u0131&#8221;<\/strong> ana temas\u0131 olarak i\u015flendi.<strong> 40\u2019a<\/strong> yak\u0131n konu\u015fmac\u0131, d\u00fcnya g\u00fcndemini kapsayan <strong>5<\/strong> \u00f6zel konu,<strong> 100\u2019e<\/strong> yak\u0131n kurum ve kurulu\u015fun yan\u0131nda toplam <strong>650\u2019ye<\/strong> yak\u0131n kat\u0131l\u0131mc\u0131n\u0131n yer ald\u0131\u011f\u0131 zirvede, <strong>&#8220;Binalar\u0131n gelece\u011fi, s\u00fcrd\u00fcr\u00fclebilir finansman, karbonsuzla\u015ft\u0131rma hedefleri<\/strong> ve <strong>d\u00f6ng\u00fcsel ekonomi&#8221;<\/strong> gibi konu ba\u015fl\u0131klar\u0131na de\u011finildi.<\/p>\n<h3><strong>Suver: YeS TR ile hedef \u00e7evreye daha az zarar veren binalar ve yerle\u015fim alanlar\u0131<\/strong><\/h3>\n<p>Zirve&#8217;nin a\u00e7\u0131l\u0131\u015f konu\u015fmas\u0131n\u0131 yapan <strong>T.C. \u00c7evre, \u015eehircilik ve \u0130klim De\u011fi\u015fikli\u011fi Bakan Yard\u0131mc\u0131s\u0131 Hasan Suver<\/strong>, <strong>ulusal ye\u015fil bina sertifikas\u0131<\/strong> olan <strong>YeS-TR<\/strong> ve <strong>s\u00fcrd\u00fcr\u00fclebilirlik kavramlar\u0131na<\/strong> de\u011findi.<\/p>\n<p><strong>Ye\u015fil bina uygulamalar\u0131n\u0131n<\/strong> enerji verimlili\u011fi ve \u00e7evrenin korunmas\u0131 a\u00e7\u0131s\u0131ndan son derece \u00f6nemli bir ad\u0131m oldu\u011funun alt\u0131n\u0131 \u00e7izerek konu\u015fmas\u0131na ba\u015flayan Bakan Yard\u0131mc\u0131s\u0131 Suver, T\u00fcrkiye&#8217;nin <strong>kendi ye\u015fil bina kriterlerini<\/strong> belirledi\u011fi <strong>YeS-TR sertifikas\u0131<\/strong>yla ilgili \u00f6nemli bilgiler payla\u015ft\u0131. Ye\u015fil binalar\u0131n de\u011ferlendirilmesi, derecelendirilmesi ve s\u00fcrd\u00fcr\u00fclebilirli\u011fin t<strong>asdikini sa\u011flayan yerli ve milli bir uygulama<\/strong> olan <strong>Ye\u015fil sertifika (YeS-TR) sistemini<\/strong> kullan\u0131ma haz\u0131r hale getirdiklerini s\u00f6yleyen Suver, bu sistem sayesinde bir binan\u0131n tasar\u0131m\u0131ndan kullan\u0131m\u0131na kadar ge\u00e7en b\u00fct\u00fcn s\u00fcre\u00e7leri <strong>\u00e7evresel, sosyal<\/strong> ve <strong>ekonomik<\/strong> olarak de\u011ferlendirdiklerini s\u00f6yledi.<\/p>\n<p>Suver, \u00e7evreye daha az zarar veren, enerjiyi en verimli \u015fekilde kullanan, at\u0131\u011f\u0131n\u0131 de\u011ferlendiren, ye\u015fil alan ve sosyal donat\u0131s\u0131 sa\u011flanm\u0131\u015f <strong>\u00fcst seviyede ses yal\u0131t\u0131m\u0131<\/strong> olan, <strong>ula\u015f\u0131m planlamas\u0131 yap\u0131lm\u0131\u015f<\/strong>, bina ve yerle\u015fim alanlar\u0131n\u0131n olu\u015fturulmas\u0131n\u0131 hedeflediklerini s\u00f6yledi.<\/p>\n<h3><strong>S\u00fcrd\u00fcr\u00fclebilir binalarla birlikte enerji tasarrufu % 50\u2019ye ula\u015f\u0131yor<\/strong><\/h3>\n<p>Enerji t\u00fcketiminin en b\u00fcy\u00fck kayna\u011f\u0131n\u0131n binalar oldu\u011funu belirten <strong>\u00c7EDB\u0130K Y\u00f6netim Kurulu Ba\u015fkan\u0131 Mehmet Sami K\u0131l\u0131\u00e7<\/strong>, 7 milyon konutun kentsel d\u00f6n\u00fc\u015f\u00fcm\u00fcn\u00fcn <strong>s\u00fcrd\u00fcr\u00fclebilir kriterlere uygun bir \u015fekilde yap\u0131lmas\u0131<\/strong> durumunda uzun vadede <strong>500<\/strong> ila <strong>800 milyar dolarl\u0131k<\/strong> bir <strong>enerji tasarruf<\/strong> sa\u011flanabilece\u011fini vurgulad\u0131. K\u0131l\u0131\u00e7\u00a0<em>&#8220;ABD&#8217;de yap\u0131lan bir \u00e7al\u0131\u015fmaya g\u00f6re, binalar\u0131n <strong>s\u00fcrd\u00fcr\u00fclebilir olmas\u0131<\/strong> enerjide <strong>y\u00fczde 24<\/strong> ila<strong> 50<\/strong> <strong>tasarruf<\/strong> sa\u011fl\u0131yor. Bu y\u0131l\u0131n ilk 6 ay\u0131nda 48 milyar dolarl\u0131k d\u00f6vizi enerjj i\u00e7in harcad\u0131\u011f\u0131m\u0131z\u0131 d\u00fc\u015f\u00fcn\u00fcrsek bu rakamlar\u0131n ne kadar \u00f6nemli oldu\u011fu anla\u015f\u0131l\u0131yor. <strong>S\u00fcrd\u00fcr\u00fclebilir binalar<\/strong> at\u0131k konusunda <strong>% 70<\/strong>, su kullan\u0131m\u0131nda ise <strong>\u00fc\u00e7te bire varan<\/strong> oranda <strong>tasarruf<\/strong> sa\u011fl\u0131yor. Kriterleri binalar\u0131m\u0131za yerle\u015ftirmezsek tasarrufa ge\u00e7emeyiz. Bunu azaltamay\u0131z. Bunu azaltamad\u0131\u011f\u0131m\u0131z zaman da daha <strong>ciddi iklim krizleriyle<\/strong> kar\u015f\u0131 kar\u015f\u0131ya kalma riski olacakt\u0131r. S\u00fcrd\u00fcr\u00fclebilirlik konusu art\u0131k g\u00f6n\u00fcll\u00fcl\u00fck esas\u0131ndan \u00e7\u0131kt\u0131 ve bir zorunluluk halini ald\u0131. <strong>Kamu, \u00f6zel sekt\u00f6r, STK\u2019lar, \u00fcniversiteler, toplum<\/strong> hepsi birlikte bu konunun i\u00e7ine girmesi laz\u0131m.&#8221;<\/em> dedi.<\/p>\n<h3><strong>Gamboa: \u00c7aba harcamamak gibi bir l\u00fcks\u00fcm\u00fcz yok<\/strong><\/h3>\n<p>Karbonsuzla\u015fma ve s\u00fcrd\u00fcr\u00fclebilirlik \u00fczerine a\u00e7\u0131klamalarda bulunan <strong>World Green Building Council (WGBC) CEO&#8217;su Cristina Gamboa<\/strong> ise ekonomik ilkelerle ve di\u011fer kritik unsurlarla <strong>s\u00fcrd\u00fcr\u00fclebilirli\u011fi bir araya getirmenin<\/strong> \u00f6nemine dikkat \u00e7ekti. Gamboa <em>&#8220;Toplumun katk\u0131s\u0131n\u0131 da \u00e7ok \u00f6nemsemeliyiz. Toplum g\u00fc\u00e7l\u00fcklerle kar\u015f\u0131la\u015ft\u0131\u011f\u0131nda daha farkl\u0131 bir motivasyonla hareket edebilir. Zorluklara odaklanmak yerine, yetileri ortaya koyabilme f\u0131rsat\u0131m\u0131z var.&#8221;<\/em> ifadelerini kulland\u0131.<\/p>\n<p>A\u00e7\u0131l\u0131\u015f konu\u015fmalar\u0131n\u0131n ard\u0131ndan <strong>\u00c7EDB\u0130K Y\u00f6netim Kurulu Ba\u015fkan\u0131 Mehmet Sami K\u0131l\u0131\u00e7, GYODER Y\u00f6netim Kurulu Ba\u015fkan\u0131 Mehmet Kalyoncu, ALARKO Holding Y\u00f6netim Kurulu Ba\u015fkan\u0131 Niv Garih, ALKA\u015e Dan\u0131\u015fmanl\u0131k Ba\u015fkan\u0131 Avi Alka\u015f&#8217;\u0131n<\/strong> kat\u0131ld\u0131\u011f\u0131 ve moderat\u00f6rl\u00fc\u011f\u00fcn\u00fc Ilgaz G\u00fcrsoy&#8217;\u0131n yapt\u0131\u011f\u0131 a\u00e7\u0131l\u0131\u015f panelinin ana temas\u0131 ise<strong> s\u0131f\u0131r\u0131n<\/strong> ve <strong>karbonsuzla\u015fman\u0131n in\u015fas\u0131<\/strong> oldu. Oturumda <strong>ye\u015fil binalar\u0131n \u00f6nemi<\/strong>, finansal unsurlar\u0131, ekonomiye katk\u0131s\u0131 ve d\u00f6ng\u00fcsel ekonomi i\u00e7in kazan\u0131mlar\u0131 s\u0131raland\u0131. Panelde konu\u015fan <em>\u00c7EDB\u0130K Y\u00f6netim Kurulu Ba\u015fkan\u0131<\/em><strong> Mehmet Sami K\u0131l\u0131\u00e7<\/strong>, T\u00fcrkiye\u2019de ye\u015fil binalar\u0131n geli\u015fmesi ve yayg\u0131nla\u015fmas\u0131 a\u00e7\u0131s\u0131ndan \u00fclke ko\u015fullar\u0131na uygun bir sertifika olan YeS-TR\u2019nin \u00f6nemini vurgulad\u0131.<\/p>\n<p><em>GYODER Y\u00f6netim Kurulu Ba\u015fkan\u0131<\/em><strong> Mehmet Kalyoncu<\/strong>, binalar\u0131n<strong> finansmana eri\u015fimi kolayla\u015ft\u0131r\u0131ld\u0131\u011f\u0131nda<\/strong> ve <strong>te\u015fviklerin yan\u0131nda<\/strong> sekt\u00f6rler de bunu<strong> talep etti\u011finde<\/strong> <strong>arz\u0131n buna g\u00f6re \u015fekillenece\u011fine<\/strong> de\u011findi. <em>ALARKO Holding Y\u00f6netim Kurulu Ba\u015fkan\u0131<\/em><strong> Niv Garih<\/strong> ise enerji tasarruflu \u00fcr\u00fcn ve \u00e7al\u0131\u015fmalar\u0131n \u00f6nemini aktard\u0131. S\u00fcrd\u00fcr\u00fclebilirlik kavram\u0131n\u0131n ticari gayrimenkullerdeki yans\u0131malar\u0131n\u0131 aktaran <em>ALKA\u015e Dan\u0131\u015fmanl\u0131k Ba\u015fkan<\/em><em>\u0131<\/em> <strong>Avi Alka\u015f<\/strong> ise \u00a0ticari ya\u015fam\u0131n d\u00f6n\u00fc\u015f\u00fcm\u00fcn\u00fc ve bu d\u00f6n\u00fc\u015f\u00fcmde AVM\u2019lerin rol\u00fc \u00fczerine de\u011ferlendirmelerde bulundu. T\u00fcrkiye\u2019de <strong>454 AVM<\/strong> bulundu\u011funu an\u0131msatan Alka\u015f &#8220;<em>Bu AVM\u2019lerde <strong>y\u0131lda 2.5 milyarl\u0131k bir n\u00fcfusu<\/strong> T\u00fcrkiye\u2019de ziyaret\u00e7i olarak a\u011f\u0131rl\u0131yoruz. Bug\u00fcn s\u00fcrd\u00fcr\u00fclebilirlik anlam\u0131nda toplumun bilin\u00e7lenmesi i\u00e7in <strong>AVM<\/strong>\u2019lerin<strong> Halk E\u011fitim Merkezleri<\/strong> gibi rol alabilece\u011fini d\u00fc\u015f\u00fcn\u00fcyorum.&#8221;<\/em> dedi.<\/p>\n<h3><strong>\u201cS\u00fcrd\u00fcr\u00fclebilirlik ve iklim de\u011fi\u015fikli\u011fi bir i\u015f alan\u0131 olarak g\u00f6r\u00fclmeli\u201d<\/strong><\/h3>\n<p><strong>TAV Havalimanlar\u0131 Ba\u015fkan\u0131 Dr. Sani \u015eener&#8217;in<\/strong>\u00a0ve duayen gazeteci <strong>Hakan G\u00fclda\u011f\u2019\u0131n<\/strong> <strong>oturumunda<\/strong> ise s\u00fcrd\u00fcr\u00fclebilirlik temas\u0131 i\u015flendi. \u00c7oklu hedefler koyman\u0131n \u00f6nemine dikkat \u00e7eken \u015eener, <strong>ak\u0131ll\u0131 yat\u0131r\u0131mlar\u0131n<\/strong> yan\u0131nda<strong> s\u00fcrd\u00fcr\u00fclebilir<\/strong> ve<strong> jeopolitik etkilerin de \u00f6nemli<\/strong> oldu\u011funu s\u00f6yledi. Finansmana eri\u015fmenin s\u00fcrd\u00fcr\u00fclebilir projelerle m\u00fcmk\u00fcn oldu\u011funu belirtti. Havac\u0131l\u0131k end\u00fcstrisi ge\u00e7ti\u011fimiz y\u0131l <strong>17 milyon ton tasarruf<\/strong> etmi\u015f <strong>karbondioksitten<\/strong>. Biz de her t\u00fcrl\u00fc \u00f6nlemi almal\u0131y\u0131z ve 2053\u2019de \u00fclke olarak s\u0131f\u0131ra ula\u015fabilmemiz i\u00e7in <strong>karbonu yakalayan bir teknolojinin yap\u0131lmas\u0131<\/strong> gerekti\u011fine inan\u0131yoruz.<strong> \u015eu an yap\u0131ld\u0131 ama rakamlar\u0131n olduk\u00e7a y\u00fcksek<\/strong> oldu\u011funun alt\u0131n\u0131 \u00e7izdi.<\/p>\n<h3><strong>5 panelde g\u00fcndem belirleyecek konu ba\u015fl\u0131klar\u0131 ele al\u0131nd\u0131<\/strong><\/h3>\n<p>Ye\u015fil Binalar ve \u015eehirler Zirvesi 22&#8217;nin<strong> 2&#8217;inci b\u00f6l\u00fcm\u00fcnde<\/strong> d\u00fczenlenen panellerde konular\u0131nda <em>uzman akademisyen, kamu ve \u00f6zel sekt\u00f6r temsilcileri<\/em> s\u00f6z ald\u0131.<\/p>\n<p>Gelecekte<strong> ya\u015fanabilir bir \u00e7evre<\/strong> ve <strong>insana yak\u0131\u015f\u0131r<\/strong>, <strong>s\u00fcrd\u00fcr\u00fclebilir ya\u015fam alanlar\u0131<\/strong> olu\u015fturmak ad\u0131na<strong> ye\u015fil bina sistemleri<\/strong>nin \u00f6neminin tart\u0131\u015f\u0131ld\u0131\u011f\u0131 Binalam\u0131z\u0131n Gelece\u011fi panelinde \u00c7EDB\u0130K Ba\u015fkan Yard\u0131mc\u0131s\u0131 <strong>Emre Il\u0131cal\u0131<\/strong>, T.C. \u00c7evre, \u015eehircilik ve \u0130klim De\u011fi\u015fikli\u011fi Bakanl\u0131\u011f\u0131 Enerji Verimlili\u011fi Daire Ba\u015fkan\u0131 <strong>Murat Bayram<\/strong>, GBCI Europe Genel M\u00fcd\u00fcr\u00fc <strong>Kay Killman<\/strong>, \u0130talya Ye\u015fil Bina Konseyi COO&#8217;su <strong>Marco Caffi<\/strong> ve EYODER Y\u00f6netim Kurulu Ba\u015fkan\u0131 <strong>Onur \u00dcnl\u00fc<\/strong> sahne ald\u0131.<\/p>\n<p>\u00d6\u011fleden sonra d\u00fczenlenen 4 panelde ise<strong> Malzeme &amp; Kaynaklar<\/strong> ele al\u0131n\u0131rken<strong> &#8220;D\u00f6n\u00fc\u015f\u00fcm\u00fcn Kayna\u011f\u0131 Nerede?&#8221;<\/strong>, <strong>&#8220;Karbonsuzla\u015fma, Ama Nas\u0131l?&#8221;<\/strong> sorular\u0131na yan\u0131t arand\u0131. G\u00fcn\u00fcn son panelinde ise konu\u015fmac\u0131lar<strong> &#8220;Ya\u015fanabilir Binalar&#8221;<\/strong> \u00fczerine g\u00f6r\u00fc\u015flerini aktard\u0131.<\/p>\n<h3><strong>S\u00fcrd\u00fcr\u00fclebilirlik Fikir Yar\u0131\u015fmas\u0131\u2019nda kazananlar belli oldu<\/strong><\/h3>\n<p>Zirve\u2019de <strong>\u00c7EDB\u0130K <\/strong>taraf\u0131ndan d\u00fczenlenen <strong>\u201cYe\u015fil Sergi Pavyonu Tasar\u0131m\u0131\u201d<\/strong> S\u00fcrd\u00fcr\u00fclebilirlik Fikir Yar\u0131\u015fmas\u0131\u2019n\u0131n kazananlar\u0131 \u00f6d\u00fcllerini takdim edildi.<\/p>\n<p>Do\u011fan\u0131n s\u00fcrd\u00fcr\u00fclebilir i\u015fleyi\u015fini su temas\u0131yla tasar\u0131m\u0131na ta\u015f\u0131yarak artan<strong> su kayna\u011f\u0131 ve kullan\u0131m\u0131 problemi<\/strong>ne <strong>alternatif \u00e7\u00f6z\u00fcmler<\/strong> sunan <strong>Melih Kut<\/strong> ve <strong>\u015e\u00fckr\u00fc K\u00f6se<\/strong>&#8216;nin <strong>Simbiyo mod\u00fcl pavyonu<\/strong> <strong>1&#8217;incilik<\/strong> \u00f6d\u00fcl\u00fcn\u00fcn sahibi oldu. <strong>2&#8217;incilik \u00f6d\u00fcl\u00fc<\/strong> ise <strong>Bio pavyonu<\/strong> ile <strong>G\u00f6ksu Eda Y\u0131lmaz<\/strong>&#8216;\u0131n olurken <strong>3&#8217;\u00fcnc\u00fcl\u00fck<\/strong> \u00f6d\u00fcl\u00fc <strong>Eda Bak\u0131rkaya<\/strong> ve <strong>Ege D\u00fcndar Alt\u0131n\u00f6z<\/strong>&#8216;\u00fcn<strong> D\u00f6n\u00fc\u015f\u00fcm pavyonunun<\/strong> oldu.<\/p>\n<p><strong>Mansiyon \u00f6d\u00fclleri<\/strong> ise<strong> Pupa, Turnusol<\/strong> ve <strong>At\u0131k pavyonu projelerine<\/strong> verildi.<\/p>","protected":false},"excerpt":{"rendered":"<p>Sorry, this entry is only available in Turkish. For the sake of viewer convenience, the content is shown below in the alternative language. You may click the link to switch the active language. S\u00fcrd\u00fcr\u00fclebilirlik alan\u0131ndaki f\u0131rsatlar\u0131 daha g\u00fc\u00e7l\u00fc bir \u015fekilde vurgulamak hedefiyle harekete ge\u00e7en yap\u0131 sekt\u00f6r\u00fc, \u00c7evre Dostu Ye\u015fil Binalar Derne\u011fi (\u00c7EDB\u0130K) ev sahipli\u011finde, T.C. [&hellip;]<\/p>\n","protected":false},"author":1,"featured_media":162579,"comment_status":"open","ping_status":"open","sticky":false,"template":"","format":"standard","meta":[],"categories":[53,52],"tags":[106015,97534,45956,80956,593,2767,42753,106017,106016,102862,13537,55,106014,21363],"views":51,"_links":{"self":[{"href":"https:\/\/www.enerjigazetesi.ist\/en\/wp-json\/wp\/v2\/posts\/162573"}],"collection":[{"href":"https:\/\/www.enerjigazetesi.ist\/en\/wp-json\/wp\/v2\/posts"}],"about":[{"href":"https:\/\/www.enerjigazetesi.ist\/en\/wp-json\/wp\/v2\/types\/post"}],"author":[{"embeddable":true,"href":"https:\/\/www.enerjigazetesi.ist\/en\/wp-json\/wp\/v2\/users\/1"}],"replies":[{"embeddable":true,"href":"https:\/\/www.enerjigazetesi.ist\/en\/wp-json\/wp\/v2\/comments?post=162573"}],"version-history":[{"count":0,"href":"https:\/\/www.enerjigazetesi.ist\/en\/wp-json\/wp\/v2\/posts\/162573\/revisions"}],"wp:featuredmedia":[{"embeddable":true,"href":"https:\/\/www.enerjigazetesi.ist\/en\/wp-json\/wp\/v2\/media\/162579"}],"wp:attachment":[{"href":"https:\/\/www.enerjigazetesi.ist\/en\/wp-json\/wp\/v2\/media?parent=162573"}],"wp:term":[{"taxonomy":"category","embeddable":true,"href":"https:\/\/www.enerjigazetesi.ist\/en\/wp-json\/wp\/v2\/categories?post=162573"},{"taxonomy":"post_tag","embeddable":true,"href":"https:\/\/www.enerjigazetesi.ist\/en\/wp-json\/wp\/v2\/tags?post=162573"}],"curies":[{"name":"wp","href":"https:\/\/api.w.org\/{rel}","templated":true}]}}