{"id":162557,"date":"2022-11-07T15:46:05","date_gmt":"2022-11-07T12:46:05","guid":{"rendered":"https:\/\/www.enerjigazetesi.ist\/?p=162557"},"modified":"2022-11-07T15:48:26","modified_gmt":"2022-11-07T12:48:26","slug":"dunya-sehircilik-gununde-enerji-tasarrufu-cagrisi-yapildi","status":"publish","type":"post","link":"https:\/\/www.enerjigazetesi.ist\/en\/dunya-sehircilik-gununde-enerji-tasarrufu-cagrisi-yapildi\/","title":{"rendered":"(Turkish) &#8217;D\u00fcnya \u015eehircilik G\u00fcn\u00fc&#8217;nde Enerji Tasarrufu \u00c7a\u011fr\u0131s\u0131 Yap\u0131ld\u0131"},"content":{"rendered":"<p class=\"qtranxs-available-languages-message qtranxs-available-languages-message-en\">Sorry, this entry is only available in <a href=\"https:\/\/www.enerjigazetesi.ist\/tr\/wp-json\/wp\/v2\/posts\/162557\" class=\"qtranxs-available-language-link qtranxs-available-language-link-tr\" title=\"Turkish\">Turkish<\/a>. For the sake of viewer convenience, the content is shown below in the alternative language. You may click the link to switch the active language.<\/p><p><\/p>\n<h2>Yal\u0131t\u0131m sekt\u00f6r\u00fcn\u00fcn \u00f6nde gelen firmalar\u0131ndan \u0130zocam, 8 Kas\u0131m D\u00fcnya \u015eehircilik G\u00fcn\u00fc\u2019nde tasarruf i\u00e7in yal\u0131t\u0131m\u0131n \u00f6nemine dikkat \u00e7ekti. Yal\u0131t\u0131ms\u0131z binalarda \u0131s\u0131nman\u0131n art\u0131k bir l\u00fcks haline geldi\u011fini vurgulayan \u0130zocam, bu k\u0131\u015ftan k\u00e2rl\u0131 \u00e7\u0131kmak isteyenlere, devlet destekli yal\u0131t\u0131m kredisini\u00a0 hat\u0131rlatarak yal\u0131t\u0131ma yat\u0131r\u0131m yapma \u00e7a\u011fr\u0131s\u0131nda bulundu.<\/h2>\n<p>Devlet destekli avantajl\u0131 Yal\u0131t\u0131m Kredisi\u2019nin yal\u0131t\u0131m ihtiyac\u0131 duyan<strong> bina sahipleri<\/strong> i\u00e7in \u00e7ok \u00f6nemli bir f\u0131rsat oldu\u011funu belirten<em> \u0130zocam Genel Direkt\u00f6r\u00fc<\/em> <strong>Murat Savc\u0131,<\/strong> <em>\u201cCumhurba\u015fkan\u0131m\u0131z taraf\u0131ndan a\u00e7\u0131klanan, Enerji ve Tabii Kaynaklar Bakanl\u0131\u011f\u0131m\u0131z, \u00c7evre, \u015eehircilik ve \u0130klim De\u011fi\u015fikli\u011fi Bakanl\u0131\u011f\u0131m\u0131z ile Hazine Maliye Bakanl\u0131\u011f\u0131m\u0131z \u00f6nc\u00fcl\u00fc\u011f\u00fcnde, \u0130ZODER\u2019in de katk\u0131lar\u0131yla ortaya \u00e7\u0131kan <strong>Yal\u0131t\u0131m <img loading=\"lazy\" class=\"alignright wp-image-162560\" src=\"https:\/\/www.enerjigazetesi.ist\/wp-content\/uploads\/2022\/11\/1_131049263.jpg\" alt=\"\" width=\"320\" height=\"320\" srcset=\"https:\/\/www.enerjigazetesi.ist\/wp-content\/uploads\/2022\/11\/1_131049263.jpg 550w, https:\/\/www.enerjigazetesi.ist\/wp-content\/uploads\/2022\/11\/1_131049263-300x300.jpg 300w, https:\/\/www.enerjigazetesi.ist\/wp-content\/uploads\/2022\/11\/1_131049263-150x150.jpg 150w, https:\/\/www.enerjigazetesi.ist\/wp-content\/uploads\/2022\/11\/1_131049263-400x400.jpg 400w, https:\/\/www.enerjigazetesi.ist\/wp-content\/uploads\/2022\/11\/1_131049263-50x50.jpg 50w, https:\/\/www.enerjigazetesi.ist\/wp-content\/uploads\/2022\/11\/1_131049263-100x100.jpg 100w, https:\/\/www.enerjigazetesi.ist\/wp-content\/uploads\/2022\/11\/1_131049263-500x500.jpg 500w\" sizes=\"(max-width: 320px) 100vw, 320px\" \/>Kredisi<\/strong>, evlerini daha d\u00fc\u015f\u00fck faturalarla <strong>k\u0131\u015f\u0131n \u0131s\u0131tmak, yaz\u0131n da serinletmek<\/strong> isteyen vatanda\u015flar\u0131m\u0131za<strong> y\u00fczde 0,99 faiz<\/strong> oran\u0131yla <strong>50 bin TL<\/strong>&#8216;ye kadar <strong>60 ay vadeli<\/strong> olarak kredi imkan\u0131 sunuyor. Yal\u0131t\u0131m Kredisi ile her y\u0131l<strong> 300 bin hanenin (daire)<\/strong> yal\u0131t\u0131lmas\u0131 durumunda <strong>5 y\u0131l\u0131n<\/strong> sonunda <strong>toplam 4,8 milyar metrek\u00fcp<\/strong> <strong>do\u011falgaz<\/strong> tasarruf edilmesi bekleniyor. Bu tasarrufun parasal kar\u015f\u0131l\u0131\u011f\u0131<strong> 60 milyar TL<\/strong>\u2019yi a\u015f\u0131yor\u201d<\/em> diye konu\u015ftu.<\/p>\n<h3><strong>&#8220;Yal\u0131t\u0131m kendini geri \u00f6deyen bir sistemdir&#8221;<\/strong><\/h3>\n<p><strong>Yal\u0131t\u0131m<\/strong> i\u00e7in harcanan maliyetin l\u00fcks bir harcama de\u011fil, aksine<strong> tasarruf<\/strong> ve<strong> konforun yakalanmas\u0131<\/strong> i\u00e7in yap\u0131lmas\u0131 gereken<strong> ciddi bir yat\u0131r\u0131m<\/strong> oldu\u011funu da vurgulayan <em>\u0130zocam Genel Direkt\u00f6r\u00fc<\/em> <strong>Murat Savc\u0131,<\/strong> <strong>do\u011fru yal\u0131t\u0131m malzemesi, kal\u0131nl\u0131k ve uygulama<\/strong> ile yal\u0131t\u0131m yapman\u0131n bina \u00f6mr\u00fc boyunca <strong>en iyi getiriyi<\/strong> ve <strong>en y\u00fcksek konforu<\/strong> sa\u011flayaca\u011f\u0131n\u0131 belirtti. Sadece y\u00f6netmeliklere uygun yap\u0131lan yal\u0131t\u0131m ile bir binan\u0131n, yal\u0131t\u0131ms\u0131z bir binaya g\u00f6re %60\u2019\u0131n \u00fczerinde <strong>enerji tasarrufu<\/strong> sa\u011flad\u0131\u011f\u0131n\u0131 kaydeden Murat Savc\u0131, <span style=\"text-decoration: underline;\">\u015fu a\u00e7\u0131klamalarda bulundu:<\/span><\/p>\n<p>\u201cBinalarda t\u00fcketilen enerjinin <strong>y\u00fczde 80<\/strong>\u2019i <strong>\u0131s\u0131tma ve so\u011futma<\/strong> ama\u00e7l\u0131 t\u00fcketilmektedir. Konutlarda en s\u0131k kar\u015f\u0131la\u015f\u0131lan problem ise <strong>\u2018yal\u0131t\u0131m eksikli\u011finden dolay\u0131 \u0131s\u0131namama\u2019<\/strong> sorundur. T\u00fcrkiye \u0130statistik Kurumu (T\u00dc\u0130K) taraf\u0131ndan a\u00e7\u0131klanan Gelir ve Ya\u015fam Ko\u015fullar\u0131 ara\u015ft\u0131rmas\u0131na g\u00f6re n\u00fcfusun y\u00fczde 39,3\u2019\u00fc konutunda <strong>yal\u0131t\u0131m eksikli\u011finden dolay\u0131 \u0131s\u0131nma sorunu<\/strong> ya\u015famaktad\u0131r. N\u00fcfusun <strong>% 36,9<\/strong>\u2019unun ise <em>s\u0131zd\u0131ran \u00e7at\u0131, nemli duvarlar, \u00e7\u00fcr\u00fcm\u00fc\u015f pencere \u00e7er\u00e7eveleri vb.<\/em> problemlerle kar\u015f\u0131la\u015fmaktad\u0131r. Oysa \u0131s\u0131 yal\u0131t\u0131m\u0131, kendini k\u0131sa zaman i\u00e7erisinde amorti ederek <strong>hem daha iyi \u0131s\u0131nman\u0131z\u0131<\/strong> hem de <strong>enerji faturalar\u0131n\u0131zda tasarruf<\/strong> etmenizi sa\u011flar.<\/p>\n<p>Ayn\u0131 zamanda T\u00fcrkiye\u2019nin cari a\u00e7\u0131\u011f\u0131n\u0131n en \u00f6nemli nedeni de <strong>t\u00fcm ithalat<\/strong> i\u00e7indeki <strong>y\u00fczde 20-25<\/strong> gibi ciddi bir paya sahip olan <strong>enerji ithalat\u0131d\u0131r<\/strong>. T\u00fcrkiye olarak <strong>milyarlarca dolar<\/strong> \u00f6deyerek kulland\u0131\u011f\u0131m\u0131z enerjiyi yurtd\u0131\u015f\u0131ndan sat\u0131n almaktay\u0131z. T\u00fcketti\u011fimiz enerjinin <strong>y\u00fczde 40<\/strong>\u2019\u0131 binalarda, yakla\u015f\u0131k <strong>y\u00fczde 30<\/strong>\u2019u<strong> sanayide,<\/strong> geri kalan\u0131 da <strong>ula\u015f\u0131m<\/strong> ve<strong> tar\u0131m<\/strong> gibi alanlarda kullan\u0131lmaktad\u0131r. Bu denli<strong> d\u0131\u015fa ba\u011f\u0131ml\u0131<\/strong> oldu\u011fumuz<strong> enerji t\u00fcketiminde<\/strong> <strong>tasarruf<\/strong> konusunda almam\u0131z gereken \u00e7ok \u00f6nemli bir yol bulunmaktad\u0131r.<\/p>\n<p>T\u00fcm bu verilere ra\u011fmen <strong>T\u00fcrkiye\u2019deki bina stokunun<\/strong> iyimser bir tahminle sadece<strong> y\u00fczde %20<\/strong>&#8216;sinin <strong>TS 825 Binalarda Is\u0131 Yal\u0131t\u0131m Kurallar\u0131na<\/strong> uygun yal\u0131t\u0131lm\u0131\u015f durumda oldu\u011funu biliyoruz. Bu noktada devletimizin \u00f6nc\u00fcl\u00fc\u011f\u00fcnde halk\u0131m\u0131za avantajl\u0131 <strong>Yal\u0131t\u0131m Kredisi<\/strong> imkan\u0131 sunulmaya ba\u015flanmas\u0131n\u0131 <strong>\u00e7ok de\u011ferli bir ad\u0131m<\/strong> olarak g\u00f6r\u00fcyoruz.<\/p>\n<p>Unutmamak gerekir ki <strong>yal\u0131t\u0131m kendini geri \u00f6deyen<\/strong> bir sistemdir. \u00dclke ve hane ekonomisine katk\u0131 sa\u011flamas\u0131n\u0131n yan\u0131 s\u0131ra <strong>zararl\u0131 gaz sal\u0131mlar\u0131n\u0131n azalt\u0131lmas\u0131<\/strong> ve <strong>\u00e7evreye katk\u0131s\u0131<\/strong> da g\u00f6z ard\u0131 edilemez boyuttad\u0131r. Bu nedenle <strong>her zaman bir ihtiya\u00e7 oldu\u011fu<\/strong> unutulmamal\u0131d\u0131r.\u201d<\/p>","protected":false},"excerpt":{"rendered":"<p>Sorry, this entry is only available in Turkish. For the sake of viewer convenience, the content is shown below in the alternative language. You may click the link to switch the active language. Yal\u0131t\u0131m sekt\u00f6r\u00fcn\u00fcn \u00f6nde gelen firmalar\u0131ndan \u0130zocam, 8 Kas\u0131m D\u00fcnya \u015eehircilik G\u00fcn\u00fc\u2019nde tasarruf i\u00e7in yal\u0131t\u0131m\u0131n \u00f6nemine dikkat \u00e7ekti. Yal\u0131t\u0131ms\u0131z binalarda \u0131s\u0131nman\u0131n art\u0131k bir [&hellip;]<\/p>\n","protected":false},"author":1,"featured_media":162561,"comment_status":"open","ping_status":"open","sticky":false,"template":"","format":"standard","meta":[],"categories":[53,52],"tags":[106011,106012,103,80451,380,26438,793,103828,9134,5737],"views":82,"_links":{"self":[{"href":"https:\/\/www.enerjigazetesi.ist\/en\/wp-json\/wp\/v2\/posts\/162557"}],"collection":[{"href":"https:\/\/www.enerjigazetesi.ist\/en\/wp-json\/wp\/v2\/posts"}],"about":[{"href":"https:\/\/www.enerjigazetesi.ist\/en\/wp-json\/wp\/v2\/types\/post"}],"author":[{"embeddable":true,"href":"https:\/\/www.enerjigazetesi.ist\/en\/wp-json\/wp\/v2\/users\/1"}],"replies":[{"embeddable":true,"href":"https:\/\/www.enerjigazetesi.ist\/en\/wp-json\/wp\/v2\/comments?post=162557"}],"version-history":[{"count":0,"href":"https:\/\/www.enerjigazetesi.ist\/en\/wp-json\/wp\/v2\/posts\/162557\/revisions"}],"wp:featuredmedia":[{"embeddable":true,"href":"https:\/\/www.enerjigazetesi.ist\/en\/wp-json\/wp\/v2\/media\/162561"}],"wp:attachment":[{"href":"https:\/\/www.enerjigazetesi.ist\/en\/wp-json\/wp\/v2\/media?parent=162557"}],"wp:term":[{"taxonomy":"category","embeddable":true,"href":"https:\/\/www.enerjigazetesi.ist\/en\/wp-json\/wp\/v2\/categories?post=162557"},{"taxonomy":"post_tag","embeddable":true,"href":"https:\/\/www.enerjigazetesi.ist\/en\/wp-json\/wp\/v2\/tags?post=162557"}],"curies":[{"name":"wp","href":"https:\/\/api.w.org\/{rel}","templated":true}]}}