{"id":162536,"date":"2022-11-07T13:13:55","date_gmt":"2022-11-07T10:13:55","guid":{"rendered":"https:\/\/www.enerjigazetesi.ist\/?p=162536"},"modified":"2022-11-07T13:34:26","modified_gmt":"2022-11-07T10:34:26","slug":"turkiye-teknoloji-gelistirme-vakfi-uluslararasi-rekabet-icin-iklim-dedi","status":"publish","type":"post","link":"https:\/\/www.enerjigazetesi.ist\/en\/turkiye-teknoloji-gelistirme-vakfi-uluslararasi-rekabet-icin-iklim-dedi\/","title":{"rendered":"(Turkish) T\u00fcrkiye Teknoloji Geli\u015ftirme Vakf\u0131 Uluslararas\u0131 Rekabet \u0130\u00e7in &#8216;\u0130klim&#8217; Dedi"},"content":{"rendered":"<p class=\"qtranxs-available-languages-message qtranxs-available-languages-message-en\">Sorry, this entry is only available in <a href=\"https:\/\/www.enerjigazetesi.ist\/tr\/wp-json\/wp\/v2\/posts\/162536\" class=\"qtranxs-available-language-link qtranxs-available-language-link-tr\" title=\"Turkish\">Turkish<\/a>. For the sake of viewer convenience, the content is shown below in the alternative language. You may click the link to switch the active language.<\/p><p><\/p>\n<h2>\u0130leri teknoloji alan\u0131nda kendi \u00f6z kaynaklar\u0131yla \u00f6nc\u00fc projeler y\u00fcr\u00fcten <strong>TTGV\u2019<\/strong>nin<strong> \u201cTeknoloji \u00dcreten T\u00fcrkiye\u201d<img loading=\"lazy\" class=\"alignright wp-image-162538\" src=\"https:\/\/www.enerjigazetesi.ist\/wp-content\/uploads\/2022\/11\/degerhan-usluel.jpg\" alt=\"\" width=\"300\" height=\"207\" srcset=\"https:\/\/www.enerjigazetesi.ist\/wp-content\/uploads\/2022\/11\/degerhan-usluel.jpg 417w, https:\/\/www.enerjigazetesi.ist\/wp-content\/uploads\/2022\/11\/degerhan-usluel-300x207.jpg 300w, https:\/\/www.enerjigazetesi.ist\/wp-content\/uploads\/2022\/11\/degerhan-usluel-72x50.jpg 72w\" sizes=\"(max-width: 300px) 100vw, 300px\" \/> <\/strong>vizyonu ile iklim odakl\u0131 y\u00fcr\u00fct\u00fclen yeni d\u00f6nem \u00e7al\u0131\u015fmalar\u0131 hakk\u0131nda <strong>TTGV Y\u00f6netim Kurulu Ba\u015fkan\u0131 De\u011ferhan Usluel, <\/strong><span style=\"text-decoration: underline;\">\u015fu de\u011ferlendirmeyi yapt\u0131:<\/span><\/h2>\n<p><em>\u201c<\/em><em>Kurulu\u015f misyonumuz <strong>\u00f6nc\u00fc programlar<\/strong> ve <strong>tekrarlanabilir \u00f6rnekler<\/strong> ile T\u00fcrkiye\u2019de sanayinin k\u00fcresel rekabet\u00e7ili\u011finin geli\u015fmesinde yol a\u00e7\u0131c\u0131 olmak. D\u00fcnyada y\u0131lda<strong> 5 trilyon USD<\/strong> yat\u0131r\u0131m yap\u0131laca\u011f\u0131 \u00f6ng\u00f6r\u00fclengelecek 20 y\u0131l\u0131n en \u00f6nemli paradigma de\u011fi\u015fimi. Ba\u015fta enerji d\u00f6n\u00fc\u015f\u00fcm\u00fc, ula\u015f\u0131m<\/em><em><strong>\u00a0iklim teknolojileri<\/strong>\u00a0<\/em><em>, <strong>end\u00fcstriyel \u00fcretim, tar\u0131m, yap\u0131 ve malzeme<\/strong> alanlar\u0131nda end\u00fcstrimizin \u00f6n\u00fcn\u00fc a\u00e7acak teknoloji odakl\u0131 <strong>yenilik\u00e7i proje<\/strong> ve <strong>programlar\u0131<\/strong> geli\u015ftirerek bu paradigma de\u011fi\u015fiminden en olumlu \u015fekilde faydalanmaya katk\u0131 sa\u011flamay\u0131 hedefliyoruz.\u201d<\/em><\/p>\n<p><strong><img loading=\"lazy\" class=\"alignleft wp-image-162539\" src=\"https:\/\/www.enerjigazetesi.ist\/wp-content\/uploads\/2022\/11\/mete-cakmakci.jpg\" alt=\"\" width=\"270\" height=\"215\" srcset=\"https:\/\/www.enerjigazetesi.ist\/wp-content\/uploads\/2022\/11\/mete-cakmakci.jpg 415w, https:\/\/www.enerjigazetesi.ist\/wp-content\/uploads\/2022\/11\/mete-cakmakci-300x239.jpg 300w, https:\/\/www.enerjigazetesi.ist\/wp-content\/uploads\/2022\/11\/mete-cakmakci-63x50.jpg 63w\" sizes=\"(max-width: 270px) 100vw, 270px\" \/>\u0130KL\u0130M TEKNOLOJ\u0130LER\u0130N\u0130N GEL\u0130\u015eMES\u0130 EKONOM\u0130K KIRILGANLI\u011eI AZALTACAK<\/strong><\/p>\n<p><strong>TTGV<\/strong>\u2019nin \u00e7al\u0131\u015fmalar\u0131n\u0131n sahada di\u011fer proje ve programlar i\u00e7in de \u00e7arpan etkisi olu\u015fturaca\u011f\u0131n\u0131 ifade eden <strong>TTGV Genel Sekreteri Dr. A. Mete \u00c7akmakc\u0131 <\/strong>da, \u201c<em>2021 <\/em><em>y\u0131l\u0131 d<strong>\u00fcnya i<\/strong><\/em><strong><em>klim teknolojileri<\/em><\/strong><em><strong> yat\u0131r\u0131mlar\u0131<\/strong> bir \u00f6nceki y\u0131la g\u00f6re <strong>% 210<\/strong> art\u0131\u015f g\u00f6sterdi<\/em><em>. \u00dclkemizde \u00f6ncelikle i<strong>klim teknolojilerinde somut uygulamalar<\/strong> ile talebin olu\u015fmas\u0131, <strong>pazar\u0131n geli\u015fmesi<\/strong> ve <strong>k\u00fcresel zincirlere entegre<\/strong> olabilecek <strong>yetkinlikte tedarik\u00e7ilerin b\u00fcy\u00fcmesi<\/strong> gerekiyor.<strong> \u0130klim teknolojileri<\/strong> T\u00fcrkiye\u2019nin katma de\u011ferli<strong> teknoloji ihracat\u0131na katk\u0131<\/strong> sa\u011flaman\u0131n yan\u0131nda, ekonomik ve jeopolitik risklere kar\u015f\u0131 dayan\u0131kl\u0131l\u0131\u011f\u0131n\u0131 da artt\u0131racakt\u0131r<\/em>\u201c dedi.<\/p>","protected":false},"excerpt":{"rendered":"<p>Sorry, this entry is only available in Turkish. For the sake of viewer convenience, the content is shown below in the alternative language. You may click the link to switch the active language. \u0130leri teknoloji alan\u0131nda kendi \u00f6z kaynaklar\u0131yla \u00f6nc\u00fc projeler y\u00fcr\u00fcten TTGV\u2019nin \u201cTeknoloji \u00dcreten T\u00fcrkiye\u201d vizyonu ile iklim odakl\u0131 y\u00fcr\u00fct\u00fclen yeni d\u00f6nem \u00e7al\u0131\u015fmalar\u0131 hakk\u0131nda [&hellip;]<\/p>\n","protected":false},"author":1,"featured_media":162542,"comment_status":"open","ping_status":"open","sticky":false,"template":"","format":"standard","meta":[],"categories":[53,157],"tags":[106003,106002,106004,106007,15405,65181,106006,106005,1286],"views":66,"_links":{"self":[{"href":"https:\/\/www.enerjigazetesi.ist\/en\/wp-json\/wp\/v2\/posts\/162536"}],"collection":[{"href":"https:\/\/www.enerjigazetesi.ist\/en\/wp-json\/wp\/v2\/posts"}],"about":[{"href":"https:\/\/www.enerjigazetesi.ist\/en\/wp-json\/wp\/v2\/types\/post"}],"author":[{"embeddable":true,"href":"https:\/\/www.enerjigazetesi.ist\/en\/wp-json\/wp\/v2\/users\/1"}],"replies":[{"embeddable":true,"href":"https:\/\/www.enerjigazetesi.ist\/en\/wp-json\/wp\/v2\/comments?post=162536"}],"version-history":[{"count":0,"href":"https:\/\/www.enerjigazetesi.ist\/en\/wp-json\/wp\/v2\/posts\/162536\/revisions"}],"wp:featuredmedia":[{"embeddable":true,"href":"https:\/\/www.enerjigazetesi.ist\/en\/wp-json\/wp\/v2\/media\/162542"}],"wp:attachment":[{"href":"https:\/\/www.enerjigazetesi.ist\/en\/wp-json\/wp\/v2\/media?parent=162536"}],"wp:term":[{"taxonomy":"category","embeddable":true,"href":"https:\/\/www.enerjigazetesi.ist\/en\/wp-json\/wp\/v2\/categories?post=162536"},{"taxonomy":"post_tag","embeddable":true,"href":"https:\/\/www.enerjigazetesi.ist\/en\/wp-json\/wp\/v2\/tags?post=162536"}],"curies":[{"name":"wp","href":"https:\/\/api.w.org\/{rel}","templated":true}]}}