{"id":162374,"date":"2022-11-05T13:32:08","date_gmt":"2022-11-05T10:32:08","guid":{"rendered":"https:\/\/www.enerjigazetesi.ist\/?p=162374"},"modified":"2022-11-05T14:14:02","modified_gmt":"2022-11-05T11:14:02","slug":"calisanlar-kapsayici-etkinlikler-ve-ruhun-yelkenleri-tekne-yarisina-katildi","status":"publish","type":"post","link":"https:\/\/www.enerjigazetesi.ist\/en\/calisanlar-kapsayici-etkinlikler-ve-ruhun-yelkenleri-tekne-yarisina-katildi\/","title":{"rendered":"(Turkish) \u00c7al\u0131\u015fanlar Kapsay\u0131c\u0131 Etkinlikler ve &#8216;Ruhun Yelkenleri&#8217; Yar\u0131\u015f\u0131na Kat\u0131ld\u0131"},"content":{"rendered":"<p class=\"qtranxs-available-languages-message qtranxs-available-languages-message-en\">Sorry, this entry is only available in <a href=\"https:\/\/www.enerjigazetesi.ist\/tr\/wp-json\/wp\/v2\/posts\/162374\" class=\"qtranxs-available-language-link qtranxs-available-language-link-tr\" title=\"Turkish\">Turkish<\/a>. For the sake of viewer convenience, the content is shown below in the alternative language. You may click the link to switch the active language.<\/p><p><\/p>\n<h2>Mersin, engelliler ve toplumun di\u011fer fertleri aras\u0131nda olumlu etkile\u015fim modeli olu\u015fturma amac\u0131n\u0131 ta\u015f\u0131yan uluslararas\u0131 yard\u0131m misyonu \u201cRuhun Yelkenleri\u201d kapsam\u0131ndaki etkinliklere ev sahipli\u011fi yapt\u0131. AKKUYU N\u00dcKLEER temsilcileri, kamu kurulu\u015flar\u0131 ve \u201cRuhun Yelkenleri\u201d seferinin uluslararas\u0131 m\u00fcrettebat\u0131, iki yatta yelkenli yar\u0131\u015f\u0131, \u00e7\u00f6p toplama kampanyas\u0131 ve konser d\u00fczenledi.<\/h2>\n<p><strong>Yelkenli yar\u0131\u015f\u0131<\/strong> s\u0131ras\u0131nda, <strong>\u201cRuhun Yelkenleri\u201d m\u00fcrettebat\u0131<\/strong> yatlarda, karanl\u0131k bir ortamda, kapsay\u0131c\u0131 gezi ve d\u00fc\u011f\u00fcm \u00e7\u00f6zme gibi at\u00f6lyeler d\u00fczenledi. Bu at\u00f6lyelere gazeteciler ve AKKUYU N\u00dcKLEER \u00e7al\u0131\u015fanlar\u0131 kat\u0131ld\u0131. Ta\u015fucu il\u00e7esinde deniz k\u0131y\u0131s\u0131nda yap\u0131lan tekne yar\u0131\u015f\u0131n\u0131n ard\u0131ndan, yar\u0131\u015f kat\u0131l\u0131mc\u0131lar\u0131 ve b\u00f6lge sakinleri \u00e7\u00f6p toplama kampanyas\u0131 da d\u00fczenlendi.<img loading=\"lazy\" class=\"alignright wp-image-162377\" src=\"https:\/\/www.enerjigazetesi.ist\/wp-content\/uploads\/2022\/11\/1667633421_0008.jpg\" alt=\"\" width=\"320\" height=\"214\" srcset=\"https:\/\/www.enerjigazetesi.ist\/wp-content\/uploads\/2022\/11\/1667633421_0008.jpg 550w, https:\/\/www.enerjigazetesi.ist\/wp-content\/uploads\/2022\/11\/1667633421_0008-300x200.jpg 300w, https:\/\/www.enerjigazetesi.ist\/wp-content\/uploads\/2022\/11\/1667633421_0008-500x334.jpg 500w, https:\/\/www.enerjigazetesi.ist\/wp-content\/uploads\/2022\/11\/1667633421_0008-75x50.jpg 75w, https:\/\/www.enerjigazetesi.ist\/wp-content\/uploads\/2022\/11\/1667633421_0008-450x300.jpg 450w\" sizes=\"(max-width: 320px) 100vw, 320px\" \/><\/p>\n<p>Ayn\u0131 g\u00fcn\u00fcn ak\u015fam\u0131nda ise Ta\u015fucu merkez meydan\u0131nda b\u00f6lge sakinlerine konser verildi. Konserde <strong>T\u00fcrkiye, Letonya, Rusya, Ermenistan, Nepal <\/strong>ve <strong>\u0130srail<\/strong> gibi \u00fclkelerden kat\u0131lan <strong>engelli yar\u0131\u015fmac\u0131lar<\/strong> m\u00fczik ve dans g\u00f6sterileri ile sahne ald\u0131. <em>Silifke Belediye Ba\u015fkan\u0131 Sad\u0131k Altunok ve AKKUYU N\u00dcKLEER Genel M\u00fcd\u00fcr\u00fc<\/em> Bas\u0131n <strong>S\u00f6zc\u00fcs\u00fc Vasily Korelsky<\/strong> kat\u0131l\u0131mc\u0131larla sohbet etti.<\/p>\n<p>Program,<strong> \u201cRuhun Yelkenleri 2022\u201d yar\u0131\u015flar\u0131nda<\/strong> dereceye girenlere \u00f6d\u00fcllerinin verilmesi dolay\u0131s\u0131yla d\u00fczenlenen t\u00f6renle sona erdi.<\/p>\n<p><em>Tarsus Engelliler Platformu Ba\u015fkan\u0131<\/em> <strong>Dursun Arslan<\/strong> etkinli\u011fe ili\u015fkin yapt\u0131\u011f\u0131 a\u00e7\u0131klamada \u015funlar\u0131 dile getirdi: \u201c<em>\u2019Ruhun Yelkenleri\u2019 projesine<strong> 5 senedir<\/strong> kat\u0131lmaktan gurur duyuyorum. Bu y\u0131l etkinli\u011fi, <strong>Tarsus Engelliler Platformu<\/strong> ve <strong>Rusya Beyaz Baston Derne\u011fi<\/strong> ile birlikte d\u00fczenledik. Yabanc\u0131 kat\u0131l\u0131mc\u0131lar\u0131m\u0131za ve bizi destekleyen t\u00fcm konuklar\u0131m\u0131za te\u015fekk\u00fcr etmek istiyorum. Ba\u015fta Rusya Devlet N\u00fckleer Enerji Kurulu\u015fu Rosatom olmak \u00fczere, Silifke Belediye Ba\u015fkanl\u0131\u011f\u0131\u2019na ve Kaymakaml\u0131\u011f\u0131\u2019na, Akdeniz Kaymakaml\u0131\u011f\u0131-\u2019na ve di\u011fer devlet kurulu\u015flar\u0131na i\u00e7tenlikle te\u015fekk\u00fcrlerimi sunuyorum. \u00d6n\u00fcm\u00fczdeki y\u0131l yine burada, Mersin\u2019de benzer bir etkinlik d\u00fczenlemeyi planl\u0131yoruz<\/em>.\u201d<\/p>\n<p><em>AKKUYU N\u00dcKLEER A.\u015e. Genel M\u00fcd\u00fcr\u00fc<\/em> <strong>Anastasia Zoteeva<\/strong> da \u015eirketin d\u00fczenledi\u011fi \u201cRuhun Yelkenleri\u201d yard\u0131m projesiyle ilgili olarak \u015funlar\u0131 s\u00f6yledi: \u201c<em>Meslekta\u015flar\u0131m\u0131z, <strong>\u2018Ruhun Yelkenleri\u2019<\/strong> kapsam\u0131nda d\u00fczenlenen etkinliklerde birka\u00e7 y\u0131ld\u0131r d\u00fczenli bir \u015fekilde g\u00f6n\u00fcll\u00fc olarak kat\u0131l\u0131yorlar. <strong>\u00c7e\u015fitlilik,<\/strong> herkes i\u00e7in <strong>e\u015fit f\u0131rsatlar<\/strong> ve<strong> ba\u015far\u0131l\u0131 kariyer geli\u015fimi<\/strong>, Rusya Devlet N\u00fckleer Enerji Kurulu\u015fu Rosatom\u2019un ve \u015firketimiz tarihinin ve k\u00fclt\u00fcr\u00fcn\u00fcn ayr\u0131lmaz bir par\u00e7as\u0131d\u0131r. Her \u00e7al\u0131\u015fan\u0131n potansiyelini ortaya \u00e7\u0131karmak i\u00e7in <strong>rahat bir ortam<\/strong> yaratmaya \u00e7al\u0131\u015f\u0131yoruz. Akkuyu NGS sadece in\u015faat sahas\u0131 de\u011fil, yak\u0131n gelecekte devreye girecek b\u00fcy\u00fck bir <strong>enerji tesisidir<\/strong> ve ayn\u0131 zamanda gelecekteki NGS\u2019nin bulundu\u011fu b\u00f6lge i\u00e7in <strong>b\u00fcy\u00fck bir sosyal \u00e7al\u0131\u015fmad\u0131r<\/strong>. Bu nedenle sosyal a\u00e7\u0131dan \u00f6nemli bir\u00e7ok giri\u015fime s\u0131cak bak\u0131yoruz ve bunlar\u0131 destekliyoruz.<\/em>\u201d<\/p>\n<p><strong>\u201cRuhun Yelkenleri\u201d seferinin<\/strong> Akdeniz b\u00f6l\u00fcm\u00fc, <strong>8 &#8211; 22 Ekim 2022<\/strong> tarihleri aras\u0131nda Rusya Devlet N\u00fckleer Enerji Kurulu\u015fu Rosatom\u2019un deste\u011fiyle T\u00fcrkiye\u2019de ger\u00e7ekle\u015ftirildi. <strong>Akdeniz<\/strong>\u2019de, <strong>Marmaris &#8211; Antalya &#8211; Ta\u015fucu &#8211; Marmaris g\u00fczergah\u0131<\/strong>n\u0131 kapsayan bir yat turu ile duraklarda yerel halk\u0131n kat\u0131l\u0131m\u0131yla d\u00fczenlenen <strong>yat gezileri, konserler, \u00e7evre etkinlikleri, kapsay\u0131c\u0131 at\u00f6lye \u00e7al\u0131\u015fmalar\u0131, spor etkinlikleri<\/strong> ve<strong> geziler<\/strong> d\u00fczenledi.<\/p>","protected":false},"excerpt":{"rendered":"<p>Sorry, this entry is only available in Turkish. For the sake of viewer convenience, the content is shown below in the alternative language. You may click the link to switch the active language. Mersin, engelliler ve toplumun di\u011fer fertleri aras\u0131nda olumlu etkile\u015fim modeli olu\u015fturma amac\u0131n\u0131 ta\u015f\u0131yan uluslararas\u0131 yard\u0131m misyonu \u201cRuhun Yelkenleri\u201d kapsam\u0131ndaki etkinliklere ev sahipli\u011fi [&hellip;]<\/p>\n","protected":false},"author":1,"featured_media":162378,"comment_status":"open","ping_status":"open","sticky":false,"template":"","format":"standard","meta":[],"categories":[53,43],"tags":[42302,56777,89577,52151,78490,105950,105951],"views":39,"_links":{"self":[{"href":"https:\/\/www.enerjigazetesi.ist\/en\/wp-json\/wp\/v2\/posts\/162374"}],"collection":[{"href":"https:\/\/www.enerjigazetesi.ist\/en\/wp-json\/wp\/v2\/posts"}],"about":[{"href":"https:\/\/www.enerjigazetesi.ist\/en\/wp-json\/wp\/v2\/types\/post"}],"author":[{"embeddable":true,"href":"https:\/\/www.enerjigazetesi.ist\/en\/wp-json\/wp\/v2\/users\/1"}],"replies":[{"embeddable":true,"href":"https:\/\/www.enerjigazetesi.ist\/en\/wp-json\/wp\/v2\/comments?post=162374"}],"version-history":[{"count":0,"href":"https:\/\/www.enerjigazetesi.ist\/en\/wp-json\/wp\/v2\/posts\/162374\/revisions"}],"wp:featuredmedia":[{"embeddable":true,"href":"https:\/\/www.enerjigazetesi.ist\/en\/wp-json\/wp\/v2\/media\/162378"}],"wp:attachment":[{"href":"https:\/\/www.enerjigazetesi.ist\/en\/wp-json\/wp\/v2\/media?parent=162374"}],"wp:term":[{"taxonomy":"category","embeddable":true,"href":"https:\/\/www.enerjigazetesi.ist\/en\/wp-json\/wp\/v2\/categories?post=162374"},{"taxonomy":"post_tag","embeddable":true,"href":"https:\/\/www.enerjigazetesi.ist\/en\/wp-json\/wp\/v2\/tags?post=162374"}],"curies":[{"name":"wp","href":"https:\/\/api.w.org\/{rel}","templated":true}]}}