{"id":162321,"date":"2022-11-04T11:52:08","date_gmt":"2022-11-04T08:52:08","guid":{"rendered":"https:\/\/www.enerjigazetesi.ist\/?p=162321"},"modified":"2022-11-04T12:02:27","modified_gmt":"2022-11-04T09:02:27","slug":"sabanci-yeni-ekonomi-yatirimlariyla-buyumesini-surduruyor","status":"publish","type":"post","link":"https:\/\/www.enerjigazetesi.ist\/en\/sabanci-yeni-ekonomi-yatirimlariyla-buyumesini-surduruyor\/","title":{"rendered":"(Turkish) Sabanc\u0131 &#8216;Yeni Ekonomi&#8217; Yat\u0131r\u0131mlar\u0131yla B\u00fcy\u00fcmesini S\u00fcrd\u00fcr\u00fcyor"},"content":{"rendered":"<p class=\"qtranxs-available-languages-message qtranxs-available-languages-message-en\">Sorry, this entry is only available in <a href=\"https:\/\/www.enerjigazetesi.ist\/tr\/wp-json\/wp\/v2\/posts\/162321\" class=\"qtranxs-available-language-link qtranxs-available-language-link-tr\" title=\"Turkish\">Turkish<\/a>. For the sake of viewer convenience, the content is shown below in the alternative language. You may click the link to switch the active language.<\/p><p><\/p>\n<h2>2022 y\u0131l\u0131n\u0131n ilk 9 ayl\u0131k d\u00f6nemine ili\u015fkin finansal sonu\u00e7lar\u0131n\u0131 a\u00e7\u0131klayan Sabanc\u0131 Holding, s\u00f6z konusu d\u00f6nemde kombine sat\u0131\u015flar\u0131n\u0131 % 175 art\u0131\u015fla 275,4 milyar TL seviyesine y\u00fckseltti. Sabanc\u0131 Holding\u2019in dokuz ayl\u0131k konsolide net k\u00e2r\u0131 ise 27,2 milyar TL oldu.<\/h2>\n<p>K\u00fcresel d\u00fczeyde <strong>ya\u015fanan belirsizlikler, resesyon beklentileri<\/strong> ve <strong>Rusya-Ukrayna sava\u015f\u0131<\/strong>n\u0131n etkilerine ra\u011fmen, sa\u011fl\u0131kl\u0131 bilan\u00e7o yap\u0131s\u0131n\u0131 koruyan Sabanc\u0131 Holding, stratejik \u00f6ncelikleri do\u011frultusunda g\u00fc\u00e7l\u00fc b\u00fcy\u00fcmesini s\u00fcrd\u00fcrd\u00fc. Konuyla ilgili de\u011ferlendirmelerde bulunan Sabanc\u0131 Holding CEO\u2019su Cenk Alper, d\u00fcnyada <strong>s\u00fcrd\u00fcr\u00fclebilirlik<\/strong> ve<strong> dijitalin \u00f6neminin<\/strong> her ge\u00e7en g\u00fcn artt\u0131\u011f\u0131n\u0131 dile getirirken, <em>\u201cBiz de Sabanc\u0131 Toplulu\u011fu olarak, Topluluk Vaadimiz ve stratejik \u00f6nceliklerimiz do\u011frultusunda,<img loading=\"lazy\" class=\"alignright wp-image-162324\" src=\"https:\/\/www.enerjigazetesi.ist\/wp-content\/uploads\/2022\/11\/1667541300_Cenk_Alper.jpg\" alt=\"\" width=\"270\" height=\"427\" srcset=\"https:\/\/www.enerjigazetesi.ist\/wp-content\/uploads\/2022\/11\/1667541300_Cenk_Alper.jpg 550w, https:\/\/www.enerjigazetesi.ist\/wp-content\/uploads\/2022\/11\/1667541300_Cenk_Alper-190x300.jpg 190w, https:\/\/www.enerjigazetesi.ist\/wp-content\/uploads\/2022\/11\/1667541300_Cenk_Alper-253x400.jpg 253w, https:\/\/www.enerjigazetesi.ist\/wp-content\/uploads\/2022\/11\/1667541300_Cenk_Alper-32x50.jpg 32w, https:\/\/www.enerjigazetesi.ist\/wp-content\/uploads\/2022\/11\/1667541300_Cenk_Alper-500x791.jpg 500w\" sizes=\"(max-width: 270px) 100vw, 270px\" \/> s\u00fcrd\u00fcr\u00fclebilirli\u011fi ve dijitali oda\u011f\u0131m\u0131za alarak, t\u00fcm \u015firketlerimizle birlikte \u2018D\u00fcnya\u2019n\u0131n Sabanc\u0131\u2019s\u0131\u2019 olma yolunda \u00f6nemli bir d\u00f6n\u00fc\u015f\u00fcm\u00fc hayata ge\u00e7iriyoruz\u201d<\/em> ifadesini kulland\u0131.<\/p>\n<p>Cenk Alper, <em>\u201c<strong>Enerji i\u015f kolumuz<\/strong>, Sabanc\u0131 Toplulu\u011fu b\u00fcnyesinde bu d\u00f6n\u00fc\u015f\u00fcme \u00f6nc\u00fcl\u00fck eden i\u015f kollar\u0131m\u0131z\u0131n ba\u015f\u0131nda geliyor. Ge\u00e7ti\u011fimiz aylarda, <strong>Enerjisa \u00dcretim<\/strong> \u015firketimiz T\u00fcrkiye\u2019nin ilk insans\u0131z hidroelektrik santralini devreye al\u0131rken, r\u00fczg\u00e2r enerjisi yat\u0131r\u0131mlar\u0131n\u0131 da h\u0131zla hayata ge\u00e7irmeyi s\u00fcrd\u00fcr\u00fcyor. Ge\u00e7ti\u011fimiz haftalarda \u00fcretime ba\u015flayan, <strong>65 MW<\/strong> kurulu g\u00fcce sahip <strong>Kayseri Erciyes R\u00fczg\u00e2r Enerjisi Santrali\u2019nin (RES)<\/strong> yan\u0131 s\u0131ra gelecek d\u00f6nemde hayata ge\u00e7irece\u011fimiz toplam <strong>1.000 MW\u2019l\u0131k<\/strong> ilave <strong>r\u00fczgar enerjisi yat\u0131r\u0131m\u0131yla<\/strong>, <strong>yenilenebilir enerjinin portf\u00f6y\u00fc<\/strong>m\u00fczdeki pay\u0131 <strong>2026<\/strong>\u2019da <strong>y\u00fczde 57\u2019<\/strong>ye ula\u015facak. Ayr\u0131ca, <strong>Sabanc\u0131 \u0130klim Teknolojileri<\/strong> \u015firketimiz arac\u0131l\u0131\u011f\u0131yla bir yandan <strong>yenilenebilir enerji yat\u0131r\u0131mlar\u0131<\/strong>m\u0131z\u0131 T\u00fcrkiye\u2019nin \u00f6tesine ta\u015f\u0131rken bir yandan da A<strong>BD merkezli<\/strong> \u00e7e\u015fitli <strong>giri\u015fim sermayesi fonlar\u0131<\/strong>na ve<strong> start-up<\/strong>\u2019lara stratejik yat\u0131r\u0131mlar yap\u0131yoruz. Bu kapsamda, ABD\u2019nin \u00f6nde gelen giri\u015fim sermayesi fon y\u00f6netim \u015firketlerinden <strong>Safar Partners<\/strong> ile stratejik ortakl\u0131\u011f\u0131m\u0131z kapsam\u0131nda fon yat\u0131r\u0131m\u0131 ve <strong>Commonwealth Fusion Systems<\/strong> ile <strong>Quaise Energy start-up<\/strong>\u2019lar\u0131na do\u011frudan yat\u0131r\u0131m ger\u00e7ekle\u015ftirdik\u201d<\/em> dedi.<\/p>\n<p>Cenk Alper \u015f\u00f6yle devam etti:<em> \u201cSanayi i\u015f kolumuzda <strong>Kordsa<\/strong>, Ohio merkezli <strong>yeni nesil ince film g\u00fcne\u015f panelleri<\/strong> \u00fcreticisi <strong>ABD\u2019li Toledo Solar Inc<\/strong> ile stratejik<strong> i\u015f birli\u011fi anla\u015fmas\u0131<\/strong> imzalad\u0131. Bu d\u00f6nemde ayr\u0131ca Kordsa, Kuzey Amerika\u2019ya 20 milyon dolarl\u0131k kord bezi yat\u0131r\u0131m\u0131 ve T\u00fcrkiye\u2019ye 22 milyon dolar de\u011ferinde<strong>\u00a0<\/strong>yat\u0131r\u0131m a\u00e7\u0131klarken, yurt i\u00e7i ve yurt d\u0131\u015f\u0131ndaki yat\u0131r\u0131mlar\u0131n\u0131 b\u00fcy\u00fck bir istikrarla s\u00fcrd\u00fcr\u00fcyor. Finansal Hizmetler i\u015f kolumuzda ise, yeni nesil sigorta hizmetlerinde liderlik misyonumuzla olu\u015fturdu\u011fumuz ve kurulu\u015fu tamamlanan Sabanc\u0131 Ageas Sa\u011fl\u0131k Sigorta \u015firketimiz ile sa\u011fl\u0131k ekosistemine yeni bir dinamizm getiriyoruz.\u201d<\/em><\/p>\n<p><em>Sabanc\u0131 Toplulu\u011fu\u2019nun son y\u0131llardaki dijital d\u00f6n\u00fc\u015f\u00fcm\u00fcne y\u00f6n veren Sabanc\u0131Dx\u2019in art\u0131k d\u00fcnyan\u0131n farkl\u0131 \u015firketlerine hizmet veren k\u00fcresel bir marka olma yolunda h\u0131zla ilerledi\u011fini aktaran Cenk Alper, \u201cYeni ekonominin \u00fc\u00e7 ana unsurundan biri olan dijital teknolojilere Sabanc\u0131Dx arac\u0131l\u0131\u011f\u0131yla yapt\u0131\u011f\u0131m\u0131z yat\u0131r\u0131mlar\u0131n yan\u0131nda, Kurumsal Giri\u015fim Sermayesi Fonumuz Sabanc\u0131 Ventures ile de T\u00fcrkiye\u2019deki erken a\u015fama giri\u015fimleri desteklemeyi s\u00fcrd\u00fcr\u00fcyoruz. Di\u011fer yandan, Holding b\u00fcnyesinde ba\u015flatt\u0131\u011f\u0131m\u0131z Sabanc\u0131 ARF program\u0131 ile de hem Topluluk i\u00e7inden hem de Topluluk d\u0131\u015f\u0131ndan giri\u015fimcilerin fikirlerini hayata ge\u00e7irmelerine destek verirken \u00fclkemizin teknolojik geli\u015fimi i\u00e7in \u00e7ok \u00f6nemli g\u00f6rd\u00fc\u011f\u00fcm\u00fcz a\u00e7\u0131k inovasyon k\u00fclt\u00fcr\u00fcn\u00fcn i\u015f d\u00fcnyas\u0131nda yayg\u0131nla\u015fmas\u0131na da \u00f6nc\u00fcl\u00fck ediyoruz\u201d<\/em> \u015feklinde konu\u015ftu.<\/p>\n<h3>SABANCI HOLD\u0130NG D\u00dcNYA S\u00dcRD\u00dcR\u00dcLEB\u0130L\u0130R KALKINMA \u0130\u015e KONSEY\u0130\u2019NE (WBCSD) DAMGA VURDU<\/h3>\n<p>\u0130klim acil durumu ve s\u00fcrd\u00fcr\u00fclebilirlik konusundaki \u00e7al\u0131\u015fmalar\u0131na bu d\u00f6nemde de a\u011f\u0131rl\u0131k vermeyi s\u00fcrd\u00fcren Sabanc\u0131 Holding, T\u00fcrkiye\u2019de ve d\u00fcnyada bu alanlardaki \u00f6nc\u00fc rol\u00fcn\u00fc g\u00fc\u00e7lendirdi. 2020 y\u0131l\u0131ndan beri \u00fcyesi oldu\u011fu D\u00fcnya S\u00fcrd\u00fcr\u00fclebilir Kalk\u0131nma \u0130\u015f Konseyi\u2019nin (WBCSD) Tokyo\u2019da ger\u00e7ekle\u015ftirilen y\u0131ll\u0131k\u00a0toplant\u0131s\u0131nda Sabanc\u0131 Holding\u2019in \u00fc\u00e7 panelde konu\u015fmac\u0131 olarak yer ald\u0131\u011f\u0131n\u0131 s\u00f6yleyen Cenk Alper, \u201cS\u00fcrd\u00fcr\u00fclebilirlik alan\u0131nda d\u00fcnyan\u0131n en etkili i\u015f d\u00fcnyas\u0131 platformlar\u0131n\u0131n ba\u015f\u0131nda gelen WBCSD\u2019de, Grup Ba\u015fkanlar\u0131m\u0131zla birlikte Toplulu\u011fumuzun \u00f6rnek uygulamalar\u0131n\u0131 kat\u0131l\u0131mc\u0131larla payla\u015ft\u0131k. Sabanc\u0131 Toplulu\u011fu\u2019nun yol haritas\u0131na y\u00f6n veren s\u00fcrd\u00fcr\u00fclebilirli\u011fin, dijitalin ve sorumlu yat\u0131r\u0131m anlay\u0131\u015f\u0131n\u0131n \u00fclkemiz, b\u00f6lgemiz ve d\u00fcnyam\u0131z\u0131n gelece\u011fi i\u00e7in ne kadar \u00f6nemli oldu\u011funu ifade ederken, i\u015f d\u00fcnyas\u0131na \u00f6nc\u00fcl\u00fck etme misyonumuzun da alt\u0131n\u0131 \u00e7izdik. 400\u2019e yak\u0131n \u00fcst d\u00fczey y\u00f6neticinin kat\u0131ld\u0131\u011f\u0131 etkinlikte ald\u0131\u011f\u0131m\u0131z geri bildirimler, ne kadar do\u011fru bir yolda oldu\u011fumuzu bizlere g\u00f6sterdi, s\u00fcrd\u00fcr\u00fclebilir bir ya\u015fam i\u00e7in bizleri cesaretlendirdi, bu alandaki kararl\u0131 duru\u015fumuzu daha da g\u00fc\u00e7lendirdi\u201d dedi.<\/p>\n<h3>T\u00dcRK\u0130YE\u2019N\u0130N EN GEN\u0130\u015e KATILIMLI SOSYAL SORUMLULUK SEFERBERL\u0130\u011e\u0130<\/h3>\n<p>T\u00fcm ana i\u015f kollar\u0131nda g\u00fc\u00e7l\u00fc b\u00fcy\u00fcmesini s\u00fcrd\u00fcren <strong>Sabanc\u0131 Toplulu\u011fu<\/strong>\u2019nun, insan ve toplum odakl\u0131 pozitif etkisini art\u0131rma yolunda \u00f6nc\u00fc ve \u00f6rnek projeleri hayata ge\u00e7irmeye devam etti\u011finin de alt\u0131n\u0131 \u00e7izen Cenk Alper, \u201cGe\u00e7ti\u011fimiz y\u0131l Toplulu\u011fumuzun kurulu\u015f yeri olan <strong>Adana\u2019da<\/strong> ba\u015flatt\u0131\u011f\u0131m\u0131z <strong>Sabanc\u0131 Cumhuriyet Seferberli\u011fi<\/strong>\u2019ni, bu y\u0131l T\u00fcrkiye\u2019nin <strong>en geni\u015f kat\u0131l\u0131ml\u0131 sosyal sorumluluk hareketi<\/strong>ne d\u00f6n\u00fc\u015ft\u00fcrd\u00fck. 16 \u015firket ve kurumumuzun kat\u0131l\u0131m\u0131yla,<strong> 41<\/strong> ilde ger\u00e7ekle\u015ftirece\u011fimiz <strong>120<\/strong> etkinlikle, 15.000&#8217;i a\u015fk\u0131n<strong> Sabanc\u0131 G\u00f6n\u00fcll\u00fcm\u00fczle<\/strong> y\u0131l boyunca sahaday\u0131z. Yapt\u0131m\u0131z projeler, bir yandan T\u00fcrkiye\u2019nin toplumsal kalk\u0131nmas\u0131na destek verirken, di\u011fer yandan da \u00fclkemizde g\u00f6n\u00fcll\u00fcl\u00fck konusunda \u00f6nemli bir fark\u0131ndal\u0131k olu\u015fturacak. Seferberlik kapsam\u0131nda ger\u00e7ekle\u015ftirece\u011fimiz t\u00fcm \u00e7al\u0131\u015fmalar\u0131m\u0131z\u0131 da ge\u00e7ti\u011fimiz y\u0131l oldu\u011fu gibi bu y\u0131l da <strong>10 Kas\u0131m<\/strong>\u2019da<strong> Ulu \u00d6nder Mustafa Kemal Atat\u00fcrk<\/strong>\u2019e arma\u011fan ederek, O\u2019nun an\u0131s\u0131n\u0131 \u00fclkemiz i\u00e7in \u00e7al\u0131\u015farak ya\u015fataca\u011f\u0131z\u201d dedi.<\/p>","protected":false},"excerpt":{"rendered":"<p>Sorry, this entry is only available in Turkish. For the sake of viewer convenience, the content is shown below in the alternative language. You may click the link to switch the active language. 2022 y\u0131l\u0131n\u0131n ilk 9 ayl\u0131k d\u00f6nemine ili\u015fkin finansal sonu\u00e7lar\u0131n\u0131 a\u00e7\u0131klayan Sabanc\u0131 Holding, s\u00f6z konusu d\u00f6nemde kombine sat\u0131\u015flar\u0131n\u0131 % 175 art\u0131\u015fla 275,4 milyar [&hellip;]<\/p>\n","protected":false},"author":1,"featured_media":162323,"comment_status":"open","ping_status":"open","sticky":false,"template":"","format":"standard","meta":[],"categories":[53,49,50],"tags":[1768,34504,117,45298,474,430,50959,1296,105936],"views":119,"_links":{"self":[{"href":"https:\/\/www.enerjigazetesi.ist\/en\/wp-json\/wp\/v2\/posts\/162321"}],"collection":[{"href":"https:\/\/www.enerjigazetesi.ist\/en\/wp-json\/wp\/v2\/posts"}],"about":[{"href":"https:\/\/www.enerjigazetesi.ist\/en\/wp-json\/wp\/v2\/types\/post"}],"author":[{"embeddable":true,"href":"https:\/\/www.enerjigazetesi.ist\/en\/wp-json\/wp\/v2\/users\/1"}],"replies":[{"embeddable":true,"href":"https:\/\/www.enerjigazetesi.ist\/en\/wp-json\/wp\/v2\/comments?post=162321"}],"version-history":[{"count":0,"href":"https:\/\/www.enerjigazetesi.ist\/en\/wp-json\/wp\/v2\/posts\/162321\/revisions"}],"wp:featuredmedia":[{"embeddable":true,"href":"https:\/\/www.enerjigazetesi.ist\/en\/wp-json\/wp\/v2\/media\/162323"}],"wp:attachment":[{"href":"https:\/\/www.enerjigazetesi.ist\/en\/wp-json\/wp\/v2\/media?parent=162321"}],"wp:term":[{"taxonomy":"category","embeddable":true,"href":"https:\/\/www.enerjigazetesi.ist\/en\/wp-json\/wp\/v2\/categories?post=162321"},{"taxonomy":"post_tag","embeddable":true,"href":"https:\/\/www.enerjigazetesi.ist\/en\/wp-json\/wp\/v2\/tags?post=162321"}],"curies":[{"name":"wp","href":"https:\/\/api.w.org\/{rel}","templated":true}]}}