{"id":16232,"date":"2013-10-07T10:01:13","date_gmt":"2013-10-07T07:01:13","guid":{"rendered":"https:\/\/www.enerjigazetesi.ist\/?p=16232"},"modified":"2013-10-07T10:02:22","modified_gmt":"2013-10-07T07:02:22","slug":"almanyanin-schleswig-holstein-eyaleti-ruzgar-enerjisini-ihraca-hazirlaniyor","status":"publish","type":"post","link":"https:\/\/www.enerjigazetesi.ist\/en\/almanyanin-schleswig-holstein-eyaleti-ruzgar-enerjisini-ihraca-hazirlaniyor\/","title":{"rendered":"(Turkish) Schleswig-Holstein Eyaleti R\u00fczgar Enerjisini \u0130hraca Haz\u0131rlan\u0131yor"},"content":{"rendered":"<p class=\"qtranxs-available-languages-message qtranxs-available-languages-message-en\">Sorry, this entry is only available in <a href=\"https:\/\/www.enerjigazetesi.ist\/tr\/wp-json\/wp\/v2\/posts\/16232\" class=\"qtranxs-available-language-link qtranxs-available-language-link-tr\" title=\"Turkish\">Turkish<\/a>. For the sake of viewer convenience, the content is shown below in the alternative language. You may click the link to switch the active language.<\/p><p><strong>\u00dc\u00e7 milyon n\u00fcfuslu Almanya&#8217;n\u0131n Schleswig-Holstein eyaleti s\u00fcrekli r\u00fczg\u00e2r almas\u0131 sayesinde yenilenebilir enerjilere ge\u00e7i\u015fte \u00f6nc\u00fcl\u00fck rol\u00fcn\u00fc \u00fcstlendi ve 2020 y\u0131l\u0131ndan itibaren elektrik ihra\u00e7 edecek.<\/strong><\/p>\n<p>DW\u2019nin haberine g\u00f6re eyaletin elektrik ihtiyac\u0131n\u0131n yar\u0131dan fazlas\u0131 ye\u015fil enerjiden sa\u011flan\u0131yor. R\u00fczg\u00e2r\u0131n pay\u0131 y\u00fczde 70`i buluyor. Eyalet h\u00fck\u00fcmeti r\u00fczg\u00e2r ve biyolojik k\u00fctle potansiyelini daha iyi de\u011ferlendirebilmek i\u00e7in \u00f6zel bir bakanl\u0131k ihdas etti. 2015 y\u0131l\u0131na kadar eyaletin enerji ihtiyac\u0131 y\u00fczde y\u00fcz oran\u0131nda \u00e7evre dostu kaynaklardan kar\u015f\u0131lanacak ve 2020 y\u0131l\u0131ndan itibaren de kom\u015fu eyaletlere ye\u015fil elektrik \u2018ihra\u00e7` edilecek.<\/p>\n<p><strong>R\u00dcZGAR ENERJ\u0130S\u0130N\u0130 2020 YILINA KADAR 9 B\u0130N MW\u2019A \u00c7IKARMAK HEDEFLEN\u0130YOR<\/strong><br \/>\nSchleswig-Holsteinl\u0131lar bol para kazand\u0131ran r\u00fczg\u00e2r enerjisi kapasitesinin daha da artt\u0131r\u0131lmas\u0131ndan yanalar. Eyalet n\u00fcfusunun y\u00fczde 70`i ek r\u00fczg\u00e2r parklar\u0131 in\u015fa edilmesini arzuluyor. \u00c7\u00fcnk\u00fc k\u00fc\u00e7\u00fck belediyeler kurumlar vergisi \u00fczerinden 50 milyon euro elde ederken yedi bin ki\u015fi de r\u00fczg\u00e2r enerjisi bran\u015f\u0131nda \u00e7al\u0131\u015f\u0131yor. Hedef, 2020 y\u0131l\u0131na kadar r\u00fczg\u00e2r enerjisini 3 b<a href=\"https:\/\/www.enerjigazetesi.ist\/wp-content\/uploads\/2013\/08\/markus-tacke-asya-avrupayi-ruzgar-da-sollayacak.jpg\"><img loading=\"lazy\" class=\"alignright size-medium wp-image-14522\" title=\"r\u00fczgar-enerjisi-santralleri\" src=\"https:\/\/www.enerjigazetesi.ist\/wp-content\/uploads\/2013\/08\/markus-tacke-asya-avrupayi-ruzgar-da-sollayacak-300x196.jpg\" alt=\"\" width=\"300\" height=\"196\" srcset=\"https:\/\/www.enerjigazetesi.ist\/wp-content\/uploads\/2013\/08\/markus-tacke-asya-avrupayi-ruzgar-da-sollayacak-300x196.jpg 300w, https:\/\/www.enerjigazetesi.ist\/wp-content\/uploads\/2013\/08\/markus-tacke-asya-avrupayi-ruzgar-da-sollayacak-76x50.jpg 76w, https:\/\/www.enerjigazetesi.ist\/wp-content\/uploads\/2013\/08\/markus-tacke-asya-avrupayi-ruzgar-da-sollayacak.jpg 500w\" sizes=\"(max-width: 300px) 100vw, 300px\" \/><\/a>in 700 megavattan 9 bin megavata \u00e7\u0131karmak.<\/p>\n<p><strong>KUZEY FR\u0130ZONYA`DAK\u0130 HER ON R\u00dcZG\u00c2R T\u00dcRB\u0130N\u0130NDEN DOKUZUNUN \u00d6ZEL SAH\u0130B\u0130 VAR<\/strong><br \/>\nSchleswig-Holstein R\u00fczg\u00e2r Enerjisi Birli\u011fi`nden Nicole Knudsen ye\u015fil enerji kaynaklar\u0131n\u0131n b\u00fcy\u00fck \u015firketlere de\u011fil \u00f6zel \u015fah\u0131slara ait oldu\u011funu vurgulayarak \u015funlar\u0131 s\u00f6yledi: \u201cKuzey Frizonya`daki her on r\u00fczg\u00e2r t\u00fcrbininden dokuzunun \u00f6zel sahibi var. Y\u00fczde 51`lik sanayi ortakl\u0131\u011f\u0131ndan de\u011fil, y\u00fczde 90`l\u0131k halk sermayesinden s\u00f6z ediyoruz. Belde ve belediyeler el ele verip r\u00fczg\u00e2r parklar\u0131 kurmaya ya da yel de\u011firmenleri dikmeye karar vermi\u015f. 800 n\u00fcfuslu k\u00f6yde ya\u015fayanlar\u0131n 600`\u00fc bu tesislere ortak olmu\u015f. Bu santraller, tesad\u00fcfen ayn\u0131 yerde ya\u015fayan birka\u00e7 b\u00fcy\u00fck sermayedar\u0131n de\u011fil, b\u00fct\u00fcn b\u00f6lge sakinlerinin mal\u0131.\u201d<\/p>\n<p><strong>YEN\u0130LENEB\u0130L\u0130R ENERJ\u0130 YATIRIMLARININ GET\u0130R\u0130S\u0130 Y\u00dcZDE YED\u0130 \u0130LE Y\u00dcZDE SEK\u0130Z ARASINDA DE\u011e\u0130\u015e\u0130YOR<\/strong><br \/>\nYe\u015fil enerji yat\u0131r\u0131mlar\u0131n\u0131n k\u00e2rl\u0131 oldu\u011funun fark\u0131nda olan bankalar, hisse sat\u0131n almak isteyenlere g\u00fc\u00e7l\u00fck \u00e7\u0131karmadan kredi veriyor. Elektrik sat\u0131ld\u0131k\u00e7a kredi taksitleri de \u00f6deniyor. Yenilenebilir enerji yat\u0131r\u0131mlar\u0131n\u0131n getirisi y\u00fczde yedi ile y\u00fczde sekiz aras\u0131nda de\u011fi\u015fiyor.<\/p>\n<p><strong>HALKA A\u00c7ILAN PROJEYE \u0130LG\u0130 B\u00dcY\u00dcK<\/strong><br \/>\nEskiden r\u00fczgar t\u00fcrbinleri kira kar\u015f\u0131l\u0131\u011f\u0131 kurulurken \u015fimdi r\u00fczgar parklar\u0131 halka a\u00e7\u0131larak planl\u0131 bir \u015fekilde geni\u015fletiliyor. B\u00f6ylece toprak sahibi olmayanlar da kara ortak oluyor ve maliyetler d\u00fc\u015f\u00fcyor.<br \/>\nFrizonya\u2019da ya\u015fayan Ernst Hinrichsen,\u201cYeni yat\u0131r\u0131m modeli burada olumlu kar\u015f\u0131land\u0131 ve kendi r\u00fczg\u00e2r park\u0131m\u0131z\u0131 kurduk. K\u00f6yde ya\u015fayan 500 ki\u015fiden 430`u tesislere ortak olmak istiyor. 4 milyon euroya ihtiyac\u0131m\u0131z vard\u0131, on milyonluk hisse talebi geldi. Bu projeyi halka a\u00e7man\u0131n ne kadar yararl\u0131 oldu\u011fu, g\u00f6sterilen y\u00fcksek ilgiden de belli&#8221; \u015feklinde konu\u015ftu.<\/p>\n<p><strong>\u00dcR\u00dcN KAYIPLARI \u0130\u00c7\u0130N DEVLET \u00d6DEME YAPIYOR<\/strong><br \/>\nGalmsb\u00fcll k\u00f6y\u00fcndeki yenilenebilir enerji tesislerinin m\u00fcd\u00fcr\u00fc olan \u00e7ift\u00e7i Jess Jessen, yel de\u011firmenlerinin artmas\u0131 y\u00fcz\u00fcnden topraktan al\u0131nan \u00fcr\u00fcnde kay\u0131plar\u0131 oldu\u011funu ve bu kay\u0131plar\u0131n da devlet taraf\u0131ndan tazmin edildi\u011fini s\u00f6yleyerek ekliyor: \u201cR\u00fczg\u00e2r t\u00fcrbini dikilebilecek topra\u011f\u0131 olan \u00e7ift\u00e7ilerle 120 kira s\u00f6zle\u015fmesi imzalad\u0131k. Herkese ayn\u0131 kira bedeli \u00f6deniyor. Arazisinde tesis kurulan \u00e7ift\u00e7inin \u00fcr\u00fcn kayb\u0131 tazmin ediliyor. En fazla para, kiralama yoluyla kazan\u0131l\u0131yor.\u201d<\/p>\n<p>Kaynak: <a href=\"http:\/\/enerjigunlugu.net\/almanyanin-schleswig-holstein-eyaleti-ruzar-enerji_5128.html\" target=\"_blank\">Enerji G\u00fcnl\u00fc\u011f\u00fc<\/a><\/p>","protected":false},"excerpt":{"rendered":"<p>Sorry, this entry is only available in Turkish. For the sake of viewer convenience, the content is shown below in the alternative language. You may click the link to switch the active language.\u00dc\u00e7 milyon n\u00fcfuslu Almanya&#8217;n\u0131n Schleswig-Holstein eyaleti s\u00fcrekli r\u00fczg\u00e2r almas\u0131 sayesinde yenilenebilir enerjilere ge\u00e7i\u015fte \u00f6nc\u00fcl\u00fck rol\u00fcn\u00fc \u00fcstlendi ve 2020 y\u0131l\u0131ndan itibaren elektrik ihra\u00e7 edecek. [&hellip;]<\/p>\n","protected":false},"author":1,"featured_media":14522,"comment_status":"open","ping_status":"open","sticky":false,"template":"","format":"standard","meta":[],"categories":[53,50],"tags":[929,9356,1462,63,67,1009,165,69,16,324,9357,9355,105,218],"views":865,"_links":{"self":[{"href":"https:\/\/www.enerjigazetesi.ist\/en\/wp-json\/wp\/v2\/posts\/16232"}],"collection":[{"href":"https:\/\/www.enerjigazetesi.ist\/en\/wp-json\/wp\/v2\/posts"}],"about":[{"href":"https:\/\/www.enerjigazetesi.ist\/en\/wp-json\/wp\/v2\/types\/post"}],"author":[{"embeddable":true,"href":"https:\/\/www.enerjigazetesi.ist\/en\/wp-json\/wp\/v2\/users\/1"}],"replies":[{"embeddable":true,"href":"https:\/\/www.enerjigazetesi.ist\/en\/wp-json\/wp\/v2\/comments?post=16232"}],"version-history":[{"count":4,"href":"https:\/\/www.enerjigazetesi.ist\/en\/wp-json\/wp\/v2\/posts\/16232\/revisions"}],"predecessor-version":[{"id":16236,"href":"https:\/\/www.enerjigazetesi.ist\/en\/wp-json\/wp\/v2\/posts\/16232\/revisions\/16236"}],"wp:featuredmedia":[{"embeddable":true,"href":"https:\/\/www.enerjigazetesi.ist\/en\/wp-json\/wp\/v2\/media\/14522"}],"wp:attachment":[{"href":"https:\/\/www.enerjigazetesi.ist\/en\/wp-json\/wp\/v2\/media?parent=16232"}],"wp:term":[{"taxonomy":"category","embeddable":true,"href":"https:\/\/www.enerjigazetesi.ist\/en\/wp-json\/wp\/v2\/categories?post=16232"},{"taxonomy":"post_tag","embeddable":true,"href":"https:\/\/www.enerjigazetesi.ist\/en\/wp-json\/wp\/v2\/tags?post=16232"}],"curies":[{"name":"wp","href":"https:\/\/api.w.org\/{rel}","templated":true}]}}