{"id":162262,"date":"2022-11-03T16:17:15","date_gmt":"2022-11-03T13:17:15","guid":{"rendered":"https:\/\/www.enerjigazetesi.ist\/?p=162262"},"modified":"2022-11-03T16:17:15","modified_gmt":"2022-11-03T13:17:15","slug":"teksandan-meme-kanseri-farkindalik-ayi-olan-ekimde-anlamli-bir-proje","status":"publish","type":"post","link":"https:\/\/www.enerjigazetesi.ist\/en\/teksandan-meme-kanseri-farkindalik-ayi-olan-ekimde-anlamli-bir-proje\/","title":{"rendered":"(Turkish) Teksan&#8217;dan Meme Kanseri Fark\u0131ndal\u0131k Ay\u0131 Olan Ekim&#8217;de Anlaml\u0131 Bir Proje"},"content":{"rendered":"<p class=\"qtranxs-available-languages-message qtranxs-available-languages-message-en\">Sorry, this entry is only available in <a href=\"https:\/\/www.enerjigazetesi.ist\/tr\/wp-json\/wp\/v2\/posts\/162262\" class=\"qtranxs-available-language-link qtranxs-available-language-link-tr\" title=\"Turkish\">Turkish<\/a>. For the sake of viewer convenience, the content is shown below in the alternative language. You may click the link to switch the active language.<\/p><p><\/p>\n<h2><strong>Teksan, Meme Kanseri Fark\u0131ndal\u0131k Ay\u0131 olan Ekim ay\u0131nda anlaml\u0131 bir projeye imza att\u0131. D\u00fcnyada ve \u00fclkemizde kad\u0131nlarda g\u00f6r\u00fclen kanser tipleri aras\u0131nda ilk s\u0131rada yer alan meme kanseri ve erken te\u015fhisin \u00f6nemine dikkat \u00e7ekmek, hastal\u0131\u011f\u0131n \u00f6nlenmesine y\u00f6nelik bilin\u00e7lendirme \u00e7al\u0131\u015fmalar\u0131na katk\u0131 sa\u011flamak amac\u0131yla Pembe Jenerat\u00f6r \u00fcretti. <\/strong><\/h2>\n<p>Teksan\u2019\u0131n iyilik i\u00e7in \u00e7al\u0131\u015fan <strong>Pembe Jenerat\u00f6r\u00fc<\/strong>&#8216;n\u00fcn sat\u0131\u015f\u0131ndan elde edilen gelir, <strong>T\u00fcrkiye Meme Vakf\u0131 (MEVA)<\/strong> ile <strong>Meme Sa\u011fl\u0131\u011f\u0131 Derne\u011fi\u2019ne (MEMEDER)<\/strong> ba\u011f\u0131\u015fland\u0131.<\/p>\n<div id=\"attachment_162265\" style=\"width: 280px\" class=\"wp-caption alignright\"><img aria-describedby=\"caption-attachment-162265\" loading=\"lazy\" class=\"wp-image-162265\" src=\"https:\/\/www.enerjigazetesi.ist\/wp-content\/uploads\/2022\/11\/Ebru-Ata-Tuncer_Teksan-Pazarlamadan-Sorumlu-Yonetim-Kurulu-Uyesi-596x600-1.jpg\" alt=\"\" width=\"270\" height=\"272\" srcset=\"https:\/\/www.enerjigazetesi.ist\/wp-content\/uploads\/2022\/11\/Ebru-Ata-Tuncer_Teksan-Pazarlamadan-Sorumlu-Yonetim-Kurulu-Uyesi-596x600-1.jpg 596w, https:\/\/www.enerjigazetesi.ist\/wp-content\/uploads\/2022\/11\/Ebru-Ata-Tuncer_Teksan-Pazarlamadan-Sorumlu-Yonetim-Kurulu-Uyesi-596x600-1-298x300.jpg 298w, https:\/\/www.enerjigazetesi.ist\/wp-content\/uploads\/2022\/11\/Ebru-Ata-Tuncer_Teksan-Pazarlamadan-Sorumlu-Yonetim-Kurulu-Uyesi-596x600-1-150x150.jpg 150w, https:\/\/www.enerjigazetesi.ist\/wp-content\/uploads\/2022\/11\/Ebru-Ata-Tuncer_Teksan-Pazarlamadan-Sorumlu-Yonetim-Kurulu-Uyesi-596x600-1-397x400.jpg 397w, https:\/\/www.enerjigazetesi.ist\/wp-content\/uploads\/2022\/11\/Ebru-Ata-Tuncer_Teksan-Pazarlamadan-Sorumlu-Yonetim-Kurulu-Uyesi-596x600-1-50x50.jpg 50w, https:\/\/www.enerjigazetesi.ist\/wp-content\/uploads\/2022\/11\/Ebru-Ata-Tuncer_Teksan-Pazarlamadan-Sorumlu-Yonetim-Kurulu-Uyesi-596x600-1-100x100.jpg 100w, https:\/\/www.enerjigazetesi.ist\/wp-content\/uploads\/2022\/11\/Ebru-Ata-Tuncer_Teksan-Pazarlamadan-Sorumlu-Yonetim-Kurulu-Uyesi-596x600-1-500x503.jpg 500w\" sizes=\"(max-width: 270px) 100vw, 270px\" \/><p id=\"caption-attachment-162265\" class=\"wp-caption-text\">Teksan Pazarlamadan Sorumlu Y\u00f6netim Kurulu \u00dcyesi Ebru Ata Tuncer<\/p><\/div>\n<p>D\u00fcnya Sa\u011fl\u0131k \u00d6rg\u00fct\u00fc taraf\u0131ndan 2004 y\u0131l\u0131ndan bu yana meme kanserinde <strong>erken te\u015fhisin \u00f6nemi<\/strong> ve <strong>meme kanseri fark\u0131ndal\u0131\u011f\u0131<\/strong>n\u0131n vurgulanmas\u0131 amac\u0131yla Ekim ay\u0131, Meme Kanseri Fark\u0131ndal\u0131k Ay\u0131 olarak belirlenmi\u015f durumda. <strong>Meme kanseri<\/strong>, d\u00fcnyada ve \u00fclkemizde kad\u0131nlarda g\u00f6r\u00fclen kanser tipleri aras\u0131nda birinci s\u0131rada yer al\u0131yor. Son y\u0131llarda \u00f6zellikle gen\u00e7 ya\u015flarda meme kanseri g\u00f6r\u00fclme s\u0131kl\u0131\u011f\u0131n\u0131n b\u00fcy\u00fck art\u0131\u015f g\u00f6stermesi ve <strong>Avrupa \u00fclkeleri<\/strong> aras\u0131nda <strong>40 ya\u015f alt\u0131<\/strong> meme g\u00f6r\u00fclme s\u0131kl\u0131\u011f\u0131nda T\u00fcrkiye\u2019nin ilk s\u0131rada olmas\u0131 <strong>meme kanseri<\/strong> konusunda <strong>bilin\u00e7lenmenin<\/strong> ve <strong>erken te\u015fhisin \u00f6nemini<\/strong> daha da art\u0131r\u0131yor.<\/p>\n<p>\u00dclkemizde meme kanseri te\u015fhisi konulan kad\u0131nlar\u0131n yakla\u015f\u0131k y\u00fczde 20\u2019sinin 40 ya\u015f alt\u0131nda olmas\u0131, erken ya\u015flardan itibaren kad\u0131nlar\u0131n bu hastal\u0131\u011fa kar\u015f\u0131 bilin\u00e7lendirilmeleri, sa\u011fl\u0131kl\u0131 beslenme ve ya\u015fam tarz\u0131n\u0131n benimsenmesinin hastal\u0131\u011f\u0131n \u00f6n\u00fcne ge\u00e7ilmesindeki rol\u00fc konusunda toplum genelinde fark\u0131ndal\u0131k olu\u015fturulmas\u0131 gereklili\u011fi konusunda uyar\u0131yor.<\/p>\n<p>Meme kanseri fark\u0131ndal\u0131k ay\u0131 olan Ekim\u2019e \u201cLetsGetPink\u201d slogan\u0131yla dikkat \u00e7eken Teksan, Ekim ay\u0131na \u00f6zel olarak \u00fcretti\u011fi Pembe Jenerat\u00f6r ile kad\u0131nlar\u0131n meme kanseri konusunda bilin\u00e7lendirilmelerine y\u00f6nelik \u00e7al\u0131\u015fmalara katk\u0131 sa\u011flamay\u0131 ama\u00e7lad\u0131. Teksan Global Bayi toplant\u0131s\u0131nda ilk kez sergilenen Pembe Jenerat\u00f6r\u00fcn sat\u0131\u015f\u0131ndan elde edilen gelir, meme kanserine kar\u015f\u0131 fark\u0131ndal\u0131\u011f\u0131n art\u0131r\u0131lmas\u0131 ve kad\u0131nlar\u0131n bu konuda bilin\u00e7lendirilmelerine y\u00f6nelik \u00f6nemli \u00e7al\u0131\u015fmalar ger\u00e7ekle\u015ftiren <strong>T\u00fcrkiye Meme Vakf\u0131 (MEVA)<\/strong> ile <strong>Meme Sa\u011fl\u0131\u011f\u0131 Derne\u011fi<\/strong>\u2019ne <strong>(MEMEDER)<\/strong> ba\u011f\u0131\u015fland\u0131. Teksan Pembe Jenerat\u00f6r, bundan sonra kad\u0131nlara fayda sa\u011flayacak projelerin hayata ge\u00e7irilmesi ve meme kanseri ile m\u00fccadele i\u00e7in \u00e7al\u0131\u015fmaya devam edecek.<\/p>\n<p><strong>Teksan Pazarlamadan Sorumlu Y\u00f6netim Kurulu \u00dcyesi Ebru Ata Tuncer<\/strong>, d\u00fcnyada ve \u00fclkemizde kad\u0131n sa\u011fl\u0131\u011f\u0131n\u0131 tehdit eden meme kanseri konusunda bilin\u00e7lenmenin ve toplum geneline yay\u0131lan e\u011fitim faaliyetlerinin hastal\u0131\u011f\u0131n \u00f6n\u00fcne ge\u00e7ilmesinde \u00e7ok \u00f6nemli ad\u0131mlar oldu\u011funu belirtti. Teksan\u2019\u0131n Meme Kanseri Fark\u0131ndal\u0131k ay\u0131nda Pembe Jenerat\u00f6r ile anlaml\u0131 bir projeye imza att\u0131\u011f\u0131n\u0131 belirten <strong>Tuncer<\/strong>,<em> \u201cTeksan olarak meme sa\u011fl\u0131\u011f\u0131na dikkat \u00e7ekmek ve meme kanserine kar\u015f\u0131 bilin\u00e7lendirmeye y\u00f6nelik \u00e7al\u0131\u015fmalara destek vermek \u00fczere hayata ge\u00e7irdi\u011fimiz Pembe Jenerat\u00f6r\u2019\u00fcn kad\u0131nlara fayda sa\u011flayacak \u00f6nemli projelere destek sa\u011flamas\u0131 ve meme kanseri konusunda bilin\u00e7lendirme faaliyetlerine katk\u0131da bulunmas\u0131ndan dolay\u0131 \u00e7ok mutluyuz. Bu konuda \u00e7ok \u00f6nemli \u00e7al\u0131\u015fmalar y\u00fcr\u00fcten T\u00fcrkiye Meme Vakf\u0131 (MEVA) ve Meme Sa\u011fl\u0131\u011f\u0131 Derne\u011fi (MEMEDER) i\u015f birlikleri, bizim i\u00e7in \u00e7ok anlaml\u0131 ve de\u011ferli. Bundan sonra da \u015firketimizin \u00f6nemli de\u011ferleri aras\u0131nda yer alan topluma de\u011fer katma hedefi do\u011frultusunda \u00e7al\u0131\u015fmaya ve deste\u011fimizi art\u0131rmaya devam edece\u011fiz.\u201d<\/em> ifadelerini kulland\u0131.<\/p>","protected":false},"excerpt":{"rendered":"<p>Sorry, this entry is only available in Turkish. For the sake of viewer convenience, the content is shown below in the alternative language. You may click the link to switch the active language. Teksan, Meme Kanseri Fark\u0131ndal\u0131k Ay\u0131 olan Ekim ay\u0131nda anlaml\u0131 bir projeye imza att\u0131. D\u00fcnyada ve \u00fclkemizde kad\u0131nlarda g\u00f6r\u00fclen kanser tipleri aras\u0131nda ilk [&hellip;]<\/p>\n","protected":false},"author":1,"featured_media":162264,"comment_status":"open","ping_status":"open","sticky":false,"template":"","format":"standard","meta":[],"categories":[51,53],"tags":[32599,105913,48402,105916,105917,105915,105914],"views":88,"_links":{"self":[{"href":"https:\/\/www.enerjigazetesi.ist\/en\/wp-json\/wp\/v2\/posts\/162262"}],"collection":[{"href":"https:\/\/www.enerjigazetesi.ist\/en\/wp-json\/wp\/v2\/posts"}],"about":[{"href":"https:\/\/www.enerjigazetesi.ist\/en\/wp-json\/wp\/v2\/types\/post"}],"author":[{"embeddable":true,"href":"https:\/\/www.enerjigazetesi.ist\/en\/wp-json\/wp\/v2\/users\/1"}],"replies":[{"embeddable":true,"href":"https:\/\/www.enerjigazetesi.ist\/en\/wp-json\/wp\/v2\/comments?post=162262"}],"version-history":[{"count":0,"href":"https:\/\/www.enerjigazetesi.ist\/en\/wp-json\/wp\/v2\/posts\/162262\/revisions"}],"wp:featuredmedia":[{"embeddable":true,"href":"https:\/\/www.enerjigazetesi.ist\/en\/wp-json\/wp\/v2\/media\/162264"}],"wp:attachment":[{"href":"https:\/\/www.enerjigazetesi.ist\/en\/wp-json\/wp\/v2\/media?parent=162262"}],"wp:term":[{"taxonomy":"category","embeddable":true,"href":"https:\/\/www.enerjigazetesi.ist\/en\/wp-json\/wp\/v2\/categories?post=162262"},{"taxonomy":"post_tag","embeddable":true,"href":"https:\/\/www.enerjigazetesi.ist\/en\/wp-json\/wp\/v2\/tags?post=162262"}],"curies":[{"name":"wp","href":"https:\/\/api.w.org\/{rel}","templated":true}]}}