{"id":16226,"date":"2013-10-07T09:42:24","date_gmt":"2013-10-07T06:42:24","guid":{"rendered":"https:\/\/www.enerjigazetesi.ist\/?p=16226"},"modified":"2013-10-07T09:42:24","modified_gmt":"2013-10-07T06:42:24","slug":"bakan-yildiz-dogalgazda-kesinti-ve-zam-olmayacak","status":"publish","type":"post","link":"https:\/\/www.enerjigazetesi.ist\/en\/bakan-yildiz-dogalgazda-kesinti-ve-zam-olmayacak\/","title":{"rendered":"(Turkish) Bakan Y\u0131ld\u0131z: Do\u011falgazda Kesinti ve Zam Olmayacak!"},"content":{"rendered":"<p class=\"qtranxs-available-languages-message qtranxs-available-languages-message-en\">Sorry, this entry is only available in <a href=\"https:\/\/www.enerjigazetesi.ist\/tr\/wp-json\/wp\/v2\/posts\/16226\" class=\"qtranxs-available-language-link qtranxs-available-language-link-tr\" title=\"Turkish\">Turkish<\/a>. For the sake of viewer convenience, the content is shown below in the alternative language. You may click the link to switch the active language.<\/p><p><strong>Enerji Bakan\u0131 Taner Y\u0131ld\u0131z, \u00f6n\u00fcm\u00fczdeki k\u0131\u015f i\u00e7erisinde do\u011falgazla ilgili s\u0131k\u0131nt\u0131 ya\u015fanmayaca\u011f\u0131n\u0131 belirterek, \u201cDo\u011falgaz maliyetleri \u00fczerinde arkada\u015flar\u0131m\u0131z \u00e7al\u0131\u015f\u0131yor. Ekim ay\u0131nda da zam olmayacak\u201d dedi.<\/strong><\/p>\n<p>Enerji ve Tabii kaynaklar Bakan\u0131 Taner Y\u0131ld\u0131z, aniden bast\u0131ran so\u011fuklarla g\u00fcndeme gelen, \u201cDo\u011falgaz\u201d sorular\u0131na a\u00e7\u0131kl\u0131k getirdi. Gaz al\u0131m limitini art\u0131rd\u0131klar\u0131n\u0131 belirten Taner Y\u0131ld\u0131z, \u201c\u00d6nceki y\u0131llardaki sorunlar\u0131 dikkate alarak, yaz ba\u015f\u0131ndan itibaren gaz al\u0131m\u0131nda 70 metrek\u00fcp uygulamas\u0131na gittik. Kimseye 70 metrek\u00fcpten fazla sat\u0131lmad\u0131\u201d dedi.<a href=\"https:\/\/www.enerjigazetesi.ist\/wp-content\/uploads\/2013\/04\/botas-dogalgaz-gaz-zam-zammi-oranlari-tarife-nisan-20124-505x280.jpg\"><img loading=\"lazy\" class=\"alignright size-medium wp-image-9089\" title=\"dogalgaz-enerjisi\" src=\"https:\/\/www.enerjigazetesi.ist\/wp-content\/uploads\/2013\/04\/botas-dogalgaz-gaz-zam-zammi-oranlari-tarife-nisan-20124-505x280-300x166.jpg\" alt=\"\" width=\"300\" height=\"166\" srcset=\"https:\/\/www.enerjigazetesi.ist\/wp-content\/uploads\/2013\/04\/botas-dogalgaz-gaz-zam-zammi-oranlari-tarife-nisan-20124-505x280-300x166.jpg 300w, https:\/\/www.enerjigazetesi.ist\/wp-content\/uploads\/2013\/04\/botas-dogalgaz-gaz-zam-zammi-oranlari-tarife-nisan-20124-505x280-500x277.jpg 500w, https:\/\/www.enerjigazetesi.ist\/wp-content\/uploads\/2013\/04\/botas-dogalgaz-gaz-zam-zammi-oranlari-tarife-nisan-20124-505x280-80x44.jpg 80w, https:\/\/www.enerjigazetesi.ist\/wp-content\/uploads\/2013\/04\/botas-dogalgaz-gaz-zam-zammi-oranlari-tarife-nisan-20124-505x280.jpg 505w\" sizes=\"(max-width: 300px) 100vw, 300px\" \/><\/a><\/p>\n<p>\u201c70 metrek\u00fcp olan do\u011falgaz al\u0131m\u0131n\u0131 525 metrek\u00fcpe \u00e7\u0131kard\u0131k. \u0130steyen herkes 525 metrek\u00fcpe kadar do\u011falgaz sat\u0131n alabilir\u201d diyen Bakan Taner Y\u0131ld\u0131z, do\u011falgaza zam olup olmayaca\u011f\u0131 konusuna da de\u011findi. Y\u0131ld\u0131z, \u201cArkada\u015flar\u0131m\u0131z hesaplamalar\u0131na devam ediyor. Benim edindi\u011fim intiba, in\u015fallah ekimde de gaz\u0131 zams\u0131z kullanaca\u011f\u0131z.<\/p>\n<p>Do\u011falgaz al\u0131m maliyetleri halen elimizde y\u00fcksek olarak duruyor. Do\u011falgazda ki y\u00fcksek ithal maliyetlerini yerli kaynaklar\u0131m\u0131zla balans etmeye ve dengelemeye \u00e7al\u0131\u015f\u0131yoruz. Bunun i\u00e7in azami gayret ediyoruz\u201d diye konu\u015ftu.<\/p>\n<p>\u00d6n\u00fcm\u00fczdeki k\u0131\u015f i\u00e7erisinde do\u011falgaz kesintisinin ya\u015fanaca\u011f\u0131n\u0131 sanmad\u0131\u011f\u0131n\u0131, b\u00f6yle bir sorunu da hi\u00e7bir zaman ya\u015famak istemediklerini belirten Y\u0131ld\u0131z, \u201cBilindi\u011fi gibi do\u011falgaz\u0131n sahibi, yani y\u00fckl\u00fc miktarda do\u011falgaz sat\u0131n ald\u0131\u011f\u0131m\u0131z Azerbaycan\u2019da 2012 y\u0131l\u0131nda kesintisi oldu. Bizde kesinti ya\u015fanmad\u0131. \u00c7ok sa\u011flam bir alt yap\u0131m\u0131z var. Ancak, borular \u00e7atlar, patlar onu bilemeyiz. Bu durum f\u0131rst maj\u00f6r bir de\u011ferlendirmedir. Farkl\u0131 de\u011ferlendirmedir. Onun i\u00e7in kimse \u00f6nceden bir de\u011ferlendirme yapamaz\u201d diye konu\u015ftu.<\/p>\n<p>Kaynak: <a href=\"http:\/\/enerjienstitusu.com\/2013\/10\/07\/bakan-yildiz-dogalgazda-kesinti-ve-zam-olmayacak\/\" target=\"_blank\">Enerji Enstit\u00fcs\u00fc<\/a><\/p>","protected":false},"excerpt":{"rendered":"<p>Sorry, this entry is only available in Turkish. For the sake of viewer convenience, the content is shown below in the alternative language. You may click the link to switch the active language.Enerji Bakan\u0131 Taner Y\u0131ld\u0131z, \u00f6n\u00fcm\u00fczdeki k\u0131\u015f i\u00e7erisinde do\u011falgazla ilgili s\u0131k\u0131nt\u0131 ya\u015fanmayaca\u011f\u0131n\u0131 belirterek, \u201cDo\u011falgaz maliyetleri \u00fczerinde arkada\u015flar\u0131m\u0131z \u00e7al\u0131\u015f\u0131yor. Ekim ay\u0131nda da zam olmayacak\u201d dedi. [&hellip;]<\/p>\n","protected":false},"author":1,"featured_media":9089,"comment_status":"open","ping_status":"open","sticky":false,"template":"","format":"standard","meta":[],"categories":[46,53],"tags":[710,92,9351,63,67,1009,165,667,9350],"views":540,"_links":{"self":[{"href":"https:\/\/www.enerjigazetesi.ist\/en\/wp-json\/wp\/v2\/posts\/16226"}],"collection":[{"href":"https:\/\/www.enerjigazetesi.ist\/en\/wp-json\/wp\/v2\/posts"}],"about":[{"href":"https:\/\/www.enerjigazetesi.ist\/en\/wp-json\/wp\/v2\/types\/post"}],"author":[{"embeddable":true,"href":"https:\/\/www.enerjigazetesi.ist\/en\/wp-json\/wp\/v2\/users\/1"}],"replies":[{"embeddable":true,"href":"https:\/\/www.enerjigazetesi.ist\/en\/wp-json\/wp\/v2\/comments?post=16226"}],"version-history":[{"count":1,"href":"https:\/\/www.enerjigazetesi.ist\/en\/wp-json\/wp\/v2\/posts\/16226\/revisions"}],"predecessor-version":[{"id":16227,"href":"https:\/\/www.enerjigazetesi.ist\/en\/wp-json\/wp\/v2\/posts\/16226\/revisions\/16227"}],"wp:featuredmedia":[{"embeddable":true,"href":"https:\/\/www.enerjigazetesi.ist\/en\/wp-json\/wp\/v2\/media\/9089"}],"wp:attachment":[{"href":"https:\/\/www.enerjigazetesi.ist\/en\/wp-json\/wp\/v2\/media?parent=16226"}],"wp:term":[{"taxonomy":"category","embeddable":true,"href":"https:\/\/www.enerjigazetesi.ist\/en\/wp-json\/wp\/v2\/categories?post=16226"},{"taxonomy":"post_tag","embeddable":true,"href":"https:\/\/www.enerjigazetesi.ist\/en\/wp-json\/wp\/v2\/tags?post=16226"}],"curies":[{"name":"wp","href":"https:\/\/api.w.org\/{rel}","templated":true}]}}