{"id":1622,"date":"2012-08-22T09:23:30","date_gmt":"2012-08-22T06:23:30","guid":{"rendered":"https:\/\/www.enerjigazetesi.ist\/?p=1622"},"modified":"2012-08-22T09:23:30","modified_gmt":"2012-08-22T06:23:30","slug":"nukleerde-geri-adim-yok","status":"publish","type":"post","link":"https:\/\/www.enerjigazetesi.ist\/en\/nukleerde-geri-adim-yok\/","title":{"rendered":"(Turkish) N\u00fckleerde Geri Ad\u0131m Yok!"},"content":{"rendered":"<p class=\"qtranxs-available-languages-message qtranxs-available-languages-message-en\">Sorry, this entry is only available in <a href=\"https:\/\/www.enerjigazetesi.ist\/tr\/wp-json\/wp\/v2\/posts\/1622\" class=\"qtranxs-available-language-link qtranxs-available-language-link-tr\" title=\"Turkish\">Turkish<\/a>. For the sake of viewer convenience, the content is shown below in the alternative language. You may click the link to switch the active language.<\/p><p><strong>Enerji Bakan\u0131 Y\u0131ld\u0131z, T\u00fcrkiye&#8217;nin n\u00fckleer santralde geri ad\u0131m atmayaca\u011f\u0131n\u0131 belirterek, &#8220;Akkuyu ba\u015flad\u0131, Sinop&#8217;ta 4 \u00fclkeyle g\u00f6r\u00fc\u015f\u00fcyoruz&#8221; dedi.<\/strong><\/p>\n<p><img loading=\"lazy\" class=\"alignleft size-medium wp-image-1623\" title=\"nukleer-santral-turkiye\" src=\"https:\/\/www.enerjigazetesi.ist\/wp-content\/uploads\/2012\/08\/nukleer-santral-turkiye-300x186.jpg\" alt=\"\" width=\"300\" height=\"186\" srcset=\"https:\/\/www.enerjigazetesi.ist\/wp-content\/uploads\/2012\/08\/nukleer-santral-turkiye-300x186.jpg 300w, https:\/\/www.enerjigazetesi.ist\/wp-content\/uploads\/2012\/08\/nukleer-santral-turkiye-500x310.jpg 500w, https:\/\/www.enerjigazetesi.ist\/wp-content\/uploads\/2012\/08\/nukleer-santral-turkiye-80x50.jpg 80w, https:\/\/www.enerjigazetesi.ist\/wp-content\/uploads\/2012\/08\/nukleer-santral-turkiye.jpg 531w\" sizes=\"(max-width: 300px) 100vw, 300px\" \/>Akuyu&#8217;nun ard\u0131ndan Karadeniz&#8217;de ikinci d\u00f6rt \u00fcnitelik n\u00fckleer santral i\u00e7in m\u00fczakereler s\u00fcrerken, Enerji ve Tabii Kaynaklar Bakan\u0131 Taner Y\u0131ld\u0131z, &#8220;T\u00fcrkiye n\u00fckleer enerji konusunda kararl\u0131. 2023&#8217;e 3 santral hedefinde geri ad\u0131m yok&#8221; mesaj\u0131 verdi. Akkuyu NGS Elektrik \u00dcretim proje \u015firketinin kuruldu\u011funu ve \u00e7al\u0131\u015fmalara ba\u015flad\u0131\u011f\u0131n\u0131 an\u0131msatan Y\u0131ld\u0131z, &#8220;Sinop N\u00fckleer Santral Projesi&#8217;yle ilgili olarak Japonya, Kanada, \u00c7in ve G\u00fcney Kore ile g\u00f6r\u00fc\u015fmeler devam ediyor&#8221; yorumunu yapt\u0131. Y\u0131ld\u0131z, T\u00fcrkiye&#8217;nin 2019&#8217;da n\u00fckleer enerjiyi \u00fcretece\u011fini vurgulad\u0131.<br \/>\n<strong><br \/>\nD\u00d6RT \u00dcL KE \u0130LE M\u00dcZAKERE <\/strong><br \/>\nT\u00fcrkiye&#8217;nin 2023 y\u0131l\u0131nda elektrik enerjisi kurulu g\u00fcc\u00fcn\u00fcn 110 ila 130 bin megavat aras\u0131nda, t\u00fcketimin ise 500 milyar kilovatsaat olaca\u011f\u0131n\u0131 s\u00f6yleyen Enerji Bakan\u0131 Taner Y\u0131ld\u0131z, &#8220;T\u00fcrkiye&#8217;nin 500 milyar dolar ihracata, 2 trilyon dolar milli gelire ve d\u00fcnyan\u0131n ilk 10 ekonomisi aras\u0131na girmesi i\u00e7in s\u00fcrekli enerji \u00fcreten g\u00fc\u00e7 santrallerini kurmas\u0131 gerekir&#8221; dedi.<\/p>\n<p>Kaynak: <a href=\"http:\/\/www.sabah.com.tr\/Ekonomi\/2012\/08\/22\/nukleerde-geri-adim-yok\" target=\"_blank\">Sabah<\/a><\/p>","protected":false},"excerpt":{"rendered":"<p>Sorry, this entry is only available in Turkish. For the sake of viewer convenience, the content is shown below in the alternative language. You may click the link to switch the active language.Enerji Bakan\u0131 Y\u0131ld\u0131z, T\u00fcrkiye&#8217;nin n\u00fckleer santralde geri ad\u0131m atmayaca\u011f\u0131n\u0131 belirterek, &#8220;Akkuyu ba\u015flad\u0131, Sinop&#8217;ta 4 \u00fclkeyle g\u00f6r\u00fc\u015f\u00fcyoruz&#8221; dedi. Akuyu&#8217;nun ard\u0131ndan Karadeniz&#8217;de ikinci d\u00f6rt \u00fcnitelik [&hellip;]<\/p>\n","protected":false},"author":1,"featured_media":1623,"comment_status":"open","ping_status":"open","sticky":false,"template":"","format":"standard","meta":[],"categories":[53,43],"tags":[67,21,391,374],"views":697,"_links":{"self":[{"href":"https:\/\/www.enerjigazetesi.ist\/en\/wp-json\/wp\/v2\/posts\/1622"}],"collection":[{"href":"https:\/\/www.enerjigazetesi.ist\/en\/wp-json\/wp\/v2\/posts"}],"about":[{"href":"https:\/\/www.enerjigazetesi.ist\/en\/wp-json\/wp\/v2\/types\/post"}],"author":[{"embeddable":true,"href":"https:\/\/www.enerjigazetesi.ist\/en\/wp-json\/wp\/v2\/users\/1"}],"replies":[{"embeddable":true,"href":"https:\/\/www.enerjigazetesi.ist\/en\/wp-json\/wp\/v2\/comments?post=1622"}],"version-history":[{"count":2,"href":"https:\/\/www.enerjigazetesi.ist\/en\/wp-json\/wp\/v2\/posts\/1622\/revisions"}],"predecessor-version":[{"id":1625,"href":"https:\/\/www.enerjigazetesi.ist\/en\/wp-json\/wp\/v2\/posts\/1622\/revisions\/1625"}],"wp:featuredmedia":[{"embeddable":true,"href":"https:\/\/www.enerjigazetesi.ist\/en\/wp-json\/wp\/v2\/media\/1623"}],"wp:attachment":[{"href":"https:\/\/www.enerjigazetesi.ist\/en\/wp-json\/wp\/v2\/media?parent=1622"}],"wp:term":[{"taxonomy":"category","embeddable":true,"href":"https:\/\/www.enerjigazetesi.ist\/en\/wp-json\/wp\/v2\/categories?post=1622"},{"taxonomy":"post_tag","embeddable":true,"href":"https:\/\/www.enerjigazetesi.ist\/en\/wp-json\/wp\/v2\/tags?post=1622"}],"curies":[{"name":"wp","href":"https:\/\/api.w.org\/{rel}","templated":true}]}}