{"id":162192,"date":"2022-11-02T14:27:19","date_gmt":"2022-11-02T11:27:19","guid":{"rendered":"https:\/\/www.enerjigazetesi.ist\/?p=162192"},"modified":"2022-11-02T14:33:25","modified_gmt":"2022-11-02T11:33:25","slug":"aski-dezenfekte-islemleri-icin-kullanilan-enerjiyi-gunesten-karsiliyor","status":"publish","type":"post","link":"https:\/\/www.enerjigazetesi.ist\/en\/aski-dezenfekte-islemleri-icin-kullanilan-enerjiyi-gunesten-karsiliyor\/","title":{"rendered":"(Turkish) &#8217;ASK\u0130&#8217; Dezenfekte \u0130\u015flemleri \u0130\u00e7in Kullan\u0131lan Enerjiyi G\u00fcne\u015ften Kar\u015f\u0131l\u0131yor"},"content":{"rendered":"<p class=\"qtranxs-available-languages-message qtranxs-available-languages-message-en\">Sorry, this entry is only available in <a href=\"https:\/\/www.enerjigazetesi.ist\/tr\/wp-json\/wp\/v2\/posts\/162192\" class=\"qtranxs-available-language-link qtranxs-available-language-link-tr\" title=\"Turkish\">Turkish<\/a>. For the sake of viewer convenience, the content is shown below in the alternative language. You may click the link to switch the active language.<\/p><p><\/p>\n<div class=\"news-header\">\n<h2>ASK\u0130 Genel M\u00fcd\u00fcrl\u00fc\u011f\u00fc, t\u00fcm d\u00fcnya \u00fclkelerinin ortak sorunu olan enerji temini konusunda hem \u00e7evre dostu hem de enerji tasarrufu sa\u011flayan \u00f6nc\u00fc bir ad\u0131ma imza att\u0131.<\/h2>\n<\/div>\n<div class=\"news-body\">\n<p>Sa\u011fl\u0131kl\u0131 ve temiz i\u00e7me suyunun hijyeni a\u00e7\u0131s\u0131ndan b\u00fcy\u00fck \u00f6nem ta\u015f\u0131yan <strong>dezenfekte i\u015flemleri<\/strong> i\u00e7in gerekli olan enerji, bundan b\u00f6yle <strong>g\u00fcne\u015f panelleriyle<\/strong> sa\u011flanacak.<\/p>\n<p style=\"text-align: center;\"><img loading=\"lazy\" class=\"aligncenter wp-image-162195\" src=\"https:\/\/www.enerjigazetesi.ist\/wp-content\/uploads\/2022\/11\/aski-dezenfekte-islemleri-icin-kullanilan-enerjiyi-gunesten-karsilaniyor-2.jpg\" alt=\"\" width=\"500\" height=\"281\" srcset=\"https:\/\/www.enerjigazetesi.ist\/wp-content\/uploads\/2022\/11\/aski-dezenfekte-islemleri-icin-kullanilan-enerjiyi-gunesten-karsilaniyor-2.jpg 550w, https:\/\/www.enerjigazetesi.ist\/wp-content\/uploads\/2022\/11\/aski-dezenfekte-islemleri-icin-kullanilan-enerjiyi-gunesten-karsilaniyor-2-300x169.jpg 300w, https:\/\/www.enerjigazetesi.ist\/wp-content\/uploads\/2022\/11\/aski-dezenfekte-islemleri-icin-kullanilan-enerjiyi-gunesten-karsilaniyor-2-500x281.jpg 500w, https:\/\/www.enerjigazetesi.ist\/wp-content\/uploads\/2022\/11\/aski-dezenfekte-islemleri-icin-kullanilan-enerjiyi-gunesten-karsilaniyor-2-80x45.jpg 80w\" sizes=\"(max-width: 500px) 100vw, 500px\" \/><\/p>\n<p>Bu kapsamda <strong>Ankara Su ve Kanalizasyon \u0130daresi (ASK\u0130) Genel M\u00fcd\u00fcrl\u00fc\u011f\u00fc<\/strong> \u00e7evre dostu \u00e7al\u0131\u015fmalar\u0131na bir yenisini daha ekleyerek, sudaki dezenfeksiyon i\u015flemleri i\u00e7in kullan\u0131lan ve benzinle \u00e7al\u0131\u015fan jenerat\u00f6r ara\u00e7lar\u0131n\u0131 g\u00fcne\u015f enerji panelleriyle donatt\u0131. Ara\u00e7lar art\u0131k, g\u00fcne\u015f panellerinden ald\u0131\u011f\u0131 enerjiyle dezenfeksiyon i\u015flemlerini yaparak, hem \u00e7evreye zarar vermeyecek hem de b\u00fcy\u00fck \u00f6l\u00e7\u00fcde enerji tasarrufu sa\u011flanm\u0131\u015f olacak.<\/p>\n<h3><strong>12 ARACA G\u00dcNE\u015e PANEL\u0130 YERLE\u015eT\u0130R\u0130LD\u0130<\/strong><\/h3>\n<p>Ba\u015fkent\u2019in ula\u015f\u0131lmas\u0131 g\u00fc\u00e7 en u\u00e7 noktalar\u0131nda sa\u011fl\u0131kl\u0131 ve temiz i\u00e7me suyunun temini a\u00e7\u0131s\u0131ndan b\u00fcy\u00fck \u00f6nem ta\u015f\u0131yan dezenfeksiyon i\u015flemlerini, g\u00fcne\u015f enerji panelleriyle donat\u0131lm\u0131\u015f ara\u00e7lar\u0131yla yapacak olan ASK\u0130 Genel M\u00fcd\u00fcrl\u00fc\u011f\u00fc\u2019n\u00fcn, 12 adet arac\u0131na g\u00fcne\u015f panelleri yerle\u015ftirildi.<\/p>\n<p class=\"x_MsoNormal\">Yenilenebilir enerji aray\u0131\u015f\u0131nda olan ASK\u0130 Genel M\u00fcd\u00fcrl\u00fc\u011f\u00fc,<strong>\u00a0<\/strong>hem enerji hem de <strong>maliyetten tasarruf<\/strong> sa\u011flanabilmesi amac\u0131yla, <strong>12 adet<\/strong> arac\u0131ndaki <strong>dezenfeksiyon transferi<\/strong> i\u00e7in <strong>temiz enerji kayna\u011f\u0131<\/strong> olan <strong>g\u00fcne\u015f enerjisinden<\/strong> kar\u015f\u0131lanmas\u0131n\u0131 sa\u011flad\u0131.<\/p>\n<p class=\"x_MsoNormal\"><strong>\u201cKimyasal Ta\u015f\u0131ma Ara\u00e7lar\u0131na Temiz Enerji Olan G\u00fcne\u015f Enerjili Transfer Sistemine D\u00f6n\u00fc\u015ft\u00fcr\u00fclmesi\u201d<\/strong>\u00a0i\u015fi kapsam\u0131nda t\u00fcm montaj i\u015flerinin de <strong>ASK\u0130 personeli<\/strong> taraf\u0131ndan ger\u00e7ekle\u015ftirilmesinin ard\u0131ndan \u00fczerinde <strong>transfer pompas\u0131<\/strong> bulunan <strong>12 adet arac\u0131n<\/strong> kabinlerinin \u00fczerine <strong>g\u00fcne\u015f paneli<\/strong> tak\u0131ld\u0131. G\u00fcne\u015f panellerinden enerji ihtiyac\u0131n\u0131 kar\u015f\u0131layan dezenfeksiyon makineleri sayesinde, hem <strong>\u00e7evre dostu bir enerji temini<\/strong> hem de<strong> enerji tasarrufu<\/strong> konusunda \u00f6nc\u00fc bir hizmete imza at\u0131ld\u0131.<\/p>\n<p>Kaynak:\u00a0<a href=\"https:\/\/www.ankara.bel.tr\/haberler\/aski-suyun-dezenfektesi-icin-gerekli-enerjiyi-gunes-panelleriyle-saglayacak-15987\" target=\"_blank\" rel=\"noopener\">Ankara Belediyesi<\/a><\/p>\n<\/div>\n<p><\/p>","protected":false},"excerpt":{"rendered":"<p>Sorry, this entry is only available in Turkish. For the sake of viewer convenience, the content is shown below in the alternative language. You may click the link to switch the active language. ASK\u0130 Genel M\u00fcd\u00fcrl\u00fc\u011f\u00fc, t\u00fcm d\u00fcnya \u00fclkelerinin ortak sorunu olan enerji temini konusunda hem \u00e7evre dostu hem de enerji tasarrufu sa\u011flayan \u00f6nc\u00fc bir [&hellip;]<\/p>\n","protected":false},"author":1,"featured_media":162196,"comment_status":"open","ping_status":"open","sticky":false,"template":"","format":"standard","meta":[],"categories":[51,53,49],"tags":[105894,5886,105895,103,13,15365,4269],"views":64,"_links":{"self":[{"href":"https:\/\/www.enerjigazetesi.ist\/en\/wp-json\/wp\/v2\/posts\/162192"}],"collection":[{"href":"https:\/\/www.enerjigazetesi.ist\/en\/wp-json\/wp\/v2\/posts"}],"about":[{"href":"https:\/\/www.enerjigazetesi.ist\/en\/wp-json\/wp\/v2\/types\/post"}],"author":[{"embeddable":true,"href":"https:\/\/www.enerjigazetesi.ist\/en\/wp-json\/wp\/v2\/users\/1"}],"replies":[{"embeddable":true,"href":"https:\/\/www.enerjigazetesi.ist\/en\/wp-json\/wp\/v2\/comments?post=162192"}],"version-history":[{"count":0,"href":"https:\/\/www.enerjigazetesi.ist\/en\/wp-json\/wp\/v2\/posts\/162192\/revisions"}],"wp:featuredmedia":[{"embeddable":true,"href":"https:\/\/www.enerjigazetesi.ist\/en\/wp-json\/wp\/v2\/media\/162196"}],"wp:attachment":[{"href":"https:\/\/www.enerjigazetesi.ist\/en\/wp-json\/wp\/v2\/media?parent=162192"}],"wp:term":[{"taxonomy":"category","embeddable":true,"href":"https:\/\/www.enerjigazetesi.ist\/en\/wp-json\/wp\/v2\/categories?post=162192"},{"taxonomy":"post_tag","embeddable":true,"href":"https:\/\/www.enerjigazetesi.ist\/en\/wp-json\/wp\/v2\/tags?post=162192"}],"curies":[{"name":"wp","href":"https:\/\/api.w.org\/{rel}","templated":true}]}}