{"id":162160,"date":"2022-11-01T19:50:44","date_gmt":"2022-11-01T16:50:44","guid":{"rendered":"https:\/\/www.enerjigazetesi.ist\/?p=162160"},"modified":"2022-11-01T19:53:22","modified_gmt":"2022-11-01T16:53:22","slug":"en-guncel-kultur-sanat-dunyasi-milliyet-sanatin-kasim-sayisinda-yer-aliyor","status":"publish","type":"post","link":"https:\/\/www.enerjigazetesi.ist\/en\/en-guncel-kultur-sanat-dunyasi-milliyet-sanatin-kasim-sayisinda-yer-aliyor\/","title":{"rendered":"(Turkish) En G\u00fcncel K\u00fclt\u00fcr Sanat D\u00fcnyas\u0131 &#8216;Milliyet Sanat&#8217;\u0131n Kas\u0131m Say\u0131s\u0131nda Yer Al\u0131yor"},"content":{"rendered":"<p class=\"qtranxs-available-languages-message qtranxs-available-languages-message-en\">Sorry, this entry is only available in <a href=\"https:\/\/www.enerjigazetesi.ist\/tr\/wp-json\/wp\/v2\/posts\/162160\" class=\"qtranxs-available-language-link qtranxs-available-language-link-tr\" title=\"Turkish\">Turkish<\/a>. For the sake of viewer convenience, the content is shown below in the alternative language. You may click the link to switch the active language.<\/p><p><\/p>\n<h2><strong>50 y\u0131ld\u0131r T\u00fcrkiye\u2019nin ve d\u00fcnyan\u0131n k\u00fclt\u00fcr sanat g\u00fcndeminin nabz\u0131n\u0131 tutan Milliyet Sanat\u2019\u0131n Kas\u0131m 2022 say\u0131s\u0131 \u00e7\u0131kt\u0131! M\u00fczik hayat\u0131nda 50 y\u0131l\u0131 deviren Nil\u00fcfer\u2019den Michael Jackson\u2019\u0131n 40 y\u0131ll\u0131k <em>\u201cThriller\u201d<\/em> efsanesine, Ahmet \u00dcmit\u2019in yeni roman\u0131 <em>Bir A\u015fk Masal\u0131<\/em>\u2019ndan Emin Alper\u2019in \u00e7ok konu\u015fulan filmi <em>\u201cKurak G\u00fcnler\u201d<\/em>e, \u0130stanbul Resim ve Heykel M\u00fczesi\u2019nin b\u00fcy\u00fck koleksiyon sergisinden eserlerini yakan Damien Hirst\u2019e, Sevgi Soysal\u2019dan Moli\u00e8re\u2019in <em>\u201cTartuffe\u201d<\/em>\u00fcne birbirinden renkli yaz\u0131, r\u00f6portaj ve haberler yeni say\u0131da sanatseverleri bekliyor.<\/strong><\/h2>\n<p><strong>Kas\u0131m 2022<\/strong> say\u0131s\u0131n\u0131n kapa\u011f\u0131nda<strong> Milliyet Sanat <\/strong>okurlar\u0131n\u0131 <em>\u201cyine yeni yeniden\u201d<\/em> <strong>Nil\u00fcfer <\/strong>kar\u015f\u0131l\u0131yor. <strong>Ay\u0131n S\u00f6yle\u015fisi <\/strong>i\u00e7in <strong>Asu Maro<\/strong>\u2019nun konu\u011fu olan <strong>Nil\u00fcfer<\/strong>, <strong>g\u00fcld\u00fcr g\u00fcld\u00fcr sesi, \u00e7ocuk g\u00f6zleri<\/strong> ve <strong>gen\u00e7 k\u0131z edas\u0131yla<\/strong> m\u00fczik hayat\u0131nda geride b\u0131rakt\u0131\u011f\u0131 <strong>50 y\u0131l\u0131<\/strong> ve bu yar\u0131m as\u0131rl\u0131k yolculu\u011fun mihenk ta\u015flar\u0131n\u0131 anlat\u0131yor.<\/p>\n<p><strong><img loading=\"lazy\" class=\"alignright wp-image-162164\" src=\"https:\/\/www.enerjigazetesi.ist\/wp-content\/uploads\/2022\/11\/01.jpg\" alt=\"\" width=\"300\" height=\"233\" srcset=\"https:\/\/www.enerjigazetesi.ist\/wp-content\/uploads\/2022\/11\/01.jpg 387w, https:\/\/www.enerjigazetesi.ist\/wp-content\/uploads\/2022\/11\/01-300x233.jpg 300w, https:\/\/www.enerjigazetesi.ist\/wp-content\/uploads\/2022\/11\/01-64x50.jpg 64w\" sizes=\"(max-width: 300px) 100vw, 300px\" \/><\/strong><\/p>\n<p>Yeni say\u0131n\u0131n plastik sanatlar sayfalar\u0131nda, <strong>Mimar Sinan G\u00fczel Sanatlar \u00dcniversitesi \u0130stanbul Resim ve Heykel M\u00fczesi<\/strong>\u2019nin merakla beklenen ve <strong>277<\/strong> sanat\u00e7\u0131dan <strong>749<\/strong> eserle <strong>T\u00fcrk resim<\/strong> ve <strong>heykel sanat\u0131n\u0131n<\/strong> eksiksiz bir tarihini sunan b\u00fcy\u00fck koleksiyon sergisi yer al\u0131yor. <strong>10 bin adet<\/strong> \u00fcretti\u011fi\/\u00fcrettirdi\u011fi ve topluca \u201cCurrency\u201d (para, banknot) ad\u0131n\u0131 verdi\u011fi renk \u00e7arklar\u0131n\u0131, isteyene k\u00e2\u011f\u0131t, isteyene NFT olarak 2 bin dolardan sat\u0131\u015fa sunan ve \u201cistenmeyen orijinalleri\u201d t\u00f6renle yakan <strong>Damien Hirst<\/strong>\u2019le ilgili kapsaml\u0131 bir yaz\u0131n\u0131n yan\u0131 s\u0131ra \u00f6nemli sergilerin haberleri ve r\u00f6portajlar\u0131 da sanatseverleri bekliyor.<\/p>\n<p><strong>Milliyet Sanat<\/strong>\u2019\u0131n <strong>Kas\u0131m 2022 <\/strong>say\u0131s\u0131n\u0131n edebiyat sayfalar\u0131nda <strong>Ahmet \u00dcmit<\/strong>\u2019in, kad\u0131na \u015fiddete kar\u015f\u0131 g\u00fc\u00e7l\u00fc bir itiraza imza atan yeni roman\u0131 <strong><em>Bir A\u015fk Masal\u0131<\/em><\/strong>\u2019na dair anlatt\u0131\u011f\u0131 r\u00f6portaj\u0131 ve <strong>Funda Soysal<\/strong>\u2019\u0131n, vefat\u0131n\u0131n 46. y\u0131l\u0131nda annesi <strong>Sevgi Soysal<\/strong>\u2019\u0131 anlatt\u0131\u011f\u0131 yaz\u0131s\u0131 gibi bir\u00e7ok farkl\u0131 ve renkli i\u00e7erik yer al\u0131yor.<\/p>\n<p><strong>Emin Alper<\/strong>\u2019in, 59. Antalya Alt\u0131n Portakal Film Festivali\u2019nde En \u0130yi Y\u00f6netmen ba\u015fta olmak \u00fczere dokuz \u00f6d\u00fcl kazanan <strong><em>\u201cKurak G\u00fcnler\u201d<\/em><\/strong>ini anlatt\u0131\u011f\u0131 r\u00f6portaj\u0131; pop\u00fcler k\u00fclt\u00fcr\u00fcn mihenk ta\u015flar\u0131ndan biri, <strong>Michael Jackson<\/strong>\u2019\u0131n bu ay 40 ya\u015f\u0131na basan <strong><em>\u201cThriller\u201d<\/em><\/strong> alb\u00fcm\u00fcnde dair kapsaml\u0131 bir dosya; \u0130BB \u015eehir Tiyatrolar\u0131\u2019n\u0131n, Moli\u00e8re\u2019in do\u011fumunun <strong>400&#8217;\u00fcnc\u00fc y\u0131l\u0131<\/strong> vesilesiyle sahneye koydu\u011fu <strong><em>\u201cTartuffe\u201d<\/em><\/strong>\u00fcn y\u00f6netmeni <strong>Yi\u011fit Sertdemir<\/strong>\u2019in s\u00f6yle\u015fisi ve daha bir\u00e7ok zengin i\u00e7erik <strong>Milliyet Sanat<\/strong>\u2019\u0131n m\u00fczik, edebiyat, plastik sanatlar, sinema, podcast ve sahne sanatlar\u0131 sayfalar\u0131nda&#8230;<\/p>\n<p>Kitabevlerinde, marketlerde, <strong>Getir<\/strong>\u2019de, <strong>Trendyol<\/strong>\u2019da,<strong> <a href=\"https:\/\/www.yakala.co\/\" target=\"_blank\" rel=\"noopener\">yakala.co<\/a><\/strong>\u2019da ve dijital uygulamalarda okurlar\u0131n\u0131 bekleyen <strong>Milliyet Sanat<\/strong> ayr\u0131ca <strong>0850 224 02 22<\/strong> numaral\u0131 \u00e7a\u011fr\u0131 merkezini arayarak<strong> sat\u0131n alan okurlar\u0131n kap\u0131s\u0131na kadar g\u00f6t\u00fcr\u00fcyor.<\/strong><\/p>","protected":false},"excerpt":{"rendered":"<p>Sorry, this entry is only available in Turkish. For the sake of viewer convenience, the content is shown below in the alternative language. You may click the link to switch the active language. 50 y\u0131ld\u0131r T\u00fcrkiye\u2019nin ve d\u00fcnyan\u0131n k\u00fclt\u00fcr sanat g\u00fcndeminin nabz\u0131n\u0131 tutan Milliyet Sanat\u2019\u0131n Kas\u0131m 2022 say\u0131s\u0131 \u00e7\u0131kt\u0131! M\u00fczik hayat\u0131nda 50 y\u0131l\u0131 deviren Nil\u00fcfer\u2019den [&hellip;]<\/p>\n","protected":false},"author":1,"featured_media":162165,"comment_status":"open","ping_status":"open","sticky":false,"template":"","format":"standard","meta":[],"categories":[53,4],"tags":[105879,61563,95538,105702],"views":34,"_links":{"self":[{"href":"https:\/\/www.enerjigazetesi.ist\/en\/wp-json\/wp\/v2\/posts\/162160"}],"collection":[{"href":"https:\/\/www.enerjigazetesi.ist\/en\/wp-json\/wp\/v2\/posts"}],"about":[{"href":"https:\/\/www.enerjigazetesi.ist\/en\/wp-json\/wp\/v2\/types\/post"}],"author":[{"embeddable":true,"href":"https:\/\/www.enerjigazetesi.ist\/en\/wp-json\/wp\/v2\/users\/1"}],"replies":[{"embeddable":true,"href":"https:\/\/www.enerjigazetesi.ist\/en\/wp-json\/wp\/v2\/comments?post=162160"}],"version-history":[{"count":0,"href":"https:\/\/www.enerjigazetesi.ist\/en\/wp-json\/wp\/v2\/posts\/162160\/revisions"}],"wp:featuredmedia":[{"embeddable":true,"href":"https:\/\/www.enerjigazetesi.ist\/en\/wp-json\/wp\/v2\/media\/162165"}],"wp:attachment":[{"href":"https:\/\/www.enerjigazetesi.ist\/en\/wp-json\/wp\/v2\/media?parent=162160"}],"wp:term":[{"taxonomy":"category","embeddable":true,"href":"https:\/\/www.enerjigazetesi.ist\/en\/wp-json\/wp\/v2\/categories?post=162160"},{"taxonomy":"post_tag","embeddable":true,"href":"https:\/\/www.enerjigazetesi.ist\/en\/wp-json\/wp\/v2\/tags?post=162160"}],"curies":[{"name":"wp","href":"https:\/\/api.w.org\/{rel}","templated":true}]}}