{"id":162127,"date":"2022-11-01T13:44:37","date_gmt":"2022-11-01T10:44:37","guid":{"rendered":"https:\/\/www.enerjigazetesi.ist\/?p=162127"},"modified":"2022-11-01T13:49:45","modified_gmt":"2022-11-01T10:49:45","slug":"enerji-gecisi-nde-talebi-yonetme-gerekliligine-dikkat-cekildi","status":"publish","type":"post","link":"https:\/\/www.enerjigazetesi.ist\/en\/enerji-gecisi-nde-talebi-yonetme-gerekliligine-dikkat-cekildi\/","title":{"rendered":"(Turkish) Enerji Ge\u00e7i\u015finde Talebi Y\u00f6netme Gereklili\u011fine Dikkat \u00c7ekildi"},"content":{"rendered":"<p class=\"qtranxs-available-languages-message qtranxs-available-languages-message-en\">Sorry, this entry is only available in <a href=\"https:\/\/www.enerjigazetesi.ist\/tr\/wp-json\/wp\/v2\/posts\/162127\" class=\"qtranxs-available-language-link qtranxs-available-language-link-tr\" title=\"Turkish\">Turkish<\/a>. For the sake of viewer convenience, the content is shown below in the alternative language. You may click the link to switch the active language.<\/p><p><\/p>\n<h2>Schneider Electric, d\u00fcnyan\u0131n d\u00f6rt bir yan\u0131ndaki h\u00fck\u00fcmetlere, \u015firketlere ve bireylere; daha elektrikli, dijital ve enerji a\u00e7\u0131s\u0131ndan esnek bir gelecek in\u015fa etmede oynayabilecekleri b\u00fcy\u00fck, ancak \u00e7o\u011fu zaman az\u0131msanan bir role sahip olduklar\u0131n\u0131 fark etme \u00e7a\u011fr\u0131s\u0131nda bulundu.<\/h2>\n<p><em>Schneider Electric Strateji ve S\u00fcrd\u00fcr\u00fclebilirlikten Sorumlu \u0130cra Kurulu \u00dcyesi<\/em> <strong>Gwenaelle Avice-Huet<\/strong>; <em>\u201cD\u00fcnyay\u0131 fosil yak\u0131tlardan ar\u0131nd\u0131rmak \u00e7ok \u00f6nemli, ancak bu<strong> s\u00fcre\u00e7, zaman alacak<\/strong> ve <strong>iklim de\u011fi\u015fikli\u011fi <\/strong>s\u00f6z konusu oldu\u011funda \u00e7ok fazla bir zaman\u0131m\u0131z olmad\u0131\u011f\u0131 da ortada. \u0130yi haber \u015fu ki, bug\u00fcn bu m\u00fccadelede <strong>yararlanabilece\u011fimiz \u00e7\u00f6z\u00fcmler<\/strong> mevcut. \u00d6zellikle, ilk etapta<strong> enerjinin nas\u0131l t\u00fcketildi\u011fini<\/strong> <strong>optimize etmek<\/strong> i\u00e7in yapabilece\u011fimiz \u00e7ok \u015fey var. <strong>Enerji denkleminin<\/strong> talep <img loading=\"lazy\" class=\"alignright wp-image-162132\" src=\"https:\/\/www.enerjigazetesi.ist\/wp-content\/uploads\/2022\/11\/1292102329-1080x1080-1.jpg\" alt=\"\" width=\"270\" height=\"270\" srcset=\"https:\/\/www.enerjigazetesi.ist\/wp-content\/uploads\/2022\/11\/1292102329-1080x1080-1.jpg 550w, https:\/\/www.enerjigazetesi.ist\/wp-content\/uploads\/2022\/11\/1292102329-1080x1080-1-300x300.jpg 300w, https:\/\/www.enerjigazetesi.ist\/wp-content\/uploads\/2022\/11\/1292102329-1080x1080-1-150x150.jpg 150w, https:\/\/www.enerjigazetesi.ist\/wp-content\/uploads\/2022\/11\/1292102329-1080x1080-1-400x400.jpg 400w, https:\/\/www.enerjigazetesi.ist\/wp-content\/uploads\/2022\/11\/1292102329-1080x1080-1-50x50.jpg 50w, https:\/\/www.enerjigazetesi.ist\/wp-content\/uploads\/2022\/11\/1292102329-1080x1080-1-100x100.jpg 100w, https:\/\/www.enerjigazetesi.ist\/wp-content\/uploads\/2022\/11\/1292102329-1080x1080-1-500x500.jpg 500w\" sizes=\"(max-width: 270px) 100vw, 270px\" \/>taraf\u0131n\u0131 y\u00f6netmek, <strong>g\u00fc\u00e7l\u00fc bir kald\u0131ra\u00e7t\u0131r<\/strong> ve \u015fu anda oldu\u011fundan <strong>\u00e7ok daha fazla<\/strong> <strong>eylem<\/strong> ve<strong> ilgiyi<\/strong> hak ediyor\u201d<\/em> dedi.<\/p>\n<p><strong>Avice-Huet,<\/strong> kendisinin ve di\u011fer \u00fcst d\u00fczey Schneider Electric y\u00f6neticilerinin kat\u0131ld\u0131\u011f\u0131 <strong>NYC 2022 \u0130klim Haftas\u0131<\/strong> kapsam\u0131nda bu a\u00e7\u0131klamay\u0131 ger\u00e7ekle\u015ftirdi. Etkinlik, <strong>iklim eylemini<\/strong> ve <strong>fark\u0131ndal\u0131\u011f\u0131n\u0131 te\u015fvik etmek<\/strong> i\u00e7in i\u015f d\u00fcnyas\u0131, h\u00fck\u00fcmet ve<strong> iklim toplulu\u011fundan etkili iklim eylemi<\/strong> liderlerini bir araya getiriyor.<\/p>\n<p>Bu y\u0131lki bulu\u015fma, dramatik seviyede bozulmu\u015f olan<strong> k\u00fcresel enerji g\u00f6r\u00fcn\u00fcm\u00fc<\/strong> ba\u011flam\u0131nda ger\u00e7ekle\u015fti. Etkinlik kapsam\u0131nda, y\u00fckselen enerji fiyatlar\u0131n\u0131n <strong>enerji ge\u00e7i\u015finin<\/strong> sadece <strong>\u00e7evre<\/strong> ile ilgili de\u011fil, ayn\u0131 zamanda <strong>toplumla<\/strong> ve<strong> ekonomiyle de<\/strong> ilgili oldu\u011fu ortaya kondu.<\/p>\n<p>Bu kapsamda de\u011ferlendirmede bulunan <strong>Avice-Huet<\/strong>, <em>\u201cEnerji g\u00fcvensizli\u011fi, g\u00f6rmezden gelemeyece\u011fimiz k\u00fcresel ve b\u00fcy\u00fcyen bir ger\u00e7ekliktir. Bir etki \u015firketi olarak, sadece sorunlar hakk\u0131nda uyar\u0131da bulunmak i\u00e7in burada olmad\u0131\u011f\u0131m\u0131z\u0131n kesinlikle fark\u0131nday\u0131z. Ger\u00e7ek \u00e7\u00f6z\u00fcmler sunmak ve herkesi s\u00fcrd\u00fcr\u00fclebilirli\u011fe giden yolda bir araya getirmek i\u00e7in <strong>i\u00e7g\u00f6r\u00fclerimizi<\/strong> ve bilgi <strong>birikimimizi<\/strong> kullanmam\u0131z gerekiyor\u201d \u015feklinde konu\u015ftu.<\/em><\/p>\n<p><strong>Schneider Electric, iklim<\/strong> ve <strong>enerji m\u00fczakereleri<\/strong>ne katk\u0131lar\u0131n\u0131 g\u00fc\u00e7lendirmek i\u00e7in <strong>2020 y\u0131l\u0131nda<\/strong> kendi <strong>S\u00fcrd\u00fcr\u00fclebilirlik Ara\u015ft\u0131rma Enstit\u00fcs\u00fc<\/strong>&#8216;n\u00fc kurdu. Enstit\u00fcn\u00fcn raporlar\u0131, <em>elektrifikasyon, dijitalle\u015fme, verimlilik ve d\u00f6ng\u00fcselli\u011fin<\/em> kullan\u0131lmayan potansiyeli hakk\u0131nda de\u011ferli bilgiler ve politika \u00f6nerileri sunuyor. Ara\u015ft\u0131rma ekibi, kurulu\u015fundan bu yana \u00f6nemli \u00f6l\u00e7\u00fcde geni\u015fletildi ve <strong>D\u00fcnya Ye\u015fil Bina Konseyi <\/strong>ve<strong> BloombergNEF<\/strong> gibi \u015firket d\u0131\u015f\u0131 <strong>ara\u015ft\u0131rma ortaklar\u0131<\/strong> ve etkileyicilerle d\u00fczenli olarak<strong> i\u015f birli\u011fi<\/strong> yap\u0131yor.<\/p>\n<p>Schneider Electric, bir\u00e7ok ki\u015fi taraf\u0131ndan <em>kurumsal bir<\/em><strong> \u00e7evresel, sosyal ve kurumsal y\u00f6neti\u015fim (ESG)<\/strong> lideri ve kolayla\u015ft\u0131r\u0131c\u0131s\u0131 olarak tan\u0131n\u0131yor. 2022 y\u0131l\u0131n\u0131n <strong>2&#8217;inci yar\u0131s\u0131nda<\/strong> \u015firket, <strong>2050 y\u0131l\u0131na kadar<\/strong> t\u00fcm de\u011fer zincirinde <strong>net s\u0131f\u0131ra ula\u015fma taahh\u00fcd\u00fc<\/strong>n\u00fc a\u00e7\u0131klad\u0131; <strong>Bilim Temelli Hedefler Giri\u015fimi (SBTi)<\/strong> taraf\u0131ndan bu taahh\u00fcd\u00fc onaylanan d\u00fcnyadaki ilk birka\u00e7 kurulu\u015ftan biri oldu.<\/p>\n<p>Schneider Electric&#8217;in <strong>\u00fcr\u00fcnleri, yaz\u0131l\u0131mlar\u0131 <\/strong>ve<strong> servisleri<\/strong>, <strong>m\u00fc\u015fterilerinin<\/strong> ve <strong>i\u015f ortaklar\u0131n\u0131n<\/strong> <strong>karbondan ar\u0131nd\u0131rma \u00e7abalar\u0131n\u0131 h\u0131zland\u0131rmalar\u0131<\/strong>na ve <strong>daha fazla<\/strong> <strong>dayan\u0131kl\u0131l\u0131k elde etmelerine<\/strong> yard\u0131mc\u0131 olurken\u00a0<strong>y\u0131ll\u0131k \u0130novasyon Zirvesi D\u00fcnya Turu<\/strong> m\u00fc\u015fteri ve i\u015f orta\u011f\u0131 etkinli\u011fi s\u0131ras\u0131nda <strong>verimlilik<\/strong> ve <strong>s\u00fcrd\u00fcr\u00fclebilirlik<\/strong> i\u00e7in bir dizi yenili\u011fi duyurmay\u0131 s\u00fcrd\u00fcrd\u00fc.<\/p>","protected":false},"excerpt":{"rendered":"<p>Sorry, this entry is only available in Turkish. For the sake of viewer convenience, the content is shown below in the alternative language. You may click the link to switch the active language. Schneider Electric, d\u00fcnyan\u0131n d\u00f6rt bir yan\u0131ndaki h\u00fck\u00fcmetlere, \u015firketlere ve bireylere; daha elektrikli, dijital ve enerji a\u00e7\u0131s\u0131ndan esnek bir gelecek in\u015fa etmede oynayabilecekleri [&hellip;]<\/p>\n","protected":false},"author":1,"featured_media":162131,"comment_status":"open","ping_status":"open","sticky":false,"template":"","format":"standard","meta":[],"categories":[51,53,52],"tags":[73071,88828,105872,34504,84401,40959,23311,1224,15884,105871,105870,4157,1296,105869,97],"views":39,"_links":{"self":[{"href":"https:\/\/www.enerjigazetesi.ist\/en\/wp-json\/wp\/v2\/posts\/162127"}],"collection":[{"href":"https:\/\/www.enerjigazetesi.ist\/en\/wp-json\/wp\/v2\/posts"}],"about":[{"href":"https:\/\/www.enerjigazetesi.ist\/en\/wp-json\/wp\/v2\/types\/post"}],"author":[{"embeddable":true,"href":"https:\/\/www.enerjigazetesi.ist\/en\/wp-json\/wp\/v2\/users\/1"}],"replies":[{"embeddable":true,"href":"https:\/\/www.enerjigazetesi.ist\/en\/wp-json\/wp\/v2\/comments?post=162127"}],"version-history":[{"count":0,"href":"https:\/\/www.enerjigazetesi.ist\/en\/wp-json\/wp\/v2\/posts\/162127\/revisions"}],"wp:featuredmedia":[{"embeddable":true,"href":"https:\/\/www.enerjigazetesi.ist\/en\/wp-json\/wp\/v2\/media\/162131"}],"wp:attachment":[{"href":"https:\/\/www.enerjigazetesi.ist\/en\/wp-json\/wp\/v2\/media?parent=162127"}],"wp:term":[{"taxonomy":"category","embeddable":true,"href":"https:\/\/www.enerjigazetesi.ist\/en\/wp-json\/wp\/v2\/categories?post=162127"},{"taxonomy":"post_tag","embeddable":true,"href":"https:\/\/www.enerjigazetesi.ist\/en\/wp-json\/wp\/v2\/tags?post=162127"}],"curies":[{"name":"wp","href":"https:\/\/api.w.org\/{rel}","templated":true}]}}