{"id":162055,"date":"2022-10-31T14:47:57","date_gmt":"2022-10-31T11:47:57","guid":{"rendered":"https:\/\/www.enerjigazetesi.ist\/?p=162055"},"modified":"2022-10-31T14:47:57","modified_gmt":"2022-10-31T11:47:57","slug":"tempo-bpo-nin-batman-ve-sanliurfa-lokasyonu-elektrigini-gunesten-alacak","status":"publish","type":"post","link":"https:\/\/www.enerjigazetesi.ist\/en\/tempo-bpo-nin-batman-ve-sanliurfa-lokasyonu-elektrigini-gunesten-alacak\/","title":{"rendered":"(Turkish) &#8217;Tempo BPO&#8217;n\u0131n Batman ve \u015eanl\u0131urfa Lokasyonu Elektri\u011fini G\u00fcne\u015ften Alacak"},"content":{"rendered":"<p class=\"qtranxs-available-languages-message qtranxs-available-languages-message-en\">Sorry, this entry is only available in <a href=\"https:\/\/www.enerjigazetesi.ist\/tr\/wp-json\/wp\/v2\/posts\/162055\" class=\"qtranxs-available-language-link qtranxs-available-language-link-tr\" title=\"Turkish\">Turkish<\/a>. For the sake of viewer convenience, the content is shown below in the alternative language. You may click the link to switch the active language.<\/p><p><\/p>\n<h2><strong>M\u00fc\u015fteri deneyimi y\u00f6netimi ve bilgi teknolojileri alanlar\u0131nda hizmet veren i\u015f s\u00fcre\u00e7leri d\u0131\u015f kaynak firmas\u0131 olan Tempo BPO, Batman ve \u015eanl\u0131urfa lokasyonlar\u0131nda art\u0131k sadece g\u00fcne\u015f enerjisinden \u00fcretilen elektri\u011fi kullanacak. \u00c7evreci bir anlay\u0131\u015fa sahip olan Tempo BPO, herhangi bir gaz sal\u0131n\u0131m\u0131 yapmayan, do\u011fayla dost olan bu enerji sistemini <img loading=\"lazy\" class=\"alignright wp-image-162057\" src=\"https:\/\/www.enerjigazetesi.ist\/wp-content\/uploads\/2022\/10\/TempoBPO_CEO_TAYLAN_AKALIN.jpg\" alt=\"\" width=\"240\" height=\"360\" srcset=\"https:\/\/www.enerjigazetesi.ist\/wp-content\/uploads\/2022\/10\/TempoBPO_CEO_TAYLAN_AKALIN.jpg 550w, https:\/\/www.enerjigazetesi.ist\/wp-content\/uploads\/2022\/10\/TempoBPO_CEO_TAYLAN_AKALIN-200x300.jpg 200w, https:\/\/www.enerjigazetesi.ist\/wp-content\/uploads\/2022\/10\/TempoBPO_CEO_TAYLAN_AKALIN-267x400.jpg 267w, https:\/\/www.enerjigazetesi.ist\/wp-content\/uploads\/2022\/10\/TempoBPO_CEO_TAYLAN_AKALIN-33x50.jpg 33w, https:\/\/www.enerjigazetesi.ist\/wp-content\/uploads\/2022\/10\/TempoBPO_CEO_TAYLAN_AKALIN-500x750.jpg 500w\" sizes=\"(max-width: 240px) 100vw, 240px\" \/>kullanarak do\u011faya katk\u0131 yapmay\u0131 hedefliyor.<\/strong><\/h2>\n<p>U\u00e7tan uca hizmet veren, inovatif yakla\u015f\u0131mlarla m\u00fc\u015fteri deneyimi y\u00f6netimi ve bilgi teknolojileri sunan Tempo BPO,\u00a0Batman ve \u015eanl\u0131urfa lokasyonlar\u0131nda art\u0131k sadece<strong> g\u00fcne\u015f enerjisinden \u00fcretilen elektri\u011fi<\/strong> kullanacak.\u00a0<strong>\u015eanl\u0131urfa<\/strong>\u2019da iki, <strong>Batman<\/strong>\u2019da bir lokasyonda olmak \u00fczere toplamda 750 \u00e7al\u0131\u015fan kapasitesinin bulundu\u011fu, <strong>4 bin metrekarelik<\/strong> alan\u0131n elektri\u011fi g\u00fcne\u015f enerjisinden sa\u011flanacak. Do\u011fal ve do\u011fa dostu olan bu enerjiyi kullanmaya ba\u015flayan <strong>Tempo BPO<\/strong>, b\u00f6ylece kullanaca\u011f\u0131 elektri\u011f<strong>i zararl\u0131 gaz \u00fcretmeden<\/strong> temin ederek \u00e7evreye bir katk\u0131 sa\u011flamay\u0131 hedefliyor.<\/p>\n<h3><strong>Do\u011faya ve ye\u015file sayg\u0131l\u0131 bir sisteme ge\u00e7ildi<\/strong><\/h3>\n<p>\u00c7evre dostu g\u00fcne\u015f enerjisine ge\u00e7mi\u015f olmaktan dolay\u0131 mutlu olduklar\u0131n\u0131 belirten Tempo BPO CEO\u2019su Taylan Akal\u0131n, <span style=\"text-decoration: underline;\">\u015funlar\u0131 s\u00f6yledi:<\/span><\/p>\n<p><em>\u201cYenilenebilir enerjiler aras\u0131nda yer alan bu <strong>enerji sistemleri<\/strong> sadece<strong> g\u00fcne\u015f<\/strong> ile \u00e7al\u0131\u015f\u0131yor. Herhangi bir<strong> gaz sal\u0131m\u0131n\u0131<\/strong> yapmad\u0131\u011f\u0131 i\u00e7in de do\u011faya zarar vermiyor. Do\u011faya ve ye\u015file sayg\u0131l\u0131, karbon ayak izini en aza indiren bu sistemi art\u0131k Batman ve \u015eanl\u0131urfa lokasyonlar\u0131m\u0131zda kullanaca\u011f\u0131z. Bu lokasyonlar\u0131m\u0131z\u0131n elektri\u011fi sadece g\u00fcne\u015f enerjisiyle sa\u011flanacak. \u00c7evre dostu bir \u015firket olarak bu karar\u0131m\u0131z\u0131 hayata ge\u00e7irmi\u015f olmaktan dolay\u0131 \u00e7ok mutluyuz.\u201d<\/em><\/p>","protected":false},"excerpt":{"rendered":"<p>Sorry, this entry is only available in Turkish. For the sake of viewer convenience, the content is shown below in the alternative language. You may click the link to switch the active language. M\u00fc\u015fteri deneyimi y\u00f6netimi ve bilgi teknolojileri alanlar\u0131nda hizmet veren i\u015f s\u00fcre\u00e7leri d\u0131\u015f kaynak firmas\u0131 olan Tempo BPO, Batman ve \u015eanl\u0131urfa lokasyonlar\u0131nda art\u0131k [&hellip;]<\/p>\n","protected":false},"author":1,"featured_media":162058,"comment_status":"open","ping_status":"open","sticky":false,"template":"","format":"standard","meta":[],"categories":[51,53,49],"tags":[2793,34549,10805,2097,105842],"views":48,"_links":{"self":[{"href":"https:\/\/www.enerjigazetesi.ist\/en\/wp-json\/wp\/v2\/posts\/162055"}],"collection":[{"href":"https:\/\/www.enerjigazetesi.ist\/en\/wp-json\/wp\/v2\/posts"}],"about":[{"href":"https:\/\/www.enerjigazetesi.ist\/en\/wp-json\/wp\/v2\/types\/post"}],"author":[{"embeddable":true,"href":"https:\/\/www.enerjigazetesi.ist\/en\/wp-json\/wp\/v2\/users\/1"}],"replies":[{"embeddable":true,"href":"https:\/\/www.enerjigazetesi.ist\/en\/wp-json\/wp\/v2\/comments?post=162055"}],"version-history":[{"count":0,"href":"https:\/\/www.enerjigazetesi.ist\/en\/wp-json\/wp\/v2\/posts\/162055\/revisions"}],"wp:featuredmedia":[{"embeddable":true,"href":"https:\/\/www.enerjigazetesi.ist\/en\/wp-json\/wp\/v2\/media\/162058"}],"wp:attachment":[{"href":"https:\/\/www.enerjigazetesi.ist\/en\/wp-json\/wp\/v2\/media?parent=162055"}],"wp:term":[{"taxonomy":"category","embeddable":true,"href":"https:\/\/www.enerjigazetesi.ist\/en\/wp-json\/wp\/v2\/categories?post=162055"},{"taxonomy":"post_tag","embeddable":true,"href":"https:\/\/www.enerjigazetesi.ist\/en\/wp-json\/wp\/v2\/tags?post=162055"}],"curies":[{"name":"wp","href":"https:\/\/api.w.org\/{rel}","templated":true}]}}