{"id":162032,"date":"2022-10-31T12:45:22","date_gmt":"2022-10-31T09:45:22","guid":{"rendered":"https:\/\/www.enerjigazetesi.ist\/?p=162032"},"modified":"2022-10-31T12:49:53","modified_gmt":"2022-10-31T09:49:53","slug":"cumhuriyetin-99-uncu-yilinda-sabanci-dan-tarihi-seferberlik","status":"publish","type":"post","link":"https:\/\/www.enerjigazetesi.ist\/en\/cumhuriyetin-99-uncu-yilinda-sabanci-dan-tarihi-seferberlik\/","title":{"rendered":"(Turkish) Cumhuriyet\u2019in 99&#8217;uncu Y\u0131l\u0131nda Sabanc\u0131\u2019dan Tarihi Seferberlik"},"content":{"rendered":"<p class=\"qtranxs-available-languages-message qtranxs-available-languages-message-en\">Sorry, this entry is only available in <a href=\"https:\/\/www.enerjigazetesi.ist\/tr\/wp-json\/wp\/v2\/posts\/162032\" class=\"qtranxs-available-language-link qtranxs-available-language-link-tr\" title=\"Turkish\">Turkish<\/a>. For the sake of viewer convenience, the content is shown below in the alternative language. You may click the link to switch the active language.<\/p><p><\/p>\n<h2>Kuruldu\u011fu g\u00fcnden g\u00fcn\u00fcm\u00fcze Cumhuriyet\u2019in de\u011ferlerini ya\u015fatmay\u0131 en b\u00fcy\u00fck \u00f6nceli\u011fi olarak g\u00f6ren Sabanc\u0131 Toplulu\u011fu, ge\u00e7ti\u011fimiz y\u0131l oldu\u011fu gibi bu y\u0131l da T\u00fcrkiye Cumhuriyeti\u2019nin 99\u2019uncu y\u0131l d\u00f6n\u00fcm\u00fcn\u00fc b\u00fcy\u00fck bir co\u015fkuyla, sahada \u00e7al\u0131\u015farak kutlad\u0131.<\/h2>\n<p>Ge\u00e7ti\u011fimiz y\u0131l ba\u015flat\u0131lan <strong>Sabanc\u0131 Cumhuriyet Seferberli\u011fi<\/strong>\u2019nin kapsam\u0131n\u0131 bu y\u0131l daha da geni\u015fleterek T\u00fcrkiye\u2019nin en geni\u015f kat\u0131l\u0131ml\u0131 <strong>sosyal sorumluluk seferberli\u011fi<\/strong>ne imza atan Sabanc\u0131 Toplulu\u011fu, <strong>16 \u015firket<\/strong> ve kurumunun kat\u0131l\u0131m\u0131yla<strong> 41 ilde<\/strong> ger\u00e7ekle\u015ftirdi\u011fi <strong>120<\/strong> etkinlikte, <strong>15 bini a\u015fk\u0131n<\/strong> g\u00f6n\u00fcll\u00fcs\u00fcyle y\u0131l boyunca sahada olmaya devam edecek.<\/p>\n<h3>32 FARKLI SOSYAL PROJE HAYATA GE\u00c7\u0130R\u0130L\u0130YOR<\/h3>\n<p><strong>\u201cGen\u00e7lerin gelece\u011fe haz\u0131rlanmas\u0131\u201d, \u201cKad\u0131nlar\u0131n i\u015f g\u00fcc\u00fcne kat\u0131l\u0131m\u0131\u201d, \u201c\u0130klim acil durumu <img loading=\"lazy\" class=\"alignright wp-image-162035\" src=\"https:\/\/www.enerjigazetesi.ist\/wp-content\/uploads\/2022\/10\/cumhuriyetin-99-uncu-yilinda-sabanci-dan-tarihi-seferberlik-2.jpg\" alt=\"\" width=\"240\" height=\"360\" srcset=\"https:\/\/www.enerjigazetesi.ist\/wp-content\/uploads\/2022\/10\/cumhuriyetin-99-uncu-yilinda-sabanci-dan-tarihi-seferberlik-2.jpg 550w, https:\/\/www.enerjigazetesi.ist\/wp-content\/uploads\/2022\/10\/cumhuriyetin-99-uncu-yilinda-sabanci-dan-tarihi-seferberlik-2-200x300.jpg 200w, https:\/\/www.enerjigazetesi.ist\/wp-content\/uploads\/2022\/10\/cumhuriyetin-99-uncu-yilinda-sabanci-dan-tarihi-seferberlik-2-267x400.jpg 267w, https:\/\/www.enerjigazetesi.ist\/wp-content\/uploads\/2022\/10\/cumhuriyetin-99-uncu-yilinda-sabanci-dan-tarihi-seferberlik-2-33x50.jpg 33w, https:\/\/www.enerjigazetesi.ist\/wp-content\/uploads\/2022\/10\/cumhuriyetin-99-uncu-yilinda-sabanci-dan-tarihi-seferberlik-2-500x750.jpg 500w\" sizes=\"(max-width: 240px) 100vw, 240px\" \/>ile kal\u0131c\u0131 m\u00fccadele\u201d ve \u201cBiyo\u00e7e\u015fitlili\u011fe destek\u201d<\/strong> olarak belirlenen <strong>4 ana ba\u015fl\u0131kta<\/strong>, Sabanc\u0131 Toplulu\u011fu i\u015ftirakleri taraf\u0131ndan hayata ge\u00e7irilen<strong> 32 sosyal proje<\/strong>, bir yandan <strong>T\u00fcrkiye\u2019nin toplumsal kalk\u0131nmas\u0131na destek<\/strong> verirken bir yandan da \u00fclkemizde <strong>g\u00f6n\u00fcll\u00fcl\u00fck konusunda \u00f6nemli bir fark\u0131ndal\u0131k<\/strong> olu\u015fturacak. Sabanc\u0131 Toplulu\u011fu, seferberlik kapsam\u0131nda ger\u00e7ekle\u015ftirece\u011fi t\u00fcm \u00e7al\u0131\u015fmalar\u0131, ge\u00e7ti\u011fimiz y\u0131l oldu\u011fu gibi bu y\u0131l da <strong>10 Kas\u0131m<\/strong>\u2019da<strong> Ulu \u00d6nder Mustafa Kemal Atat\u00fcrk<\/strong>\u2019e arma\u011fan ederek, O\u2019nun an\u0131s\u0131n\u0131, \u00fclkesi i\u00e7in \u00e7al\u0131\u015farak ya\u015fatacak.<\/p>\n<h3>CENK ALPER: \u201cCUMHUR\u0130YET; \u00c7A\u011eDA\u015eLIKTIR, E\u015e\u0130TL\u0130KT\u0130R, S\u00dcREKL\u0130 \u0130LERLEMED\u0130R\u201d<\/h3>\n<p>Cumhuriyet\u2019in <strong>99\u2019uncu y\u0131l d\u00f6n\u00fcm\u00fc<\/strong> kutlamalar\u0131 kapsam\u0131nda <strong>\u00c7anakkale\u2019de<\/strong> d\u00fczenlenen seferberlik etkinli\u011finde konu\u015fan <em>Sabanc\u0131 Holding CEO\u2019su<\/em> <strong>Cenk Alper<\/strong>, <em>\u201cGe\u00e7en y\u0131l Toplulu\u011fumuzun kurulu\u015f yeri olan <strong>Adana\u2019da<\/strong> ba\u015flatt\u0131\u011f\u0131m\u0131z seferberli\u011fi bu y\u0131l \u00fclkemizin farkl\u0131 bir ucuna, <strong>\u00c7anakkale\u2019ye<\/strong> ta\u015f\u0131d\u0131k. Bir ulusun ba\u011f\u0131ms\u0131zl\u0131\u011f\u0131n\u0131, var olma m\u00fccadelesini d\u00fcnya literat\u00fcr\u00fcne sokan; inanc\u0131n ve adanm\u0131\u015fl\u0131\u011f\u0131n imkans\u0131zl\u0131klara kar\u015f\u0131 zaferini temsil eden <strong>\u00c7anakkale<\/strong> gibi bir yerde, b\u00f6ylesine anlaml\u0131 bir tarihte, T\u00fcrkiye\u2019nin en geni\u015f kat\u0131l\u0131ml\u0131 <strong>sosyal sorumluluk seferberli\u011fini<\/strong> hayata ge\u00e7irmekten b\u00fcy\u00fck gurur duyuyoruz\u201d<\/em> dedi.<\/p>\n<p>Konu\u015fmas\u0131nda Cumhuriyet\u2019in sadece bir y\u00f6netim \u015fekli olmad\u0131\u011f\u0131n\u0131 dile getiren <strong>Cenk Alper<\/strong>, \u015funlar\u0131 s\u00f6yledi: \u201cCumhuriyet asl\u0131nda bir ya\u015fam bi\u00e7imidir. \u00c7a\u011fda\u015fl\u0131kt\u0131r, e\u015fitliktir, s\u00fcrekli ilerlemedir. Ve en \u00f6nemlisi; bu topraklar\u0131 sevmek, onlara daima sahip \u00e7\u0131kmakt\u0131r. <strong>Ulu \u00d6nder Mustafa Kemal Atat\u00fcrk<\/strong>\u2019\u00fcn ilke ve de\u011ferlerini sonsuz<em>a kadar ya\u015fatmak ve bu u\u011furda y\u0131lmadan \u00e7al\u0131\u015fmakt\u0131r. Biz ge\u00e7ti\u011fimiz y\u0131l <strong>Sabanc\u0131 Cumhuriyet Seferberli\u011fini<\/strong> ba\u015flat\u0131rken, \u00fclkemize, milletimize, Cumhuriyet\u2019e duydu\u011fumuz sevgiyi \u00e7ok daha farkl\u0131 bir \u015fekilde g\u00f6stermeyi arzu ettik. Kar\u015f\u0131l\u0131ks\u0131z sevgiyi ald\u0131\u011f\u0131m\u0131z aksiyonlarla, yaratt\u0131\u011f\u0131m\u0131z de\u011ferle ortaya koymaya \u00e7al\u0131\u015ft\u0131k. Toplam <strong>7 bin<\/strong> g\u00f6n\u00fcll\u00fcm\u00fczle<strong> 35 bin saatimizi<\/strong> bu seferberli\u011fe ay\u0131rd\u0131k. Yakla\u015f\u0131k<strong> 15 g\u00fcn<\/strong> boyunca, <strong>fidan diktik, \u00e7\u00f6pleri toplad\u0131k, at\u0131klar\u0131 ayr\u0131\u015ft\u0131rd\u0131k, g\u00fcbreleme yapt\u0131k, okul boyad\u0131k, kitap ba\u011f\u0131\u015flad\u0131k, ah\u0131rlar ve ge\u00e7ici konutlar in\u015fa ettik, yard\u0131m kolileri<\/strong> haz\u0131rlad\u0131k. Ve t\u00fcm bu i\u015flerimizi de <strong>10 Kas\u0131m<\/strong>\u2019da <strong>Atam\u0131za arma\u011fan ettik.\u201d<\/strong><\/em><\/p>\n<h3>15 B\u0130N G\u00d6N\u00dcLL\u00dcM\u00dcZLE YIL BOYUNCA SAHADAYIZ<\/h3>\n<p>Bu y\u0131l bu hareketin kapsam\u0131n\u0131 \u00e7ok daha geni\u015flettiklerini ifade eden <strong>Cenk Alper<\/strong>, \u201c<em>15 bini a\u015fk\u0131n Sabanc\u0131 g\u00f6n\u00fcll\u00fcm\u00fczle birlikte, T\u00fcrkiye\u2019nin en geni\u015f kat\u0131l\u0131ml\u0131 sosyal sorumluluk seferberli\u011fini hayata ge\u00e7iriyoruz. Ge\u00e7ti\u011fimiz y\u0131l <strong>11<\/strong> olan il say\u0131s\u0131n\u0131 bu sene <strong>41<\/strong>\u2019e y\u00fckselttik. <strong>16<\/strong> \u015firketimizin kat\u0131l\u0131m\u0131yla ger\u00e7ekle\u015ftirdi\u011fimiz <strong>32 farkl\u0131 sosyal proje<\/strong> kapsam\u0131nda <strong>120 etkinlikle<\/strong> birlikte, kar\u015f\u0131l\u0131ks\u0131z sevmenin, asl\u0131nda bu topraklara de\u011fer katmak oldu\u011funun bir kez daha alt\u0131n\u0131 \u00e7iziyoruz. <strong>Gen\u00e7lerimizin gelece\u011fe haz\u0131rlanmas\u0131, kad\u0131nlar\u0131n i\u015f g\u00fcc\u00fcne kat\u0131l\u0131m\u0131, iklim acil durumu ile kal\u0131c\u0131 m\u00fccadelenin sa\u011flanmas\u0131, biyo\u00e7e\u015fitlili\u011fe destek verilmesi<\/strong> gibi farkl\u0131 ba\u015fl\u0131klarda hayata ge\u00e7irdi\u011fimiz ve y\u0131l boyunca devam eden proje ve uygulamalarla, <strong>topyek\u00fbn bir seferberlik<\/strong> ilan ediyoruz\u201d<\/em> \u015feklinde konu\u015ftu.<\/p>\n<p>Cumhuriyet de\u011ferlerini, d\u00fcnyan\u0131n i\u00e7inden <em>ge\u00e7ti\u011fi zorluklardan ba\u011f\u0131ms\u0131z d\u00fc\u015f\u00fcnmenin m\u00fcmk\u00fcn olmad\u0131\u011f\u0131n\u0131 s\u00f6zlerine ekleyen <strong>Cenk Alper<\/strong>, \u201cBug\u00fcn insanl\u0131k olarak<strong> yeni bir var olma m\u00fccadelesi<\/strong>nin i\u00e7indeyiz.<strong> Sabanc\u0131 Toplulu\u011fu<\/strong> olarak, ortaya koydu\u011fumuz t\u00fcm s\u00fcrd\u00fcr\u00fclebilirlik taahh\u00fctlerimiz, t\u00fcm proje ve uygulamalar\u0131m\u0131z, <strong>Cumhuriyet Seferberli\u011fi<\/strong> kapsam\u0131nda yapt\u0131\u011f\u0131m\u0131z t\u00fcm etkinliklerimiz, <strong>Hac\u0131 Sabanc\u0131\u2019dan bizlere miras<\/strong> kalan, \u201cBu topraklardan kazand\u0131\u011f\u0131n\u0131 bu topraklar\u0131n insan\u0131yla payla\u015fma\u201d ilkemizin vazge\u00e7ilmez bir par\u00e7as\u0131. Ama bunun yan\u0131nda insanl\u0131\u011f\u0131n gelece\u011fini ilgilendiren bu <strong>var olu\u015f m\u00fccadelesi<\/strong>nde, <strong>s\u00fcrd\u00fcr\u00fclebilir ya\u015fama<\/strong> sahip \u00e7\u0131kma kararl\u0131l\u0131\u011f\u0131m\u0131z\u0131n bir g\u00f6stergesi\u201d<\/em> ifadelerini kulland\u0131.<\/p>","protected":false},"excerpt":{"rendered":"<p>Sorry, this entry is only available in Turkish. For the sake of viewer convenience, the content is shown below in the alternative language. You may click the link to switch the active language. Kuruldu\u011fu g\u00fcnden g\u00fcn\u00fcm\u00fcze Cumhuriyet\u2019in de\u011ferlerini ya\u015fatmay\u0131 en b\u00fcy\u00fck \u00f6nceli\u011fi olarak g\u00f6ren Sabanc\u0131 Toplulu\u011fu, ge\u00e7ti\u011fimiz y\u0131l oldu\u011fu gibi bu y\u0131l da T\u00fcrkiye Cumhuriyeti\u2019nin [&hellip;]<\/p>\n","protected":false},"author":1,"featured_media":162036,"comment_status":"open","ping_status":"open","sticky":false,"template":"","format":"standard","meta":[],"categories":[53,52],"tags":[3272,105836,4427,105837,56643,105834,50959,105835],"views":54,"_links":{"self":[{"href":"https:\/\/www.enerjigazetesi.ist\/en\/wp-json\/wp\/v2\/posts\/162032"}],"collection":[{"href":"https:\/\/www.enerjigazetesi.ist\/en\/wp-json\/wp\/v2\/posts"}],"about":[{"href":"https:\/\/www.enerjigazetesi.ist\/en\/wp-json\/wp\/v2\/types\/post"}],"author":[{"embeddable":true,"href":"https:\/\/www.enerjigazetesi.ist\/en\/wp-json\/wp\/v2\/users\/1"}],"replies":[{"embeddable":true,"href":"https:\/\/www.enerjigazetesi.ist\/en\/wp-json\/wp\/v2\/comments?post=162032"}],"version-history":[{"count":0,"href":"https:\/\/www.enerjigazetesi.ist\/en\/wp-json\/wp\/v2\/posts\/162032\/revisions"}],"wp:featuredmedia":[{"embeddable":true,"href":"https:\/\/www.enerjigazetesi.ist\/en\/wp-json\/wp\/v2\/media\/162036"}],"wp:attachment":[{"href":"https:\/\/www.enerjigazetesi.ist\/en\/wp-json\/wp\/v2\/media?parent=162032"}],"wp:term":[{"taxonomy":"category","embeddable":true,"href":"https:\/\/www.enerjigazetesi.ist\/en\/wp-json\/wp\/v2\/categories?post=162032"},{"taxonomy":"post_tag","embeddable":true,"href":"https:\/\/www.enerjigazetesi.ist\/en\/wp-json\/wp\/v2\/tags?post=162032"}],"curies":[{"name":"wp","href":"https:\/\/api.w.org\/{rel}","templated":true}]}}