{"id":162005,"date":"2022-10-30T19:24:33","date_gmt":"2022-10-30T16:24:33","guid":{"rendered":"https:\/\/www.enerjigazetesi.ist\/?p=162005"},"modified":"2022-10-30T19:24:33","modified_gmt":"2022-10-30T16:24:33","slug":"togg-c-sedan-ve-c-x-coupe-modellerinin-gorselleri-ilk-kez-paylasildi","status":"publish","type":"post","link":"https:\/\/www.enerjigazetesi.ist\/en\/togg-c-sedan-ve-c-x-coupe-modellerinin-gorselleri-ilk-kez-paylasildi\/","title":{"rendered":"(Turkish) Togg, C-Sedan ve C-X Coup\u00e9 Modellerinin G\u00f6rselleri \u0130lk Kez Payla\u015f\u0131ld\u0131"},"content":{"rendered":"<p class=\"qtranxs-available-languages-message qtranxs-available-languages-message-en\">Sorry, this entry is only available in <a href=\"https:\/\/www.enerjigazetesi.ist\/tr\/wp-json\/wp\/v2\/posts\/162005\" class=\"qtranxs-available-language-link qtranxs-available-language-link-tr\" title=\"Turkish\">Turkish<\/a>. For the sake of viewer convenience, the content is shown below in the alternative language. You may click the link to switch the active language.<\/p><p><\/p>\n<h2><strong>T\u00fcrkiye\u2019nin mobilite alan\u0131nda hizmet veren k\u00fcresel teknoloji markas\u0131 TOGG, 29 Ekim\u2019deki Togg Teknoloji Kamp\u00fcs\u00fc a\u00e7\u0131l\u0131\u015f\u0131nda C SUV\u2019un ard\u0131ndan \u00fcretim s\u0131ras\u0131na girecek C-Sedan ve C-X Coup\u00e9 modellerinin g\u00f6rsellerini ilk kez payla\u015ft\u0131.<\/strong><\/h2>\n<p>\u0130lk ak\u0131ll\u0131 cihaz\u0131 <strong>C SUV<\/strong>\u2019u seri \u00fcretim band\u0131ndan indiren<strong> Togg, C-Sedan<\/strong> ve <strong>C-X Coup\u00e9 modelleriyle<\/strong> ilgili ilk ipu\u00e7lar\u0131n\u0131 da verdi. <strong>Togg Teknoloji Kamp\u00fcs\u00fc<\/strong>\u2019n\u00fcn a\u00e7\u0131l\u0131\u015f t\u00f6reninde <em>\u201cYeniLig\u2019e Yolculukta S\u0131radaki Ad\u0131mlar\u201d<\/em> ba\u015fl\u0131kl\u0131 b\u00f6l\u00fcmde gelece\u011fe y\u00f6nelik \u00e7al\u0131\u015fmalar\u0131n\u0131 anlatan <em>Togg CEO<\/em>\u2019su <strong>M. G\u00fcrcan Karaka\u015f<\/strong>, C SUV\u2019un ard\u0131ndan \u00fcretim s\u0131ras\u0131na girecek <strong>C-Sedan<\/strong> ve <strong>C-X Coup\u00e9 modelleri<\/strong>nin g\u00f6rsellerini ilk kez payla\u015ft\u0131.<\/p>\n<p style=\"text-align: center;\"><img loading=\"lazy\" class=\"aligncenter wp-image-162007\" src=\"https:\/\/www.enerjigazetesi.ist\/wp-content\/uploads\/2022\/10\/togg-c-sedan-ve-c-x-coupe-modellerinin-gorselleri-ilk-kez-paylasildi.jpg\" alt=\"\" width=\"550\" height=\"315\" srcset=\"https:\/\/www.enerjigazetesi.ist\/wp-content\/uploads\/2022\/10\/togg-c-sedan-ve-c-x-coupe-modellerinin-gorselleri-ilk-kez-paylasildi.jpg 1048w, https:\/\/www.enerjigazetesi.ist\/wp-content\/uploads\/2022\/10\/togg-c-sedan-ve-c-x-coupe-modellerinin-gorselleri-ilk-kez-paylasildi-300x172.jpg 300w, https:\/\/www.enerjigazetesi.ist\/wp-content\/uploads\/2022\/10\/togg-c-sedan-ve-c-x-coupe-modellerinin-gorselleri-ilk-kez-paylasildi-1024x587.jpg 1024w, https:\/\/www.enerjigazetesi.ist\/wp-content\/uploads\/2022\/10\/togg-c-sedan-ve-c-x-coupe-modellerinin-gorselleri-ilk-kez-paylasildi-768x440.jpg 768w, https:\/\/www.enerjigazetesi.ist\/wp-content\/uploads\/2022\/10\/togg-c-sedan-ve-c-x-coupe-modellerinin-gorselleri-ilk-kez-paylasildi-500x287.jpg 500w, https:\/\/www.enerjigazetesi.ist\/wp-content\/uploads\/2022\/10\/togg-c-sedan-ve-c-x-coupe-modellerinin-gorselleri-ilk-kez-paylasildi-80x46.jpg 80w\" sizes=\"(max-width: 550px) 100vw, 550px\" \/><\/p>\n<h3><strong>\u201cAk\u0131ll\u0131 cihaz \u00fcr\u00fcn portf\u00f6y\u00fc i\u00e7in heyecanla \u00e7al\u0131\u015f\u0131yoruz\u201d<\/strong><\/h3>\n<p><em>Togg CEO\u2019su<\/em> <strong>M. G\u00fcrcan Karaka\u015f<\/strong>, projenin ba\u015f\u0131nda tek bir \u00fcr\u00fcn ile de\u011fil ak\u0131ll\u0131 cihaz \u00fcr\u00fcn portf\u00f6y\u00fc ile yola \u00e7\u0131kt\u0131klar\u0131n\u0131 belirterek,<em> \u201cHedeflerimiz do\u011frultusunda<strong> 2030 y\u0131l\u0131na<\/strong> kadar <strong>5 farkl\u0131 model<\/strong> planlad\u0131k. \u0130lk ak\u0131ll\u0131 cihaz\u0131m\u0131z <strong>C SUV <\/strong>ile <strong>2023 y\u0131l\u0131n\u0131n ilk \u00e7eyre\u011finde<\/strong> kullan\u0131c\u0131lar\u0131m\u0131zla bulu\u015faca\u011f\u0131z. 2025 y\u0131l\u0131n\u0131n ilk yar\u0131s\u0131nda C-Sedan, 2026 y\u0131l\u0131nda ise <strong>C-X Coup\u00e9<\/strong> yollara \u00e7\u0131kmaya haz\u0131r olacak. <strong>B-SUV<\/strong> ve <strong>MPV modelleri<\/strong>miz i\u00e7in de \u00e7al\u0131\u015fmalar\u0131m\u0131z\u0131 heyecanla s\u00fcrd\u00fcr\u00fcyoruz\u201d<\/em> ifadelerini kulland\u0131.<\/p>\n<h3><strong>Ortak platformda 5 farkl\u0131 model<\/strong><\/h3>\n<p>2030\u2019a kadar ortak platform kullanarak <strong>5 farkl\u0131 model v<\/strong>e toplam<strong> 1 milyon adet ara\u00e7 \u00fcretmeyi<\/strong> planlayan Togg, <strong>homologasyon testlerinin tamamlanmas\u0131<\/strong>n\u0131n ard\u0131ndan <strong>2023 y\u0131l\u0131n\u0131n<\/strong> ilk \u00e7eyre\u011finde C segmentindeki ilk ak\u0131ll\u0131 cihaz\u0131 olan SUV ile pazara \u00e7\u0131kacak. Ard\u0131ndan yine C segmentindeki Sedan ve C-X Coup\u00e9 modelleri \u00fcretim s\u0131ras\u0131na girecek. Takip eden y\u0131llarda B-SUV ve C-MPV\u2019nin de aileye kat\u0131lmas\u0131yla,<strong> ayn\u0131 DNA\u2019y\u0131 ta\u015f\u0131yan<\/strong> ve <strong>5 modelden olu\u015fan<\/strong> \u00fcr\u00fcn gam\u0131 tamamlanacak.<\/p>","protected":false},"excerpt":{"rendered":"<p>Sorry, this entry is only available in Turkish. For the sake of viewer convenience, the content is shown below in the alternative language. You may click the link to switch the active language. T\u00fcrkiye\u2019nin mobilite alan\u0131nda hizmet veren k\u00fcresel teknoloji markas\u0131 TOGG, 29 Ekim\u2019deki Togg Teknoloji Kamp\u00fcs\u00fc a\u00e7\u0131l\u0131\u015f\u0131nda C SUV\u2019un ard\u0131ndan \u00fcretim s\u0131ras\u0131na girecek C-Sedan [&hellip;]<\/p>\n","protected":false},"author":1,"featured_media":162007,"comment_status":"open","ping_status":"open","sticky":false,"template":"","format":"standard","meta":[],"categories":[51,53],"tags":[73008,105642,105827,20721,11567,105828],"views":71,"_links":{"self":[{"href":"https:\/\/www.enerjigazetesi.ist\/en\/wp-json\/wp\/v2\/posts\/162005"}],"collection":[{"href":"https:\/\/www.enerjigazetesi.ist\/en\/wp-json\/wp\/v2\/posts"}],"about":[{"href":"https:\/\/www.enerjigazetesi.ist\/en\/wp-json\/wp\/v2\/types\/post"}],"author":[{"embeddable":true,"href":"https:\/\/www.enerjigazetesi.ist\/en\/wp-json\/wp\/v2\/users\/1"}],"replies":[{"embeddable":true,"href":"https:\/\/www.enerjigazetesi.ist\/en\/wp-json\/wp\/v2\/comments?post=162005"}],"version-history":[{"count":0,"href":"https:\/\/www.enerjigazetesi.ist\/en\/wp-json\/wp\/v2\/posts\/162005\/revisions"}],"wp:featuredmedia":[{"embeddable":true,"href":"https:\/\/www.enerjigazetesi.ist\/en\/wp-json\/wp\/v2\/media\/162007"}],"wp:attachment":[{"href":"https:\/\/www.enerjigazetesi.ist\/en\/wp-json\/wp\/v2\/media?parent=162005"}],"wp:term":[{"taxonomy":"category","embeddable":true,"href":"https:\/\/www.enerjigazetesi.ist\/en\/wp-json\/wp\/v2\/categories?post=162005"},{"taxonomy":"post_tag","embeddable":true,"href":"https:\/\/www.enerjigazetesi.ist\/en\/wp-json\/wp\/v2\/tags?post=162005"}],"curies":[{"name":"wp","href":"https:\/\/api.w.org\/{rel}","templated":true}]}}