{"id":161981,"date":"2022-10-30T14:07:51","date_gmt":"2022-10-30T11:07:51","guid":{"rendered":"https:\/\/www.enerjigazetesi.ist\/?p=161981"},"modified":"2022-10-30T14:07:51","modified_gmt":"2022-10-30T11:07:51","slug":"odtu-iklim-ve-surdurulebilir-kalkinma-arastirma-merkezi-kuruldu","status":"publish","type":"post","link":"https:\/\/www.enerjigazetesi.ist\/en\/odtu-iklim-ve-surdurulebilir-kalkinma-arastirma-merkezi-kuruldu\/","title":{"rendered":"(Turkish) ODT\u00dc \u0130klim ve S\u00fcrd\u00fcr\u00fclebilir Kalk\u0131nma Ara\u015ft\u0131rma Merkezi Kuruldu"},"content":{"rendered":"<p class=\"qtranxs-available-languages-message qtranxs-available-languages-message-en\">Sorry, this entry is only available in <a href=\"https:\/\/www.enerjigazetesi.ist\/tr\/wp-json\/wp\/v2\/posts\/161981\" class=\"qtranxs-available-language-link qtranxs-available-language-link-tr\" title=\"Turkish\">Turkish<\/a>. For the sake of viewer convenience, the content is shown below in the alternative language. You may click the link to switch the active language.<\/p><p><\/p>\n<h2>Orta Do\u011fu Teknik \u00dcniversitesi \u0130klim De\u011fi\u015fikli\u011fi ve S\u00fcrd\u00fcr\u00fclebilir Kalk\u0131nma Uygulama ve Ara\u015ft\u0131rma Merkezi Y\u00f6netmeli\u011fi, Orta Do\u011fu Teknik \u00dcniversitesi (ODT\u00dc) taraf\u0131ndan yay\u0131mlanarak y\u00fcr\u00fcrl\u00fc\u011fe girdi.<\/h2>\n<p style=\"text-align: center;\"><img loading=\"lazy\" class=\"aligncenter wp-image-161983\" src=\"https:\/\/www.enerjigazetesi.ist\/wp-content\/uploads\/2022\/10\/odtu-iklim-ve-surdurulebilir-kalkinma-arastirma-merkezi-kuruldu.jpg\" alt=\"\" width=\"500\" height=\"235\" srcset=\"https:\/\/www.enerjigazetesi.ist\/wp-content\/uploads\/2022\/10\/odtu-iklim-ve-surdurulebilir-kalkinma-arastirma-merkezi-kuruldu.jpg 550w, https:\/\/www.enerjigazetesi.ist\/wp-content\/uploads\/2022\/10\/odtu-iklim-ve-surdurulebilir-kalkinma-arastirma-merkezi-kuruldu-300x141.jpg 300w, https:\/\/www.enerjigazetesi.ist\/wp-content\/uploads\/2022\/10\/odtu-iklim-ve-surdurulebilir-kalkinma-arastirma-merkezi-kuruldu-500x235.jpg 500w, https:\/\/www.enerjigazetesi.ist\/wp-content\/uploads\/2022\/10\/odtu-iklim-ve-surdurulebilir-kalkinma-arastirma-merkezi-kuruldu-80x38.jpg 80w\" sizes=\"(max-width: 500px) 100vw, 500px\" \/><\/p>\n<p>Y\u00f6netmelik kapsam\u0131nda ODT\u00dc \u0130klim ve S\u00fcrd\u00fcr\u00fclebilirlik Ara\u015ft\u0131rma Merkezi \u00e7al\u0131\u015fmalar\u0131n\u0131 y\u00fcr\u00fctecektir. 3 y\u0131l g\u00f6rev yapacak olan<strong> 5<\/strong> ki\u015filik <strong>Y\u00f6netim Kurulu<\/strong> ise<strong> M\u00fcd\u00fcr<\/strong> ile birlikte <strong>Rekt\u00f6r\u00fcn<\/strong> belirleyece\u011fi <strong>4 \u00f6\u011fretim \u00fcyesi<\/strong>nden olu\u015facak.<\/p>\n<p>Dan\u0131\u015fma Kurulu da <strong>M\u00fcd\u00fcr\u00fcn \u00f6nerisi<\/strong> ve<strong> Rekt\u00f6r\u00fcn onay\u0131<\/strong> ile ilgili \u00f6zel veya kamu kurulu\u015fu temsilcileri ile di\u011fer \u00fcniversitelerden benzer Merkezlerde deneyim sahibi isimler aras\u0131ndan yine <strong>M\u00fcd\u00fcr\u00fcn \u00f6nerisi<\/strong> ve <strong>Rekt\u00f6r\u00fcn onay\u0131<\/strong> ile atanacak.<\/p>\n<p>\u0130lgili Resmi Gazete Yay\u0131n\u0131 \u0130\u00e7in <a href=\"https:\/\/www.resmigazete.gov.tr\/eskiler\/2022\/10\/20221028-14.htm\" target=\"_blank\" rel=\"noopener\"><strong>TIKLAYIN&gt;&gt;&gt;<\/strong><\/a><\/p>","protected":false},"excerpt":{"rendered":"<p>Sorry, this entry is only available in Turkish. For the sake of viewer convenience, the content is shown below in the alternative language. You may click the link to switch the active language. Orta Do\u011fu Teknik \u00dcniversitesi \u0130klim De\u011fi\u015fikli\u011fi ve S\u00fcrd\u00fcr\u00fclebilir Kalk\u0131nma Uygulama ve Ara\u015ft\u0131rma Merkezi Y\u00f6netmeli\u011fi, Orta Do\u011fu Teknik \u00dcniversitesi (ODT\u00dc) taraf\u0131ndan yay\u0131mlanarak y\u00fcr\u00fcrl\u00fc\u011fe [&hellip;]<\/p>\n","protected":false},"author":1,"featured_media":161983,"comment_status":"open","ping_status":"open","sticky":false,"template":"","format":"standard","meta":[],"categories":[53,52],"tags":[1999,985,4680,105810,1243],"views":207,"_links":{"self":[{"href":"https:\/\/www.enerjigazetesi.ist\/en\/wp-json\/wp\/v2\/posts\/161981"}],"collection":[{"href":"https:\/\/www.enerjigazetesi.ist\/en\/wp-json\/wp\/v2\/posts"}],"about":[{"href":"https:\/\/www.enerjigazetesi.ist\/en\/wp-json\/wp\/v2\/types\/post"}],"author":[{"embeddable":true,"href":"https:\/\/www.enerjigazetesi.ist\/en\/wp-json\/wp\/v2\/users\/1"}],"replies":[{"embeddable":true,"href":"https:\/\/www.enerjigazetesi.ist\/en\/wp-json\/wp\/v2\/comments?post=161981"}],"version-history":[{"count":0,"href":"https:\/\/www.enerjigazetesi.ist\/en\/wp-json\/wp\/v2\/posts\/161981\/revisions"}],"wp:featuredmedia":[{"embeddable":true,"href":"https:\/\/www.enerjigazetesi.ist\/en\/wp-json\/wp\/v2\/media\/161983"}],"wp:attachment":[{"href":"https:\/\/www.enerjigazetesi.ist\/en\/wp-json\/wp\/v2\/media?parent=161981"}],"wp:term":[{"taxonomy":"category","embeddable":true,"href":"https:\/\/www.enerjigazetesi.ist\/en\/wp-json\/wp\/v2\/categories?post=161981"},{"taxonomy":"post_tag","embeddable":true,"href":"https:\/\/www.enerjigazetesi.ist\/en\/wp-json\/wp\/v2\/tags?post=161981"}],"curies":[{"name":"wp","href":"https:\/\/api.w.org\/{rel}","templated":true}]}}