{"id":161892,"date":"2022-10-28T20:41:09","date_gmt":"2022-10-28T17:41:09","guid":{"rendered":"https:\/\/www.enerjigazetesi.ist\/?p=161892"},"modified":"2022-10-28T20:41:09","modified_gmt":"2022-10-28T17:41:09","slug":"madenlerden-vazgecemeyiz-ancak-iyi-madencilik-ornekleriyle-gelistirebiliriz","status":"publish","type":"post","link":"https:\/\/www.enerjigazetesi.ist\/en\/madenlerden-vazgecemeyiz-ancak-iyi-madencilik-ornekleriyle-gelistirebiliriz\/","title":{"rendered":"(Turkish) Madenlerden Vazge\u00e7emeyiz Ancak \u0130yi Madencilik \u00d6rnekleriyle Geli\u015ftirebiliriz"},"content":{"rendered":"<p class=\"qtranxs-available-languages-message qtranxs-available-languages-message-en\">Sorry, this entry is only available in <a href=\"https:\/\/www.enerjigazetesi.ist\/tr\/wp-json\/wp\/v2\/posts\/161892\" class=\"qtranxs-available-language-link qtranxs-available-language-link-tr\" title=\"Turkish\">Turkish<\/a>. For the sake of viewer convenience, the content is shown below in the alternative language. You may click the link to switch the active language.<\/p><p><\/p>\n<h2><strong>53. T\u00fcrkiye \u0130MSAD G\u00fcndem Bulu\u015fmalar\u0131\u2019nda enerji arz g\u00fcvenli\u011fiyle birlikte son aylarda \u00f6ne \u00e7\u0131kan madencilik faaliyetleri, AB Ye\u015fil Mutabakat \u00e7er\u00e7evesinde ele al\u0131nd\u0131. &#8216;Ye\u015fil Mutabakat ve Madenlerimiz&#8217; ba\u015fl\u0131kl\u0131 online oturumda, \u0130M\u0130B Y\u00f6netim Kurulu ve T\u0130M Maden Sekt\u00f6r Kurulu Ba\u015fkan\u0131 R\u00fcstem \u00c7etinkaya, \u201cMadenler olmadan bug\u00fcn hayat\u0131m\u0131z\u0131 s\u00fcrd\u00fcrmek m\u00fcmk\u00fcn de\u011fil. Yap\u0131 sekt\u00f6r\u00fcnden ila\u00e7 sekt\u00f6r\u00fcne kozmetikten teknolojiye kadar madenlerin girmedi\u011fi sekt\u00f6r bulunmuyor. Dolay\u0131s\u0131yla madenlerden vazge\u00e7emeyiz ancak iyi madencilik \u00f6rnekleriyle geli\u015ftirebilir, bu kaynaklar\u0131 \u00fclkemize kazand\u0131rabiliriz\u201d dedi.<\/strong><\/h2>\n<p><strong>T\u00fcrkiye \u0130MSAD\u00a0<\/strong>(T\u00fcrkiye \u0130n\u015faat Malzemesi Sanayicileri Derne\u011fi) taraf\u0131ndan <strong>53<\/strong>\u2019\u00fcnc\u00fc kez d\u00fczenlenen \u2018<strong>G\u00fcndem Bulu\u015fmalar\u0131<\/strong>\u2019, 27 Ekim 2022 tarihinde Demird\u00f6k\u00fcm\u2019\u00fcn katk\u0131lar\u0131yla online olarak ger\u00e7ekle\u015ftirildi.<\/p>\n<p style=\"text-align: center;\"><strong><img loading=\"lazy\" class=\"aligncenter size-full wp-image-161898\" src=\"https:\/\/www.enerjigazetesi.ist\/wp-content\/uploads\/2022\/10\/videolu-madenler-temiz-enerjiye-geciste-cok-onemli-rol-oynayacak-2.jpg\" alt=\"\" width=\"550\" height=\"333\" srcset=\"https:\/\/www.enerjigazetesi.ist\/wp-content\/uploads\/2022\/10\/videolu-madenler-temiz-enerjiye-geciste-cok-onemli-rol-oynayacak-2.jpg 550w, https:\/\/www.enerjigazetesi.ist\/wp-content\/uploads\/2022\/10\/videolu-madenler-temiz-enerjiye-geciste-cok-onemli-rol-oynayacak-2-300x182.jpg 300w, https:\/\/www.enerjigazetesi.ist\/wp-content\/uploads\/2022\/10\/videolu-madenler-temiz-enerjiye-geciste-cok-onemli-rol-oynayacak-2-500x303.jpg 500w, https:\/\/www.enerjigazetesi.ist\/wp-content\/uploads\/2022\/10\/videolu-madenler-temiz-enerjiye-geciste-cok-onemli-rol-oynayacak-2-80x48.jpg 80w\" sizes=\"(max-width: 550px) 100vw, 550px\" \/><\/strong><\/p>\n<p>A\u00e7\u0131l\u0131\u015f\u0131n\u0131 <strong>T\u00fcrkiye \u0130MSAD Y\u00f6netim Kurulu Ba\u015fkan Vekili F. Fethi Hinginar&#8217;\u0131n,\u00a0 <\/strong>moderat\u00f6rl\u00fc\u011f\u00fcn\u00fc<strong>\u00a0T\u00fcrkiye \u0130MSAD Ba\u015fkan Vekili Ferdi Erdo\u011fan<\/strong>\u2019\u0131n yapt\u0131\u011f\u0131 <strong>&#8216;Ye\u015fil Mutabakat veMadenlerimiz&#8217;\u00a0<\/strong>ba\u015fl\u0131kl\u0131 toplant\u0131da, <strong>\u0130M\u0130B (\u0130stanbul Maden \u0130hracat\u00e7\u0131lar\u0131 Birli\u011fi) Y\u00f6netim Kurulu ve T\u0130M (T\u00fcrkiye \u0130hracat\u00e7\u0131lar Meclisi) Maden Sekt\u00f6r Kurulu Ba\u015fkan\u0131 R\u00fcstem\u00a0 \u00c7etinkaya <\/strong>de\u011ferlendirmelerini payla\u015ft\u0131.<\/p>\n<p>Toplant\u0131n\u0131n a\u00e7\u0131l\u0131\u015f konu\u015fmas\u0131n\u0131 yapan<strong>\u00a0T\u00fcrkiye \u0130MSAD Y\u00f6netim Kurulu Ba\u015fkan Vekili F. Fethi Hinginar<\/strong>,\u00a0<em>\u201cMadenler bak\u0131m\u0131ndan zengin olan \u00fclkemizde madencilik geli\u015fmi\u015f sanayi kollar\u0131ndan biri olarak \u00f6ne \u00e7\u0131k\u0131yor. Ayr\u0131ca baz\u0131 madenler bak\u0131m\u0131ndan d\u00fcnyan\u0131n \u00f6nemli \u00fclkeleri aras\u0131nda yer al\u0131yoruz. T\u00fcrkiye, d\u00fcnyada bulunan<strong> 90<\/strong> maden tipinden <strong>80\u2019ine<\/strong> sahip. Y\u0131l\u0131n ilk 9 ay\u0131nda \u00fclkemizin 81 ilinden <strong>madencilik \u00fcr\u00fcnleri<\/strong> ihra\u00e7 edildi. Bu rakam bizlere \u00fclkemizin hemen her b\u00f6lgesinin zenginli\u011fini g\u00f6steriyor. \u00dclkemizin bu potansiyelini en do\u011fru \u015fekilde nas\u0131l kullanabilece\u011fimiz ve s\u00fcrd\u00fcr\u00fclebilir b\u00fcy\u00fcmeye katk\u0131s\u0131n\u0131 nas\u0131l sa\u011flayabilece\u011fimiz konular\u0131nda kendimizi geli\u015ftirmeliyiz. \u0130n\u015faat malzemeleri sanayisinin hem hammadde hem de enerji ihtiyac\u0131n\u0131 kar\u015f\u0131layan <strong>madenleri<\/strong> ve <strong>madencili\u011fi<\/strong> kritik \u00f6nemde g\u00f6r\u00fcyoruz\u201d<\/em> dedi.<\/p>\n<p>Bart\u0131n&#8217;\u0131n Amasra il\u00e7esinde maden oca\u011f\u0131nda meydana gelen <strong>grizu patlamas\u0131ndaki<\/strong> can kay\u0131plar\u0131ndan dolay\u0131 \u00fcz\u00fcnt\u00fclerini dile getiren <strong>T\u00fcrkiye \u0130MSAD Y\u00f6netim Kurulu Ba\u015fkan Vekili F. Fethi Hinginar<\/strong>, ba\u015f sa\u011fl\u0131\u011f\u0131 dileklerini payla\u015ft\u0131.<\/p>\n<h3><strong>Madencili\u011fi g\u00fcvenli hale getirmek m\u00fcmk\u00fcn<\/strong><\/h3>\n<p>Toplant\u0131n\u0131n moderat\u00f6r\u00fc<strong>\u00a0T\u00fcrkiye \u0130MSAD Ba\u015fkan Vekili Ferdi Erdo\u011fan\u00a0<\/strong>ise maden ve madencilik konusunun \u00fclkemizin rekabet g\u00fcc\u00fc a\u00e7\u0131s\u0131ndan kritik \u00f6neme sahip oldu\u011funu vurgulad\u0131.<\/p>\n<p>Madencilik faaliyetleri s\u0131ras\u0131nda g\u00fcvenlik \u00f6nlemlerinin, uyar\u0131 sistemlerinin do\u011fru \u015fekilde al\u0131nmas\u0131, kullan\u0131lmas\u0131 ve kontrollerin d\u00fczenli olarak yap\u0131lmas\u0131 durumunda maden kazalar\u0131n\u0131n engellenebilece\u011fini s\u00f6yleyen <strong>Ferdi Erdo\u011fan<\/strong>,\u00a0<em>\u201cmadenler tehlikeli, \u00e7evreye zarar veriyor, kapatal\u0131m ve ba\u015fka kaynaklara y\u00f6nelelim\u201d gibi bir durumun m\u00fcmk\u00fcn ve ger\u00e7ek\u00e7i olmad\u0131\u011f\u0131n\u0131n alt\u0131n\u0131 \u00e7izdi. <strong>Ferdi Erdo\u011fan<\/strong>,\u00a0 \u201c<strong>Madenleri<\/strong> do\u011fru \u015fekilde \u00e7\u0131kartarak <strong>\u00fclkemize kazand\u0131rmal\u0131y\u0131z<\/strong>. Bug\u00fcn g\u00fcnl\u00fck hayatta kulland\u0131\u011f\u0131m\u0131z her malzeme; cep telefonlar\u0131ndan di\u011fer teknoloji aletlerine kadar hemen hemen t\u00fcm \u00fcr\u00fcnler, bu madenler olmadan \u00fcretilemez. Madenlerimizi <strong>yok saymak yerine geli\u015ftirmek i\u00e7in<\/strong> \u00e7al\u0131\u015fmal\u0131y\u0131z\u201d<\/em> de\u011ferlendirmesini yapt\u0131.<\/p>\n<p><strong>Ferdi Erdo\u011fan<\/strong>, Avrupa Birli\u011fi\u2019nin Ye\u015fil Mutabakat\u2019\u0131 \u00f6ne s\u00fcrerken di\u011fer taraftan da yeralt\u0131 fosil yak\u0131tlar\u0131 kullanmaya devam etti\u011fini ve k\u00f6m\u00fcr dahil t\u00fcm fosil rezervlerini bitene kadar kullanmak y\u00f6n\u00fcnde ad\u0131mlar att\u0131klar\u0131n\u0131, ancak <strong>enerji yo\u011fun \u00fcretilen \u00fcr\u00fcnlerin<\/strong> ithalat\u0131nda <strong>s\u0131n\u0131rda karbon vergisi uygulama planlar\u0131<\/strong> ile <strong>g\u00fcmr\u00fck engeli yaratmaya<\/strong> \u00e7al\u0131\u015ft\u0131klar\u0131n\u0131 vurgulad\u0131.<\/p>\n<h3><strong>&#8220;Madencilikte insan ve \u00e7evre ile ili\u015fkilerimizi \u015feffaf olarak y\u00f6netmeliyiz&#8221;<\/strong><\/h3>\n<p>T\u00fcrkiye\u2019nin madenler a\u00e7\u0131s\u0131ndan olduk\u00e7a zengin oldu\u011funu belirten <strong>\u0130M\u0130B (\u0130stanbul Maden \u0130hracat\u00e7\u0131lar\u0131 Birli\u011fi) Y\u00f6netim Kurulu ve T\u0130M (T\u00fcrkiye \u0130hracat\u00e7\u0131lar Meclisi) Maden Sekt\u00f6r Kurulu Ba\u015fkan\u0131 R\u00fcstem\u00a0\u00c7etinkaya<\/strong>, T\u00fcrkiye\u2019nin Hindistan\u2019dan sonra d\u00fcnyan\u0131n en\u00a0\u00e7ok yast\u0131k alt\u0131 alt\u0131n bulunduran \u00fclkesi oldu\u011funu, AB i\u00e7inde en fazla alt\u0131n \u00fcretimi ger\u00e7ekle\u015ftiren \u00fclke oldu\u011funu ve buna ra\u011fmen hala alt\u0131n ithal etti\u011fini belirtti.<\/p>\n<p>D\u00fcnyadaki iyi madencilik \u00f6rneklerini payla\u015fan <strong>R\u00fcstem\u00a0\u00c7etinkaya<\/strong>, \u00fclkemizde de madencilik anlam\u0131nda \u00f6nemli mesafeler kat edildi\u011fini,\u00a0<strong>\u00c7ED kararlar\u0131n\u0131n<\/strong> uzun ve titiz bir s\u00fcrecin ard\u0131ndan <strong>a\u015famal\u0131 olarak al\u0131nd\u0131\u011f\u0131n\u0131<\/strong> vurgulad\u0131. <strong>R\u00fcstem\u00a0\u00c7etinkaya<\/strong>,<em>\u00a0\u201cMadencilikte <strong>insan<\/strong> ve<strong> \u00e7evre<\/strong> ile ili\u015fkilerimizi \u015feffaf olarak y\u00f6netmeliyiz. \u00d6nce insan dedi\u011fimiz yerde <strong>\u2018s\u0131f\u0131r can kayb\u0131\u2019<\/strong> \u015fart olmal\u0131. Can kayb\u0131n\u0131n say\u0131s\u0131 olmaz\u201d<\/em> \u015feklinde konu\u015ftu.<\/p>\n<p><strong>Denizli, \u015eile,\u00a0\u0130zmir<\/strong> gibi b\u00f6lgelerden madencilik faaliyetleri sonras\u0131nda <strong>yap\u0131lan rehabilitasyon \u00f6rneklerini<\/strong> payla\u015fan <strong>R\u00fcstem\u00a0\u00c7etinkaya<\/strong>, bu \u00f6rneklerin yayg\u0131nla\u015ft\u0131r\u0131lmas\u0131 i\u00e7in \u00e7al\u0131\u015ft\u0131klar\u0131n\u0131 s\u00f6yledi.<\/p>\n<p>Sunumunda d\u00fcnyadaki iyi madencilik \u00f6rneklerine de yer veren <strong>R\u00fcstem\u00a0\u00c7etinkaya<\/strong>,\u00a0\u201cYa\u015fam alanlar\u0131na \u00e7ok yak\u0131n aktif maden sahalar\u0131 bulunuyor ve <strong>\u00e7ok iyi denetleme mekanizmalar\u0131<\/strong> ile bu faaliyetlerini y\u00fcr\u00fctebiliyorlar. \u00dclkemizde de <strong>denetim s\u00fcre\u00e7leri<\/strong> san\u0131lan\u0131n aksine olduk\u00e7a g\u00fc\u00e7lendi. Burada madencili\u011fi iyi yapanlarla k\u00f6t\u00fc yapanlar\u0131, <strong>s\u0131k\u0131la\u015ft\u0131r\u0131lm\u0131\u015f \u015feffaf denetim mekanizmalar\u0131yla<\/strong> birbirinden ay\u0131rmal\u0131, k\u00f6t\u00fc yapan\u0131 cezaland\u0131rmal\u0131y\u0131z. \u00dclkemizde \u00e7ok iyi, \u00f6rnek olabilecek <strong>madencilik faaliyeti<\/strong> y\u00fcr\u00fct\u00fclen alanlar var\u201d ifadelerini kulland\u0131.<\/p>\n<p>T\u00fcrkiye\u2019de bilinenin aksine her yerde madencilik yap\u0131lamad\u0131\u011f\u0131n\u0131n alt\u0131n\u0131 \u00e7izen\u00a0<strong>R\u00fcstem \u00c7etinkaya<\/strong>,<\/p>\n<p><em>\u201cToplam <strong>22,9 milyon hektarl\u0131k<\/strong> alan\u0131n yakla\u015f\u0131k <strong>10 milyon hektarl\u0131k<\/strong> k\u0131sm\u0131 madencili\u011fe kapal\u0131 olup bu alanlarda herhangi bir<strong> madencilik faaliyeti<\/strong> yap\u0131lmamaktad\u0131r. T\u00fcrkiye\u2019de<strong> 101 bin hektar<\/strong> alan madenlere ruhsatl\u0131d\u0131r. Yani orman alanlar\u0131n\u0131n<strong> binde 4\u2019\u00fcn\u00fc<\/strong> madenler kullanmaktad\u0131r. Bu oran\u0131n yar\u0131s\u0131na yak\u0131n\u0131\u00a0orman stat\u00fcs\u00fcnde ancak orman vasf\u0131nda de\u011fil\u201d<\/em> bilgisini payla\u015ft\u0131.<\/p>\n<p>Madenlerin \u00e7ok geni\u015f kullan\u0131m alan\u0131 oldu\u011funu s\u00f6yleyen <strong>R\u00fcstem\u00a0\u00c7etinkaya<\/strong>, in\u015faat sekt\u00f6r\u00fcnde madenlerden \u00fcretilen in\u015faat malzemelerinin <strong>metalik boru aksam\u0131ndan ayd\u0131nlatma ara\u00e7 gere\u00e7lerine, betondan serami\u011fe, yal\u0131t\u0131m malzemelerinden in\u015faat alet ve makinelerine<\/strong> kadar <strong>26 ba\u015fl\u0131kta<\/strong> toplanabilece\u011fini s\u00f6yledi.<\/p>\n<p>\u00c7etinkaya, d\u00fcnyaya gelen bir insan\u0131n yakla\u015f\u0131k<strong> 79 y\u0131ll\u0131k<\/strong> \u00f6mr\u00fc boyunca ortalama olarak <strong>1418 ton madene<\/strong> <strong>ihtiya\u00e7 duydu\u011fu<\/strong> bilgisini verdi.<\/p>\n<p><strong>Uluslararas\u0131 Enerji Ajans\u0131\u2019n\u0131n (IEA)<\/strong> raporuna g\u00f6re 2050 y\u0131l\u0131<strong> s\u0131f\u0131r emisyon hedefinde<\/strong> kritik minerallerin anahtar rol oynayaca\u011f\u0131n\u0131 s\u00f6yleyen <strong>R\u00fcstem\u00a0\u00c7etinkaya<\/strong>,<em> &#8220;<strong>Lityum, kobalt, bak\u0131r ve nikel<\/strong> gibi madencilik \u00fcr\u00fcnleri, <strong>d\u00fcnyan\u0131n gelecekteki temiz enerji sistemlerinin<\/strong> \u00f6nemli bir malzemesi olacak. Daha fazla elektrikli ara\u00e7 kullan\u0131m\u0131, solar enerji panelleri ve r\u00fczgar t\u00fcrbinlerinin artmas\u0131yla birlikte <strong>lityum talebinin<\/strong> bug\u00fcne oranla<strong> 42<\/strong> kat, kobalt talebinin<strong> 21<\/strong> kat, nikel talebinin ise <strong>19 kat<\/strong> artaca\u011f\u0131 hesaplan\u0131yor. <strong>Madenler olmadan ye\u015fil d\u00f6n\u00fc\u015f\u00fcm<\/strong> m\u00fcmk\u00fcn g\u00f6r\u00fcnm\u00fcyor\u201d<\/em> dedi.<\/p>\n<p><strong>53. T\u00fcrkiye \u0130MSAD G\u00fcndem Bulu\u015fmalar\u0131\u2019n\u0131n <\/strong>tamam\u0131n\u0131 a\u015fa\u011f\u0131dan izleyebilirsiniz.<\/p>\n<p style=\"text-align: center;\"><iframe loading=\"lazy\" title=\"YouTube video player\" src=\"https:\/\/www.youtube.com\/embed\/OdHTG-kwc5w\" width=\"560\" height=\"315\" frameborder=\"0\" allowfullscreen=\"allowfullscreen\"><\/iframe><\/p>\n<p><\/p>","protected":false},"excerpt":{"rendered":"<p>Sorry, this entry is only available in Turkish. For the sake of viewer convenience, the content is shown below in the alternative language. You may click the link to switch the active language. 53. T\u00fcrkiye \u0130MSAD G\u00fcndem Bulu\u015fmalar\u0131\u2019nda enerji arz g\u00fcvenli\u011fiyle birlikte son aylarda \u00f6ne \u00e7\u0131kan madencilik faaliyetleri, AB Ye\u015fil Mutabakat \u00e7er\u00e7evesinde ele al\u0131nd\u0131. &#8216;Ye\u015fil [&hellip;]<\/p>\n","protected":false},"author":1,"featured_media":161899,"comment_status":"open","ping_status":"open","sticky":false,"template":"","format":"standard","meta":[],"categories":[53,24649],"tags":[88541,16908,36128,105788],"views":47,"_links":{"self":[{"href":"https:\/\/www.enerjigazetesi.ist\/en\/wp-json\/wp\/v2\/posts\/161892"}],"collection":[{"href":"https:\/\/www.enerjigazetesi.ist\/en\/wp-json\/wp\/v2\/posts"}],"about":[{"href":"https:\/\/www.enerjigazetesi.ist\/en\/wp-json\/wp\/v2\/types\/post"}],"author":[{"embeddable":true,"href":"https:\/\/www.enerjigazetesi.ist\/en\/wp-json\/wp\/v2\/users\/1"}],"replies":[{"embeddable":true,"href":"https:\/\/www.enerjigazetesi.ist\/en\/wp-json\/wp\/v2\/comments?post=161892"}],"version-history":[{"count":1,"href":"https:\/\/www.enerjigazetesi.ist\/en\/wp-json\/wp\/v2\/posts\/161892\/revisions"}],"predecessor-version":[{"id":161893,"href":"https:\/\/www.enerjigazetesi.ist\/en\/wp-json\/wp\/v2\/posts\/161892\/revisions\/161893"}],"wp:featuredmedia":[{"embeddable":true,"href":"https:\/\/www.enerjigazetesi.ist\/en\/wp-json\/wp\/v2\/media\/161899"}],"wp:attachment":[{"href":"https:\/\/www.enerjigazetesi.ist\/en\/wp-json\/wp\/v2\/media?parent=161892"}],"wp:term":[{"taxonomy":"category","embeddable":true,"href":"https:\/\/www.enerjigazetesi.ist\/en\/wp-json\/wp\/v2\/categories?post=161892"},{"taxonomy":"post_tag","embeddable":true,"href":"https:\/\/www.enerjigazetesi.ist\/en\/wp-json\/wp\/v2\/tags?post=161892"}],"curies":[{"name":"wp","href":"https:\/\/api.w.org\/{rel}","templated":true}]}}